{"id":531,"date":"2025-03-13T21:02:13","date_gmt":"2025-03-13T19:02:13","guid":{"rendered":"\/bastida2025\/?p=531"},"modified":"2025-03-13T21:02:13","modified_gmt":"2025-03-13T19:02:13","slug":"ens-retrobem","status":"publish","type":"post","link":"\/bastida2025\/ens-retrobem\/","title":{"rendered":"Ens retrobem"},"content":{"rendered":"\n<p class=\"wp-block-paragraph\">Per continuar avan\u00e7ant en el projecte, hem fet una <strong>aturada<\/strong> per dedicar temps a <strong>con\u00e8ixer-nos millor<\/strong> entre alumnat, professorat i artista. L\u2019objectiu \u00e9s trobar <strong>sinergies<\/strong> i establir vincles que ens permetin treballar de manera m\u00e9s fluida i col\u00b7laborativa.<\/p>\n\n\n\n<p class=\"wp-block-paragraph\">Durant aquestes sessions, hem dut a terme <strong>diferents din\u00e0miques<\/strong> basades en l\u2019<strong>escala de la provenci\u00f3<\/strong>, aix\u00ed com <strong>entrevistes individuals i en grups redu\u00efts<\/strong>. Aquest espai ens ha perm\u00e8s compartir inquietuds, expectatives i visions sobre el proc\u00e9s creatiu, tot fomentant un ambient de <strong>confian\u00e7a i escolta activa<\/strong>.<\/p>\n\n\n\n<figure class=\"wp-block-gallery has-nested-images columns-default is-cropped wp-block-gallery-1 is-layout-flex wp-block-gallery-is-layout-flex\">\n<figure class=\"wp-block-image size-large\"><img loading=\"lazy\" decoding=\"async\" width=\"1024\" height=\"768\" data-id=\"533\" src=\"\/bastida2025\/wp-content\/uploads\/2025\/03\/1741329666482-1024x768.jpg\" alt=\"\" class=\"wp-image-533\" srcset=\"\/bastida2025\/wp-content\/uploads\/2025\/03\/1741329666482-1024x768.jpg 1024w, \/bastida2025\/wp-content\/uploads\/2025\/03\/1741329666482-300x225.jpg 300w, \/bastida2025\/wp-content\/uploads\/2025\/03\/1741329666482-768x576.jpg 768w, \/bastida2025\/wp-content\/uploads\/2025\/03\/1741329666482-1536x1152.jpg 1536w, \/bastida2025\/wp-content\/uploads\/2025\/03\/1741329666482-2048x1536.jpg 2048w\" sizes=\"auto, (max-width: 767px) 89vw, (max-width: 1000px) 54vw, (max-width: 1071px) 543px, 580px\" \/><\/figure>\n\n\n\n<figure class=\"wp-block-image size-large\"><img loading=\"lazy\" decoding=\"async\" width=\"1024\" height=\"768\" data-id=\"532\" src=\"\/bastida2025\/wp-content\/uploads\/2025\/03\/1741329666473-1024x768.jpg\" alt=\"\" class=\"wp-image-532\" srcset=\"\/bastida2025\/wp-content\/uploads\/2025\/03\/1741329666473-1024x768.jpg 1024w, \/bastida2025\/wp-content\/uploads\/2025\/03\/1741329666473-300x225.jpg 300w, \/bastida2025\/wp-content\/uploads\/2025\/03\/1741329666473-768x576.jpg 768w, \/bastida2025\/wp-content\/uploads\/2025\/03\/1741329666473-1536x1152.jpg 1536w, \/bastida2025\/wp-content\/uploads\/2025\/03\/1741329666473-2048x1536.jpg 2048w\" sizes=\"auto, (max-width: 767px) 89vw, (max-width: 1000px) 54vw, (max-width: 1071px) 543px, 580px\" \/><\/figure>\n\n\n\n<figure class=\"wp-block-image size-large\"><img loading=\"lazy\" decoding=\"async\" width=\"1024\" height=\"768\" data-id=\"534\" src=\"\/bastida2025\/wp-content\/uploads\/2025\/03\/1741329666486-1024x768.jpg\" alt=\"\" class=\"wp-image-534\" srcset=\"\/bastida2025\/wp-content\/uploads\/2025\/03\/1741329666486-1024x768.jpg 1024w, \/bastida2025\/wp-content\/uploads\/2025\/03\/1741329666486-300x225.jpg 300w, \/bastida2025\/wp-content\/uploads\/2025\/03\/1741329666486-768x576.jpg 768w, \/bastida2025\/wp-content\/uploads\/2025\/03\/1741329666486-1536x1152.jpg 1536w, \/bastida2025\/wp-content\/uploads\/2025\/03\/1741329666486-2048x1536.jpg 2048w\" sizes=\"auto, (max-width: 767px) 89vw, (max-width: 1000px) 54vw, (max-width: 1071px) 543px, 580px\" \/><\/figure>\n<\/figure>\n","protected":false},"excerpt":{"rendered":"<p>Per continuar avan\u00e7ant en el projecte, hem fet una aturada per dedicar temps a con\u00e8ixer-nos millor entre alumnat, professorat i artista. L\u2019objectiu \u00e9s trobar sinergies i establir vincles que ens permetin treballar de manera m\u00e9s fluida i col\u00b7laborativa. Durant aquestes sessions, hem dut a terme diferents din\u00e0miques basades en l\u2019escala de la provenci\u00f3, aix\u00ed com &hellip; <\/p>\n<p class=\"link-more\"><a href=\"\/bastida2025\/ens-retrobem\/\" class=\"more-link\">Continua llegint <span class=\"screen-reader-text\">\u00abEns retrobem\u00bb<\/span><\/a><\/p>\n","protected":false},"author":15,"featured_media":0,"comment_status":"open","ping_status":"open","sticky":false,"template":"","format":"standard","meta":{"footnotes":""},"categories":[1],"tags":[],"class_list":["post-531","post","type-post","status-publish","format-standard","hentry","category-general"],"_links":{"self":[{"href":"\/bastida2025\/wp-json\/wp\/v2\/posts\/531","targetHints":{"allow":["GET"]}}],"collection":[{"href":"\/bastida2025\/wp-json\/wp\/v2\/posts"}],"about":[{"href":"\/bastida2025\/wp-json\/wp\/v2\/types\/post"}],"author":[{"embeddable":true,"href":"\/bastida2025\/wp-json\/wp\/v2\/users\/15"}],"replies":[{"embeddable":true,"href":"\/bastida2025\/wp-json\/wp\/v2\/comments?post=531"}],"version-history":[{"count":1,"href":"\/bastida2025\/wp-json\/wp\/v2\/posts\/531\/revisions"}],"predecessor-version":[{"id":535,"href":"\/bastida2025\/wp-json\/wp\/v2\/posts\/531\/revisions\/535"}],"wp:attachment":[{"href":"\/bastida2025\/wp-json\/wp\/v2\/media?parent=531"}],"wp:term":[{"taxonomy":"category","embeddable":true,"href":"\/bastida2025\/wp-json\/wp\/v2\/categories?post=531"},{"taxonomy":"post_tag","embeddable":true,"href":"\/bastida2025\/wp-json\/wp\/v2\/tags?post=531"}],"curies":[{"name":"wp","href":"https:\/\/api.w.org\/{rel}","templated":true}]}}