{"id":547,"date":"2025-04-24T16:35:04","date_gmt":"2025-04-24T14:35:04","guid":{"rendered":"\/bastida2025\/?p=547"},"modified":"2025-04-24T16:35:04","modified_gmt":"2025-04-24T14:35:04","slug":"preparem-la-mostra-final","status":"publish","type":"post","link":"\/bastida2025\/preparem-la-mostra-final\/","title":{"rendered":"Preparem la mostra final"},"content":{"rendered":"\n<p class=\"wp-block-paragraph\">Avui hem fet els darrers assajos abans de la mostra final amb en Toni Mira. Hem posat en com\u00fa les sensacions que ens desperta el projecte, hem comen\u00e7at a pensar un possible t\u00edtol i hem revisat el temps de qu\u00e8 disposem per l\u2019exposici\u00f3. Cada cop ho tenim m\u00e9s a prop!<\/p>\n\n\n\n<figure class=\"wp-block-gallery has-nested-images columns-default is-cropped wp-block-gallery-1 is-layout-flex wp-block-gallery-is-layout-flex\">\n<figure class=\"wp-block-image size-large\"><img loading=\"lazy\" decoding=\"async\" width=\"1024\" height=\"768\" data-id=\"548\" src=\"\/bastida2025\/wp-content\/uploads\/2025\/04\/1745496914410-1024x768.jpg\" alt=\"\" class=\"wp-image-548\" srcset=\"\/bastida2025\/wp-content\/uploads\/2025\/04\/1745496914410-1024x768.jpg 1024w, \/bastida2025\/wp-content\/uploads\/2025\/04\/1745496914410-300x225.jpg 300w, \/bastida2025\/wp-content\/uploads\/2025\/04\/1745496914410-768x576.jpg 768w, \/bastida2025\/wp-content\/uploads\/2025\/04\/1745496914410-1536x1152.jpg 1536w, \/bastida2025\/wp-content\/uploads\/2025\/04\/1745496914410-2048x1536.jpg 2048w\" sizes=\"auto, (max-width: 767px) 89vw, (max-width: 1000px) 54vw, (max-width: 1071px) 543px, 580px\" \/><\/figure>\n\n\n\n<figure class=\"wp-block-image size-large\"><img loading=\"lazy\" decoding=\"async\" width=\"1024\" height=\"768\" data-id=\"549\" src=\"\/bastida2025\/wp-content\/uploads\/2025\/04\/1745496914418-1024x768.jpg\" alt=\"\" class=\"wp-image-549\" srcset=\"\/bastida2025\/wp-content\/uploads\/2025\/04\/1745496914418-1024x768.jpg 1024w, \/bastida2025\/wp-content\/uploads\/2025\/04\/1745496914418-300x225.jpg 300w, \/bastida2025\/wp-content\/uploads\/2025\/04\/1745496914418-768x576.jpg 768w, \/bastida2025\/wp-content\/uploads\/2025\/04\/1745496914418-1536x1152.jpg 1536w, \/bastida2025\/wp-content\/uploads\/2025\/04\/1745496914418-2048x1536.jpg 2048w\" sizes=\"auto, (max-width: 767px) 89vw, (max-width: 1000px) 54vw, (max-width: 1071px) 543px, 580px\" \/><\/figure>\n<\/figure>\n","protected":false},"excerpt":{"rendered":"<p>Avui hem fet els darrers assajos abans de la mostra final amb en Toni Mira. Hem posat en com\u00fa les sensacions que ens desperta el projecte, hem comen\u00e7at a pensar un possible t\u00edtol i hem revisat el temps de qu\u00e8 disposem per l\u2019exposici\u00f3. Cada cop ho tenim m\u00e9s a prop!<\/p>\n","protected":false},"author":15,"featured_media":0,"comment_status":"open","ping_status":"open","sticky":false,"template":"","format":"standard","meta":{"footnotes":""},"categories":[1],"tags":[],"class_list":["post-547","post","type-post","status-publish","format-standard","hentry","category-general"],"_links":{"self":[{"href":"\/bastida2025\/wp-json\/wp\/v2\/posts\/547","targetHints":{"allow":["GET"]}}],"collection":[{"href":"\/bastida2025\/wp-json\/wp\/v2\/posts"}],"about":[{"href":"\/bastida2025\/wp-json\/wp\/v2\/types\/post"}],"author":[{"embeddable":true,"href":"\/bastida2025\/wp-json\/wp\/v2\/users\/15"}],"replies":[{"embeddable":true,"href":"\/bastida2025\/wp-json\/wp\/v2\/comments?post=547"}],"version-history":[{"count":1,"href":"\/bastida2025\/wp-json\/wp\/v2\/posts\/547\/revisions"}],"predecessor-version":[{"id":550,"href":"\/bastida2025\/wp-json\/wp\/v2\/posts\/547\/revisions\/550"}],"wp:attachment":[{"href":"\/bastida2025\/wp-json\/wp\/v2\/media?parent=547"}],"wp:term":[{"taxonomy":"category","embeddable":true,"href":"\/bastida2025\/wp-json\/wp\/v2\/categories?post=547"},{"taxonomy":"post_tag","embeddable":true,"href":"\/bastida2025\/wp-json\/wp\/v2\/tags?post=547"}],"curies":[{"name":"wp","href":"https:\/\/api.w.org\/{rel}","templated":true}]}}