{"id":555,"date":"2025-05-27T16:47:15","date_gmt":"2025-05-27T14:47:15","guid":{"rendered":"\/bastida2025\/?p=555"},"modified":"2025-05-27T16:47:15","modified_gmt":"2025-05-27T14:47:15","slug":"un-cor-de-gestos","status":"publish","type":"post","link":"\/bastida2025\/un-cor-de-gestos\/","title":{"rendered":"UN COR DE GESTOS"},"content":{"rendered":"\n<p class=\"wp-block-paragraph\">El passat 15 de maig, l\u2019alumnat de 3r d\u2019ESO que participa al projecte <em>En Resid\u00e8ncia<\/em> va presentar la pe\u00e7a <em>Un cor de gestos<\/em>, una performance coreogr\u00e0fica creada conjuntament amb el core\u00f2graf Toni Mira. L\u2019espai escollit van ser els Jardins de l\u2019Auditori Can Roig i Torres de Santa Coloma de Gramenet, i per a molts va ser la primera vegada que actuaven en un espai exterior, davant de p\u00fablic. Els nervis hi eren, per\u00f2 tamb\u00e9 les ganes de compartir tot all\u00f2 que havien anat construint al llarg del curs.<\/p>\n\n\n\n<figure class=\"wp-block-gallery has-nested-images columns-default is-cropped wp-block-gallery-1 is-layout-flex wp-block-gallery-is-layout-flex\">\n<figure class=\"wp-block-image size-large\"><img loading=\"lazy\" decoding=\"async\" width=\"1024\" height=\"768\" data-id=\"556\" src=\"\/bastida2025\/wp-content\/uploads\/2025\/05\/Imagen-de-WhatsApp-2025-05-15-a-las-20.04.07_4f8bfabb-1024x768.jpg\" alt=\"\" class=\"wp-image-556\" srcset=\"\/bastida2025\/wp-content\/uploads\/2025\/05\/Imagen-de-WhatsApp-2025-05-15-a-las-20.04.07_4f8bfabb-1024x768.jpg 1024w, \/bastida2025\/wp-content\/uploads\/2025\/05\/Imagen-de-WhatsApp-2025-05-15-a-las-20.04.07_4f8bfabb-300x225.jpg 300w, \/bastida2025\/wp-content\/uploads\/2025\/05\/Imagen-de-WhatsApp-2025-05-15-a-las-20.04.07_4f8bfabb-768x576.jpg 768w, \/bastida2025\/wp-content\/uploads\/2025\/05\/Imagen-de-WhatsApp-2025-05-15-a-las-20.04.07_4f8bfabb-1536x1152.jpg 1536w, \/bastida2025\/wp-content\/uploads\/2025\/05\/Imagen-de-WhatsApp-2025-05-15-a-las-20.04.07_4f8bfabb.jpg 2048w\" sizes=\"auto, (max-width: 767px) 89vw, (max-width: 1000px) 54vw, (max-width: 1071px) 543px, 580px\" \/><\/figure>\n\n\n\n<figure class=\"wp-block-image size-large\"><img loading=\"lazy\" decoding=\"async\" width=\"1024\" height=\"768\" data-id=\"558\" src=\"\/bastida2025\/wp-content\/uploads\/2025\/05\/Imagen-de-WhatsApp-2025-05-15-a-las-20.03.21_59566c6b-1024x768.jpg\" alt=\"\" class=\"wp-image-558\" srcset=\"\/bastida2025\/wp-content\/uploads\/2025\/05\/Imagen-de-WhatsApp-2025-05-15-a-las-20.03.21_59566c6b-1024x768.jpg 1024w, \/bastida2025\/wp-content\/uploads\/2025\/05\/Imagen-de-WhatsApp-2025-05-15-a-las-20.03.21_59566c6b-300x225.jpg 300w, \/bastida2025\/wp-content\/uploads\/2025\/05\/Imagen-de-WhatsApp-2025-05-15-a-las-20.03.21_59566c6b-768x576.jpg 768w, \/bastida2025\/wp-content\/uploads\/2025\/05\/Imagen-de-WhatsApp-2025-05-15-a-las-20.03.21_59566c6b-1536x1152.jpg 1536w, \/bastida2025\/wp-content\/uploads\/2025\/05\/Imagen-de-WhatsApp-2025-05-15-a-las-20.03.21_59566c6b.jpg 2048w\" sizes=\"auto, (max-width: 767px) 89vw, (max-width: 1000px) 54vw, (max-width: 1071px) 543px, 580px\" \/><\/figure>\n\n\n\n<figure class=\"wp-block-image size-large\"><img loading=\"lazy\" decoding=\"async\" width=\"1024\" height=\"768\" data-id=\"557\" src=\"\/bastida2025\/wp-content\/uploads\/2025\/05\/Imagen-de-WhatsApp-2025-05-15-a-las-20.02.41_a7776024-1024x768.jpg\" alt=\"\" class=\"wp-image-557\" srcset=\"\/bastida2025\/wp-content\/uploads\/2025\/05\/Imagen-de-WhatsApp-2025-05-15-a-las-20.02.41_a7776024-1024x768.jpg 1024w, \/bastida2025\/wp-content\/uploads\/2025\/05\/Imagen-de-WhatsApp-2025-05-15-a-las-20.02.41_a7776024-300x225.jpg 300w, \/bastida2025\/wp-content\/uploads\/2025\/05\/Imagen-de-WhatsApp-2025-05-15-a-las-20.02.41_a7776024-768x576.jpg 768w, \/bastida2025\/wp-content\/uploads\/2025\/05\/Imagen-de-WhatsApp-2025-05-15-a-las-20.02.41_a7776024-1536x1152.jpg 1536w, \/bastida2025\/wp-content\/uploads\/2025\/05\/Imagen-de-WhatsApp-2025-05-15-a-las-20.02.41_a7776024.jpg 2048w\" sizes=\"auto, (max-width: 767px) 89vw, (max-width: 1000px) 54vw, (max-width: 1071px) 543px, 580px\" \/><\/figure>\n<\/figure>\n\n\n\n<p class=\"wp-block-paragraph\">La mostra va ser el resultat d\u2019un proc\u00e9s intens i creatiu on hem anat descobrint com es pot expressar una emoci\u00f3 amb un gest, com els espais que habitem transformen els nostres moviments i com el grup esdev\u00e9 fonamental per sentir-nos segurs i lliures a l\u2019hora de crear.<\/p>\n\n\n\n<p class=\"wp-block-paragraph\">Amb aquesta pe\u00e7a, l\u2019alumnat va explorar el ritme, les tensions, les direccions del moviment i la seva relaci\u00f3 amb l\u2019arquitectura i els altres cossos. Un treball f\u00edsic i po\u00e8tic alhora, que ha posat en joc la sensibilitat, la coordinaci\u00f3 i el respecte mutu.<\/p>\n\n\n\n<p class=\"wp-block-paragraph\">Tot plegat ha estat possible gr\u00e0cies a la complicitat del Toni Mira, que ens ha acompanyat amb paci\u00e8ncia i entusiasme durant tot el curs, i al marc del programa <em>Artistes EN RESiD\u00c8NCiA<\/em>, una iniciativa que porta la creaci\u00f3 contempor\u00e0nia a les aules.<\/p>\n\n\n\n<p class=\"wp-block-paragraph\">Una experi\u00e8ncia per recordar\u2026 i un pas m\u00e9s cap a noves formes d\u2019aprendre i expressar-nos.<\/p>\n","protected":false},"excerpt":{"rendered":"<p>El passat 15 de maig, l\u2019alumnat de 3r d\u2019ESO que participa al projecte En Resid\u00e8ncia va presentar la pe\u00e7a Un cor de gestos, una performance coreogr\u00e0fica creada conjuntament amb el core\u00f2graf Toni Mira. L\u2019espai escollit van ser els Jardins de l\u2019Auditori Can Roig i Torres de Santa Coloma de Gramenet, i per a molts va &hellip; <\/p>\n<p class=\"link-more\"><a href=\"\/bastida2025\/un-cor-de-gestos\/\" class=\"more-link\">Continua llegint <span class=\"screen-reader-text\">\u00abUN COR DE GESTOS\u00bb<\/span><\/a><\/p>\n","protected":false},"author":15,"featured_media":0,"comment_status":"open","ping_status":"open","sticky":false,"template":"","format":"standard","meta":{"footnotes":""},"categories":[1],"tags":[],"class_list":["post-555","post","type-post","status-publish","format-standard","hentry","category-general"],"_links":{"self":[{"href":"\/bastida2025\/wp-json\/wp\/v2\/posts\/555","targetHints":{"allow":["GET"]}}],"collection":[{"href":"\/bastida2025\/wp-json\/wp\/v2\/posts"}],"about":[{"href":"\/bastida2025\/wp-json\/wp\/v2\/types\/post"}],"author":[{"embeddable":true,"href":"\/bastida2025\/wp-json\/wp\/v2\/users\/15"}],"replies":[{"embeddable":true,"href":"\/bastida2025\/wp-json\/wp\/v2\/comments?post=555"}],"version-history":[{"count":1,"href":"\/bastida2025\/wp-json\/wp\/v2\/posts\/555\/revisions"}],"predecessor-version":[{"id":559,"href":"\/bastida2025\/wp-json\/wp\/v2\/posts\/555\/revisions\/559"}],"wp:attachment":[{"href":"\/bastida2025\/wp-json\/wp\/v2\/media?parent=555"}],"wp:term":[{"taxonomy":"category","embeddable":true,"href":"\/bastida2025\/wp-json\/wp\/v2\/categories?post=555"},{"taxonomy":"post_tag","embeddable":true,"href":"\/bastida2025\/wp-json\/wp\/v2\/tags?post=555"}],"curies":[{"name":"wp","href":"https:\/\/api.w.org\/{rel}","templated":true}]}}