{"id":561,"date":"2025-05-27T16:52:15","date_gmt":"2025-05-27T14:52:15","guid":{"rendered":"\/bastida2025\/?p=561"},"modified":"2025-05-27T16:52:15","modified_gmt":"2025-05-27T14:52:15","slug":"gracies-toni-ultim-dia-de-residencia","status":"publish","type":"post","link":"\/bastida2025\/gracies-toni-ultim-dia-de-residencia\/","title":{"rendered":"Gr\u00e0cies, Toni! \u00daltim dia de resid\u00e8ncia"},"content":{"rendered":"\n<p class=\"wp-block-paragraph\">L\u2019\u00faltim dia amb l\u2019artista va estar ple d\u2019emocions. Per acomiadar la resid\u00e8ncia, es va preparar una petita coreografia col\u00b7lectiva com a mostra d\u2019agra\u00efment pel temps compartit i tot el que s\u2019havia apr\u00e8s al llarg del curs.<\/p>\n\n\n\n<figure class=\"wp-block-gallery has-nested-images columns-default is-cropped wp-block-gallery-1 is-layout-flex wp-block-gallery-is-layout-flex\">\n<figure class=\"wp-block-image size-large\"><img loading=\"lazy\" decoding=\"async\" width=\"1024\" height=\"768\" data-id=\"564\" src=\"\/bastida2025\/wp-content\/uploads\/2025\/05\/1747679288254-1024x768.jpg\" alt=\"\" class=\"wp-image-564\" srcset=\"\/bastida2025\/wp-content\/uploads\/2025\/05\/1747679288254-1024x768.jpg 1024w, \/bastida2025\/wp-content\/uploads\/2025\/05\/1747679288254-300x225.jpg 300w, \/bastida2025\/wp-content\/uploads\/2025\/05\/1747679288254-768x576.jpg 768w, \/bastida2025\/wp-content\/uploads\/2025\/05\/1747679288254-1536x1152.jpg 1536w, \/bastida2025\/wp-content\/uploads\/2025\/05\/1747679288254-2048x1536.jpg 2048w\" sizes=\"auto, (max-width: 767px) 89vw, (max-width: 1000px) 54vw, (max-width: 1071px) 543px, 580px\" \/><\/figure>\n\n\n\n<figure class=\"wp-block-image size-large\"><img loading=\"lazy\" decoding=\"async\" width=\"1024\" height=\"768\" data-id=\"563\" src=\"\/bastida2025\/wp-content\/uploads\/2025\/05\/1747679288267-1024x768.jpg\" alt=\"\" class=\"wp-image-563\" srcset=\"\/bastida2025\/wp-content\/uploads\/2025\/05\/1747679288267-1024x768.jpg 1024w, \/bastida2025\/wp-content\/uploads\/2025\/05\/1747679288267-300x225.jpg 300w, \/bastida2025\/wp-content\/uploads\/2025\/05\/1747679288267-768x576.jpg 768w, \/bastida2025\/wp-content\/uploads\/2025\/05\/1747679288267-1536x1152.jpg 1536w, \/bastida2025\/wp-content\/uploads\/2025\/05\/1747679288267-2048x1536.jpg 2048w\" sizes=\"auto, (max-width: 767px) 89vw, (max-width: 1000px) 54vw, (max-width: 1071px) 543px, 580px\" \/><\/figure>\n\n\n\n<figure class=\"wp-block-image size-large\"><img loading=\"lazy\" decoding=\"async\" width=\"768\" height=\"1024\" data-id=\"562\" src=\"\/bastida2025\/wp-content\/uploads\/2025\/05\/1747679288273-768x1024.jpg\" alt=\"\" class=\"wp-image-562\" srcset=\"\/bastida2025\/wp-content\/uploads\/2025\/05\/1747679288273-768x1024.jpg 768w, \/bastida2025\/wp-content\/uploads\/2025\/05\/1747679288273-225x300.jpg 225w, \/bastida2025\/wp-content\/uploads\/2025\/05\/1747679288273-1152x1536.jpg 1152w, \/bastida2025\/wp-content\/uploads\/2025\/05\/1747679288273-1536x2048.jpg 1536w, \/bastida2025\/wp-content\/uploads\/2025\/05\/1747679288273-scaled.jpg 1920w\" sizes=\"auto, (max-width: 767px) 89vw, (max-width: 1000px) 54vw, (max-width: 1071px) 543px, 580px\" \/><\/figure>\n<\/figure>\n\n\n\n<p class=\"wp-block-paragraph\">Es va lliurar a en Toni un \u00e0lbum amb fotografies i escrits elaborats per l\u2019alumnat, recollint moments significatius del proc\u00e9s viscut durant aquests mesos. Un detall fet amb estima, pensat per deixar const\u00e0ncia de l\u2019experi\u00e8ncia compartida.<\/p>\n\n\n\n<p class=\"wp-block-paragraph\">Per part seva, l\u2019artista tamb\u00e9 va voler tenir un gest amb el grup i va portar una fotografia del dia de la mostra final com a record.<\/p>\n\n\n\n<figure class=\"wp-block-gallery has-nested-images columns-default is-cropped wp-block-gallery-2 is-layout-flex wp-block-gallery-is-layout-flex\">\n<figure class=\"wp-block-image size-large\"><img loading=\"lazy\" decoding=\"async\" width=\"1024\" height=\"768\" data-id=\"565\" src=\"\/bastida2025\/wp-content\/uploads\/2025\/05\/25_05_22_Tancament_21-1024x768.jpeg\" alt=\"\" class=\"wp-image-565\" srcset=\"\/bastida2025\/wp-content\/uploads\/2025\/05\/25_05_22_Tancament_21-1024x768.jpeg 1024w, \/bastida2025\/wp-content\/uploads\/2025\/05\/25_05_22_Tancament_21-300x225.jpeg 300w, \/bastida2025\/wp-content\/uploads\/2025\/05\/25_05_22_Tancament_21-768x576.jpeg 768w, \/bastida2025\/wp-content\/uploads\/2025\/05\/25_05_22_Tancament_21-1536x1152.jpeg 1536w, \/bastida2025\/wp-content\/uploads\/2025\/05\/25_05_22_Tancament_21.jpeg 2016w\" sizes=\"auto, (max-width: 767px) 89vw, (max-width: 1000px) 54vw, (max-width: 1071px) 543px, 580px\" \/><\/figure>\n\n\n\n<figure class=\"wp-block-image size-large\"><img loading=\"lazy\" decoding=\"async\" width=\"1024\" height=\"768\" data-id=\"566\" src=\"\/bastida2025\/wp-content\/uploads\/2025\/05\/25_05_22_Tancament_23-1024x768.jpeg\" alt=\"\" class=\"wp-image-566\" srcset=\"\/bastida2025\/wp-content\/uploads\/2025\/05\/25_05_22_Tancament_23-1024x768.jpeg 1024w, \/bastida2025\/wp-content\/uploads\/2025\/05\/25_05_22_Tancament_23-300x225.jpeg 300w, \/bastida2025\/wp-content\/uploads\/2025\/05\/25_05_22_Tancament_23-768x576.jpeg 768w, \/bastida2025\/wp-content\/uploads\/2025\/05\/25_05_22_Tancament_23-1536x1152.jpeg 1536w, \/bastida2025\/wp-content\/uploads\/2025\/05\/25_05_22_Tancament_23.jpeg 2016w\" sizes=\"auto, (max-width: 767px) 89vw, (max-width: 1000px) 54vw, (max-width: 1071px) 543px, 580px\" \/><\/figure>\n\n\n\n<figure class=\"wp-block-image size-large\"><img loading=\"lazy\" decoding=\"async\" width=\"1024\" height=\"768\" data-id=\"567\" src=\"\/bastida2025\/wp-content\/uploads\/2025\/05\/25_05_22_Tancament_07-1024x768.jpeg\" alt=\"\" class=\"wp-image-567\" srcset=\"\/bastida2025\/wp-content\/uploads\/2025\/05\/25_05_22_Tancament_07-1024x768.jpeg 1024w, \/bastida2025\/wp-content\/uploads\/2025\/05\/25_05_22_Tancament_07-300x225.jpeg 300w, \/bastida2025\/wp-content\/uploads\/2025\/05\/25_05_22_Tancament_07-768x576.jpeg 768w, \/bastida2025\/wp-content\/uploads\/2025\/05\/25_05_22_Tancament_07-1536x1152.jpeg 1536w, \/bastida2025\/wp-content\/uploads\/2025\/05\/25_05_22_Tancament_07.jpeg 2016w\" sizes=\"auto, (max-width: 767px) 89vw, (max-width: 1000px) 54vw, (max-width: 1071px) 543px, 580px\" \/><\/figure>\n<\/figure>\n\n\n\n<p class=\"wp-block-paragraph\">Aix\u00ed es va tancar un viatge intens de creaci\u00f3, dansa, emoci\u00f3 i aprenentatge compartit.<\/p>\n","protected":false},"excerpt":{"rendered":"<p>L\u2019\u00faltim dia amb l\u2019artista va estar ple d\u2019emocions. Per acomiadar la resid\u00e8ncia, es va preparar una petita coreografia col\u00b7lectiva com a mostra d\u2019agra\u00efment pel temps compartit i tot el que s\u2019havia apr\u00e8s al llarg del curs. Es va lliurar a en Toni un \u00e0lbum amb fotografies i escrits elaborats per l\u2019alumnat, recollint moments significatius del &hellip; <\/p>\n<p class=\"link-more\"><a href=\"\/bastida2025\/gracies-toni-ultim-dia-de-residencia\/\" class=\"more-link\">Continua llegint <span class=\"screen-reader-text\">\u00abGr\u00e0cies, Toni! \u00daltim dia de resid\u00e8ncia\u00bb<\/span><\/a><\/p>\n","protected":false},"author":15,"featured_media":0,"comment_status":"open","ping_status":"open","sticky":false,"template":"","format":"standard","meta":{"footnotes":""},"categories":[1],"tags":[],"class_list":["post-561","post","type-post","status-publish","format-standard","hentry","category-general"],"_links":{"self":[{"href":"\/bastida2025\/wp-json\/wp\/v2\/posts\/561","targetHints":{"allow":["GET"]}}],"collection":[{"href":"\/bastida2025\/wp-json\/wp\/v2\/posts"}],"about":[{"href":"\/bastida2025\/wp-json\/wp\/v2\/types\/post"}],"author":[{"embeddable":true,"href":"\/bastida2025\/wp-json\/wp\/v2\/users\/15"}],"replies":[{"embeddable":true,"href":"\/bastida2025\/wp-json\/wp\/v2\/comments?post=561"}],"version-history":[{"count":1,"href":"\/bastida2025\/wp-json\/wp\/v2\/posts\/561\/revisions"}],"predecessor-version":[{"id":569,"href":"\/bastida2025\/wp-json\/wp\/v2\/posts\/561\/revisions\/569"}],"wp:attachment":[{"href":"\/bastida2025\/wp-json\/wp\/v2\/media?parent=561"}],"wp:term":[{"taxonomy":"category","embeddable":true,"href":"\/bastida2025\/wp-json\/wp\/v2\/categories?post=561"},{"taxonomy":"post_tag","embeddable":true,"href":"\/bastida2025\/wp-json\/wp\/v2\/tags?post=561"}],"curies":[{"name":"wp","href":"https:\/\/api.w.org\/{rel}","templated":true}]}}