{"id":571,"date":"2025-06-05T16:00:12","date_gmt":"2025-06-05T14:00:12","guid":{"rendered":"\/bastida2025\/?p=571"},"modified":"2025-06-06T16:05:50","modified_gmt":"2025-06-06T14:05:50","slug":"reflexions-finals","status":"publish","type":"post","link":"\/bastida2025\/reflexions-finals\/","title":{"rendered":"Reflexions finals"},"content":{"rendered":"\n<p class=\"wp-block-paragraph\">L&#8217;\u00faltim dia d&#8217;optativa revisem el v\u00eddeo de la mostra, reprodu\u00efm escenes viscudes i recollim el que ens emportem:<\/p>\n\n\n\n<figure class=\"wp-block-gallery has-nested-images columns-default is-cropped wp-block-gallery-1 is-layout-flex wp-block-gallery-is-layout-flex\">\n<figure class=\"wp-block-image size-large\"><img loading=\"lazy\" decoding=\"async\" width=\"1024\" height=\"768\" data-id=\"575\" src=\"\/bastida2025\/wp-content\/uploads\/2025\/06\/IMG_20250605_123710-1024x768.jpg\" alt=\"\" class=\"wp-image-575\" srcset=\"\/bastida2025\/wp-content\/uploads\/2025\/06\/IMG_20250605_123710-1024x768.jpg 1024w, \/bastida2025\/wp-content\/uploads\/2025\/06\/IMG_20250605_123710-300x225.jpg 300w, \/bastida2025\/wp-content\/uploads\/2025\/06\/IMG_20250605_123710-768x576.jpg 768w, \/bastida2025\/wp-content\/uploads\/2025\/06\/IMG_20250605_123710-1536x1152.jpg 1536w, \/bastida2025\/wp-content\/uploads\/2025\/06\/IMG_20250605_123710-2048x1536.jpg 2048w\" sizes=\"auto, (max-width: 767px) 89vw, (max-width: 1000px) 54vw, (max-width: 1071px) 543px, 580px\" \/><\/figure>\n\n\n\n<figure class=\"wp-block-image size-large\"><img loading=\"lazy\" decoding=\"async\" width=\"1024\" height=\"768\" data-id=\"572\" src=\"\/bastida2025\/wp-content\/uploads\/2025\/06\/IMG_20250605_133700-1024x768.jpg\" alt=\"\" class=\"wp-image-572\" srcset=\"\/bastida2025\/wp-content\/uploads\/2025\/06\/IMG_20250605_133700-1024x768.jpg 1024w, \/bastida2025\/wp-content\/uploads\/2025\/06\/IMG_20250605_133700-300x225.jpg 300w, \/bastida2025\/wp-content\/uploads\/2025\/06\/IMG_20250605_133700-768x576.jpg 768w, \/bastida2025\/wp-content\/uploads\/2025\/06\/IMG_20250605_133700-1536x1152.jpg 1536w, \/bastida2025\/wp-content\/uploads\/2025\/06\/IMG_20250605_133700-2048x1536.jpg 2048w\" sizes=\"auto, (max-width: 767px) 89vw, (max-width: 1000px) 54vw, (max-width: 1071px) 543px, 580px\" \/><\/figure>\n<\/figure>\n\n\n\n<p class=\"wp-block-paragraph\">N\u00faria: El tempo \u00e9s m\u00e0gia, dedicaci\u00f3, art i dansa, representa aix\u00f2 i m\u00e9s.<\/p>\n\n\n\n<p class=\"wp-block-paragraph\">Marwan: he apr\u00e8s a respectar a tots per igual.<\/p>\n\n\n\n<p class=\"wp-block-paragraph\">Melisa: He apr\u00e8s a ser pacient amb els meus companys.<\/p>\n\n\n\n<p class=\"wp-block-paragraph\">Adam: En Toni m\u2019ha ensenyat que ballar no \u00e9s nom\u00e9s moure el cos sin\u00f3 expressar els nostres sentiments.<\/p>\n\n\n\n<p class=\"wp-block-paragraph\">Joel: m\u2019ha anat molt b\u00e9, he apr\u00e8s moltes coses i he fet molts amics.<\/p>\n\n\n\n<p class=\"wp-block-paragraph\">Sara: Aquesta optativa m\u2019ha ensenyat a ballar i he fet amics.<\/p>\n\n\n\n<p class=\"wp-block-paragraph\">Jiaqiang: Conec en Toni Mira des de fa nou mesos, per\u00f2 ara potser no el tornar\u00e9 a veure mai m\u00e9s.\u00a0<\/p>\n\n\n\n<p class=\"wp-block-paragraph\">Jiajia: M\u2019ha agradat molt aquesta optativa, va ser molt interessant i vaig descobrir moltes coses que no sabia abans.<\/p>\n\n\n\n<p class=\"wp-block-paragraph\">Leandro: M\u2019ha anat b\u00e9, vaig tenir un desenvolupament fort a trav\u00e9s d\u2019aquesta optativa. La veritat va estar b\u00e9 mentre va durar<\/p>\n\n\n\n<p class=\"wp-block-paragraph\">Chensheng: M\u2019agrada molt aquesta classe per qu\u00e8 he apr\u00e8s molt. Els professors tamb\u00e9 s\u00f3n molt bons. El que m\u00e9s recordo \u00e9s que quan an\u00e0vem a un lloc a actuar tot i que era una mica t\u00edmid, estava molt content.<\/p>\n\n\n\n<p class=\"wp-block-paragraph\">Lesley: Aquesta optativa ha anat molt b\u00e9. Les excursions han sigut molt divertides i tamb\u00e9 ha sigut una bona experi\u00e8ncia.<\/p>\n\n\n\n<p class=\"wp-block-paragraph\">Seyam: m\u2019ha agradat molt he apr\u00e8s moltes coses i m\u2019ho he passat superb\u00e9.<\/p>\n\n\n\n<p class=\"wp-block-paragraph\">Abde: Aquesta assignatura al principi no m\u2019ha agradat, per\u00f2 al final he gaudit molt he apr\u00e8s molt i m\u2019ha agradat. El Toni m\u2019ha ensenyat moltes coses.<\/p>\n\n\n\n<p class=\"wp-block-paragraph\">Aitor: Jo crec que aquest curs hem tingut una bona evoluci\u00f3 com a grup, per\u00f2 he de millorar una mica el comportament.<\/p>\n","protected":false},"excerpt":{"rendered":"<p>L&#8217;\u00faltim dia d&#8217;optativa revisem el v\u00eddeo de la mostra, reprodu\u00efm escenes viscudes i recollim el que ens emportem: N\u00faria: El tempo \u00e9s m\u00e0gia, dedicaci\u00f3, art i dansa, representa aix\u00f2 i m\u00e9s. Marwan: he apr\u00e8s a respectar a tots per igual. Melisa: He apr\u00e8s a ser pacient amb els meus companys. Adam: En Toni m\u2019ha ensenyat &hellip; <\/p>\n<p class=\"link-more\"><a href=\"\/bastida2025\/reflexions-finals\/\" class=\"more-link\">Continua llegint <span class=\"screen-reader-text\">\u00abReflexions finals\u00bb<\/span><\/a><\/p>\n","protected":false},"author":15,"featured_media":0,"comment_status":"open","ping_status":"open","sticky":false,"template":"","format":"standard","meta":{"footnotes":""},"categories":[1],"tags":[],"class_list":["post-571","post","type-post","status-publish","format-standard","hentry","category-general"],"_links":{"self":[{"href":"\/bastida2025\/wp-json\/wp\/v2\/posts\/571","targetHints":{"allow":["GET"]}}],"collection":[{"href":"\/bastida2025\/wp-json\/wp\/v2\/posts"}],"about":[{"href":"\/bastida2025\/wp-json\/wp\/v2\/types\/post"}],"author":[{"embeddable":true,"href":"\/bastida2025\/wp-json\/wp\/v2\/users\/15"}],"replies":[{"embeddable":true,"href":"\/bastida2025\/wp-json\/wp\/v2\/comments?post=571"}],"version-history":[{"count":1,"href":"\/bastida2025\/wp-json\/wp\/v2\/posts\/571\/revisions"}],"predecessor-version":[{"id":576,"href":"\/bastida2025\/wp-json\/wp\/v2\/posts\/571\/revisions\/576"}],"wp:attachment":[{"href":"\/bastida2025\/wp-json\/wp\/v2\/media?parent=571"}],"wp:term":[{"taxonomy":"category","embeddable":true,"href":"\/bastida2025\/wp-json\/wp\/v2\/categories?post=571"},{"taxonomy":"post_tag","embeddable":true,"href":"\/bastida2025\/wp-json\/wp\/v2\/tags?post=571"}],"curies":[{"name":"wp","href":"https:\/\/api.w.org\/{rel}","templated":true}]}}