{"id":578,"date":"2025-06-18T10:50:36","date_gmt":"2025-06-18T08:50:36","guid":{"rendered":"\/bastida2025\/?p=578"},"modified":"2025-06-18T10:50:36","modified_gmt":"2025-06-18T08:50:36","slug":"un-cor-de-gestos-2","status":"publish","type":"post","link":"\/bastida2025\/un-cor-de-gestos-2\/","title":{"rendered":"Un cor de gestos"},"content":{"rendered":"\n<p class=\"wp-block-paragraph\">Quina il\u00b7lusi\u00f3 compartir el v\u00eddeo de la presentaci\u00f3! Una performance coreogr\u00e0fica que vam crear amb el Toni Mira anomenada &#8216;Un cor de gestos&#8217; a l&#8217;Auditori dels jardins Can Roig i Torres de Santa Coloma de Gramenet.<\/p>\n\n\n\n<figure class=\"wp-block-embed is-type-video is-provider-vimeo wp-block-embed-vimeo wp-embed-aspect-16-9 wp-has-aspect-ratio\"><div class=\"wp-block-embed__wrapper\">\n<iframe loading=\"lazy\" title=\"&#039;Un Cor de Gestos&#039; Toni Mira EN RESiD\u00c8NCiA a l&#039;Institut La Bastida\" src=\"https:\/\/player.vimeo.com\/video\/1094312555?dnt=1&amp;app_id=122963\" width=\"525\" height=\"295\" frameborder=\"0\" allow=\"autoplay; fullscreen; picture-in-picture; clipboard-write; encrypted-media; web-share\"><\/iframe>\n<\/div><\/figure>\n\n\n\n<p class=\"wp-block-paragraph\"><\/p>\n","protected":false},"excerpt":{"rendered":"<p>Quina il\u00b7lusi\u00f3 compartir el v\u00eddeo de la presentaci\u00f3! Una performance coreogr\u00e0fica que vam crear amb el Toni Mira anomenada &#8216;Un cor de gestos&#8217; a l&#8217;Auditori dels jardins Can Roig i Torres de Santa Coloma de Gramenet.<\/p>\n","protected":false},"author":14,"featured_media":0,"comment_status":"open","ping_status":"open","sticky":false,"template":"","format":"standard","meta":{"footnotes":""},"categories":[1],"tags":[],"class_list":["post-578","post","type-post","status-publish","format-standard","hentry","category-general"],"_links":{"self":[{"href":"\/bastida2025\/wp-json\/wp\/v2\/posts\/578","targetHints":{"allow":["GET"]}}],"collection":[{"href":"\/bastida2025\/wp-json\/wp\/v2\/posts"}],"about":[{"href":"\/bastida2025\/wp-json\/wp\/v2\/types\/post"}],"author":[{"embeddable":true,"href":"\/bastida2025\/wp-json\/wp\/v2\/users\/14"}],"replies":[{"embeddable":true,"href":"\/bastida2025\/wp-json\/wp\/v2\/comments?post=578"}],"version-history":[{"count":1,"href":"\/bastida2025\/wp-json\/wp\/v2\/posts\/578\/revisions"}],"predecessor-version":[{"id":579,"href":"\/bastida2025\/wp-json\/wp\/v2\/posts\/578\/revisions\/579"}],"wp:attachment":[{"href":"\/bastida2025\/wp-json\/wp\/v2\/media?parent=578"}],"wp:term":[{"taxonomy":"category","embeddable":true,"href":"\/bastida2025\/wp-json\/wp\/v2\/categories?post=578"},{"taxonomy":"post_tag","embeddable":true,"href":"\/bastida2025\/wp-json\/wp\/v2\/tags?post=578"}],"curies":[{"name":"wp","href":"https:\/\/api.w.org\/{rel}","templated":true}]}}