{"id":121,"date":"2025-12-01T09:41:07","date_gmt":"2025-12-01T07:41:07","guid":{"rendered":"\/bastida2026\/?p=121"},"modified":"2025-12-03T09:42:05","modified_gmt":"2025-12-03T07:42:05","slug":"formacio-docent-1-avaluacio-i-competencies","status":"publish","type":"post","link":"\/bastida2026\/formacio-docent-1-avaluacio-i-competencies\/","title":{"rendered":"Formaci\u00f3 docent 1 i 2: Avaluaci\u00f3 i Compet\u00e8ncies"},"content":{"rendered":"\n<p class=\"wp-block-paragraph\">El projecte en resid\u00e8ncia no nom\u00e9s se centra en l&#8217;alumnat, sin\u00f3 tamb\u00e9 en el creixement de l&#8217;equip docent. Hem dedicat dues sessions de formaci\u00f3 a un tema clau: l&#8217;<strong>Avaluaci\u00f3 Competencial, Cont\u00ednua, Formativa i Formadora<\/strong>.<\/p>\n\n\n\n<figure class=\"wp-block-gallery has-nested-images columns-default is-cropped wp-block-gallery-1 is-layout-flex wp-block-gallery-is-layout-flex\">\n<figure class=\"wp-block-image size-large\"><img loading=\"lazy\" decoding=\"async\" width=\"1024\" height=\"771\" data-id=\"127\" src=\"\/bastida2026\/wp-content\/uploads\/2025\/12\/1-1-1024x771.jpg\" alt=\"\" class=\"wp-image-127\" srcset=\"\/bastida2026\/wp-content\/uploads\/2025\/12\/1-1-1024x771.jpg 1024w, \/bastida2026\/wp-content\/uploads\/2025\/12\/1-1-300x226.jpg 300w, \/bastida2026\/wp-content\/uploads\/2025\/12\/1-1-768x578.jpg 768w, \/bastida2026\/wp-content\/uploads\/2025\/12\/1-1-1536x1156.jpg 1536w, \/bastida2026\/wp-content\/uploads\/2025\/12\/1-1.jpg 1600w\" sizes=\"auto, (max-width: 767px) 89vw, (max-width: 1000px) 54vw, (max-width: 1071px) 543px, 580px\" \/><\/figure>\n<\/figure>\n\n\n\n<p class=\"wp-block-paragraph\">La primera sessi\u00f3 va tenir lloc el <strong>30 d&#8217;octubre<\/strong>, i vam parlar sobre el valor del projecte i aprofundir en les bases d&#8217;aquesta mirada avaluativa. Vam donar-li continu\u00eftat el passat <strong>26 de novembre<\/strong> amb la segona trobada, on vam concretar els instruments d&#8217;avaluaci\u00f3 iniciats a finals del mes passat.<\/p>\n\n\n\n<figure class=\"wp-block-gallery has-nested-images columns-default is-cropped wp-block-gallery-2 is-layout-flex wp-block-gallery-is-layout-flex\">\n<figure class=\"wp-block-image size-large\"><img loading=\"lazy\" decoding=\"async\" width=\"768\" height=\"1024\" data-id=\"128\" src=\"\/bastida2026\/wp-content\/uploads\/2025\/12\/3-1-768x1024.jpg\" alt=\"\" class=\"wp-image-128\" srcset=\"\/bastida2026\/wp-content\/uploads\/2025\/12\/3-1-768x1024.jpg 768w, \/bastida2026\/wp-content\/uploads\/2025\/12\/3-1-225x300.jpg 225w, \/bastida2026\/wp-content\/uploads\/2025\/12\/3-1-1152x1536.jpg 1152w, \/bastida2026\/wp-content\/uploads\/2025\/12\/3-1.jpg 1200w\" sizes=\"auto, (max-width: 767px) 89vw, (max-width: 1000px) 54vw, (max-width: 1071px) 543px, 580px\" \/><\/figure>\n\n\n\n<figure class=\"wp-block-image size-large\"><img loading=\"lazy\" decoding=\"async\" width=\"768\" height=\"1024\" data-id=\"130\" src=\"\/bastida2026\/wp-content\/uploads\/2025\/12\/2-1-768x1024.jpg\" alt=\"\" class=\"wp-image-130\" srcset=\"\/bastida2026\/wp-content\/uploads\/2025\/12\/2-1-768x1024.jpg 768w, \/bastida2026\/wp-content\/uploads\/2025\/12\/2-1-225x300.jpg 225w, \/bastida2026\/wp-content\/uploads\/2025\/12\/2-1-1152x1536.jpg 1152w, \/bastida2026\/wp-content\/uploads\/2025\/12\/2-1.jpg 1200w\" sizes=\"auto, (max-width: 767px) 89vw, (max-width: 1000px) 54vw, (max-width: 1071px) 543px, 580px\" \/><\/figure>\n\n\n\n<figure class=\"wp-block-image size-large\"><img loading=\"lazy\" decoding=\"async\" width=\"768\" height=\"1024\" data-id=\"129\" src=\"\/bastida2026\/wp-content\/uploads\/2025\/12\/4-1-768x1024.jpg\" alt=\"\" class=\"wp-image-129\" srcset=\"\/bastida2026\/wp-content\/uploads\/2025\/12\/4-1-768x1024.jpg 768w, \/bastida2026\/wp-content\/uploads\/2025\/12\/4-1-225x300.jpg 225w, \/bastida2026\/wp-content\/uploads\/2025\/12\/4-1-1152x1536.jpg 1152w, \/bastida2026\/wp-content\/uploads\/2025\/12\/4-1.jpg 1200w\" sizes=\"auto, (max-width: 767px) 89vw, (max-width: 1000px) 54vw, (max-width: 1071px) 543px, 580px\" \/><\/figure>\n<\/figure>\n\n\n\n<p class=\"wp-block-paragraph\">Aquesta formaci\u00f3 \u00e9s essencial per alinear la nostra pr\u00e0ctica educativa amb la creaci\u00f3 art\u00edstica de Carmela i Esther, garantint que el proc\u00e9s de l&#8217;alumnat sigui acompanyat i avaluat des d&#8217;una perspectiva integral i de creixement constant.<\/p>\n","protected":false},"excerpt":{"rendered":"<p>El projecte en resid\u00e8ncia no nom\u00e9s se centra en l&#8217;alumnat, sin\u00f3 tamb\u00e9 en el creixement de l&#8217;equip docent. Hem dedicat dues sessions de formaci\u00f3 a un tema clau: l&#8217;Avaluaci\u00f3 Competencial, Cont\u00ednua, Formativa i Formadora. La primera sessi\u00f3 va tenir lloc el 30 d&#8217;octubre, i vam parlar sobre el valor del projecte i aprofundir en les &hellip; <\/p>\n<p class=\"link-more\"><a href=\"\/bastida2026\/formacio-docent-1-avaluacio-i-competencies\/\" class=\"more-link\">Continua llegint <span class=\"screen-reader-text\">\u00abFormaci\u00f3 docent 1 i 2: Avaluaci\u00f3 i Compet\u00e8ncies\u00bb<\/span><\/a><\/p>\n","protected":false},"author":6,"featured_media":0,"comment_status":"closed","ping_status":"","sticky":false,"template":"","format":"standard","meta":{"footnotes":""},"categories":[1],"tags":[],"class_list":["post-121","post","type-post","status-publish","format-standard","hentry","category-general"],"_links":{"self":[{"href":"\/bastida2026\/wp-json\/wp\/v2\/posts\/121","targetHints":{"allow":["GET"]}}],"collection":[{"href":"\/bastida2026\/wp-json\/wp\/v2\/posts"}],"about":[{"href":"\/bastida2026\/wp-json\/wp\/v2\/types\/post"}],"author":[{"embeddable":true,"href":"\/bastida2026\/wp-json\/wp\/v2\/users\/6"}],"replies":[{"embeddable":true,"href":"\/bastida2026\/wp-json\/wp\/v2\/comments?post=121"}],"version-history":[{"count":4,"href":"\/bastida2026\/wp-json\/wp\/v2\/posts\/121\/revisions"}],"predecessor-version":[{"id":134,"href":"\/bastida2026\/wp-json\/wp\/v2\/posts\/121\/revisions\/134"}],"wp:attachment":[{"href":"\/bastida2026\/wp-json\/wp\/v2\/media?parent=121"}],"wp:term":[{"taxonomy":"category","embeddable":true,"href":"\/bastida2026\/wp-json\/wp\/v2\/categories?post=121"},{"taxonomy":"post_tag","embeddable":true,"href":"\/bastida2026\/wp-json\/wp\/v2\/tags?post=121"}],"curies":[{"name":"wp","href":"https:\/\/api.w.org\/{rel}","templated":true}]}}