{"id":139,"date":"2025-12-19T19:32:25","date_gmt":"2025-12-19T17:32:25","guid":{"rendered":"\/bastida2026\/?p=139"},"modified":"2026-01-07T19:36:30","modified_gmt":"2026-01-07T17:36:30","slug":"visions-de-futur-i-reptes-compartits","status":"publish","type":"post","link":"\/bastida2026\/visions-de-futur-i-reptes-compartits\/","title":{"rendered":"Visions de futur i reptes compartits"},"content":{"rendered":"\n<p class=\"wp-block-paragraph\">El 16 de desembre vam treballar dividits en dos grups per seguir impulsant el projecte. Amb l&#8217;<strong>Esther<\/strong>, una part de l&#8217;alumnat va comen\u00e7ar a imaginar la <strong>mostra al professorat<\/strong>, reflexionant sobre qu\u00e8 volen aportar i quin paper vol tenir cadasc\u00fa dins de la creaci\u00f3 col\u00b7lectiva.<\/p>\n\n\n\n<figure class=\"wp-block-gallery has-nested-images columns-default is-cropped wp-block-gallery-1 is-layout-flex wp-block-gallery-is-layout-flex\">\n<figure class=\"wp-block-image size-large\"><img loading=\"lazy\" decoding=\"async\" width=\"1024\" height=\"771\" data-id=\"140\" src=\"\/bastida2026\/wp-content\/uploads\/2026\/01\/Fotoram.io_-1024x771.jpg\" alt=\"\" class=\"wp-image-140\" srcset=\"\/bastida2026\/wp-content\/uploads\/2026\/01\/Fotoram.io_-1024x771.jpg 1024w, \/bastida2026\/wp-content\/uploads\/2026\/01\/Fotoram.io_-300x226.jpg 300w, \/bastida2026\/wp-content\/uploads\/2026\/01\/Fotoram.io_-768x578.jpg 768w, \/bastida2026\/wp-content\/uploads\/2026\/01\/Fotoram.io_-1536x1157.jpg 1536w, \/bastida2026\/wp-content\/uploads\/2026\/01\/Fotoram.io_.jpg 2040w\" sizes=\"auto, (max-width: 767px) 89vw, (max-width: 1000px) 54vw, (max-width: 1071px) 543px, 580px\" \/><\/figure>\n\n\n\n<figure class=\"wp-block-image size-large\"><img loading=\"lazy\" decoding=\"async\" width=\"1024\" height=\"768\" data-id=\"142\" src=\"\/bastida2026\/wp-content\/uploads\/2026\/01\/Fotoram.io-1-1024x768.jpg\" alt=\"\" class=\"wp-image-142\" srcset=\"\/bastida2026\/wp-content\/uploads\/2026\/01\/Fotoram.io-1-1024x768.jpg 1024w, \/bastida2026\/wp-content\/uploads\/2026\/01\/Fotoram.io-1-300x225.jpg 300w, \/bastida2026\/wp-content\/uploads\/2026\/01\/Fotoram.io-1-768x576.jpg 768w, \/bastida2026\/wp-content\/uploads\/2026\/01\/Fotoram.io-1-1536x1152.jpg 1536w, \/bastida2026\/wp-content\/uploads\/2026\/01\/Fotoram.io-1.jpg 2048w\" sizes=\"auto, (max-width: 767px) 89vw, (max-width: 1000px) 54vw, (max-width: 1071px) 543px, 580px\" \/><\/figure>\n\n\n\n<figure class=\"wp-block-image size-large\"><img loading=\"lazy\" decoding=\"async\" width=\"1024\" height=\"768\" data-id=\"141\" src=\"\/bastida2026\/wp-content\/uploads\/2026\/01\/Fotoram.io-2-1024x768.jpg\" alt=\"\" class=\"wp-image-141\" srcset=\"\/bastida2026\/wp-content\/uploads\/2026\/01\/Fotoram.io-2-1024x768.jpg 1024w, \/bastida2026\/wp-content\/uploads\/2026\/01\/Fotoram.io-2-300x225.jpg 300w, \/bastida2026\/wp-content\/uploads\/2026\/01\/Fotoram.io-2-768x576.jpg 768w, \/bastida2026\/wp-content\/uploads\/2026\/01\/Fotoram.io-2-1536x1152.jpg 1536w, \/bastida2026\/wp-content\/uploads\/2026\/01\/Fotoram.io-2.jpg 2048w\" sizes=\"auto, (max-width: 767px) 89vw, (max-width: 1000px) 54vw, (max-width: 1071px) 543px, 580px\" \/><\/figure>\n<\/figure>\n\n\n\n<p class=\"wp-block-paragraph\">L&#8217;altre grup va viure una sessi\u00f3 d&#8217;intercanvi molt especial: van rebre reptes de la m\u00e0 d&#8217;alumnes de la <strong>Resid\u00e8ncia 24-25<\/strong> (que van treballar amb Toni Mira). Escoltant la seva experi\u00e8ncia, hem recollit consells i motivaci\u00f3 per encarar la nostra pr\u00f2pia aventura art\u00edstica.<\/p>\n\n\n\n<p class=\"wp-block-paragraph\"><\/p>\n","protected":false},"excerpt":{"rendered":"<p>El 16 de desembre vam treballar dividits en dos grups per seguir impulsant el projecte. Amb l&#8217;Esther, una part de l&#8217;alumnat va comen\u00e7ar a imaginar la mostra al professorat, reflexionant sobre qu\u00e8 volen aportar i quin paper vol tenir cadasc\u00fa dins de la creaci\u00f3 col\u00b7lectiva. L&#8217;altre grup va viure una sessi\u00f3 d&#8217;intercanvi molt especial: van &hellip; <\/p>\n<p class=\"link-more\"><a href=\"\/bastida2026\/visions-de-futur-i-reptes-compartits\/\" class=\"more-link\">Continua llegint <span class=\"screen-reader-text\">\u00abVisions de futur i reptes compartits\u00bb<\/span><\/a><\/p>\n","protected":false},"author":6,"featured_media":0,"comment_status":"closed","ping_status":"","sticky":false,"template":"","format":"standard","meta":{"footnotes":""},"categories":[1],"tags":[],"class_list":["post-139","post","type-post","status-publish","format-standard","hentry","category-general"],"_links":{"self":[{"href":"\/bastida2026\/wp-json\/wp\/v2\/posts\/139","targetHints":{"allow":["GET"]}}],"collection":[{"href":"\/bastida2026\/wp-json\/wp\/v2\/posts"}],"about":[{"href":"\/bastida2026\/wp-json\/wp\/v2\/types\/post"}],"author":[{"embeddable":true,"href":"\/bastida2026\/wp-json\/wp\/v2\/users\/6"}],"replies":[{"embeddable":true,"href":"\/bastida2026\/wp-json\/wp\/v2\/comments?post=139"}],"version-history":[{"count":1,"href":"\/bastida2026\/wp-json\/wp\/v2\/posts\/139\/revisions"}],"predecessor-version":[{"id":143,"href":"\/bastida2026\/wp-json\/wp\/v2\/posts\/139\/revisions\/143"}],"wp:attachment":[{"href":"\/bastida2026\/wp-json\/wp\/v2\/media?parent=139"}],"wp:term":[{"taxonomy":"category","embeddable":true,"href":"\/bastida2026\/wp-json\/wp\/v2\/categories?post=139"},{"taxonomy":"post_tag","embeddable":true,"href":"\/bastida2026\/wp-json\/wp\/v2\/tags?post=139"}],"curies":[{"name":"wp","href":"https:\/\/api.w.org\/{rel}","templated":true}]}}