{"id":146,"date":"2026-01-13T09:42:34","date_gmt":"2026-01-13T07:42:34","guid":{"rendered":"\/bastida2026\/?p=146"},"modified":"2026-03-04T09:50:25","modified_gmt":"2026-03-04T07:50:25","slug":"explorem-el-moviment-entre-joc-i-ritme","status":"publish","type":"post","link":"\/bastida2026\/explorem-el-moviment-entre-joc-i-ritme\/","title":{"rendered":"Explorem el moviment entre joc i ritme"},"content":{"rendered":"\n<p class=\"wp-block-paragraph\">A inicis de gener hem tornat al Mas Fonollar amb energia renovada. Aquest cop, hem explorat el moviment a trav\u00e9s del joc i el ritme, deixant que el cos respongu\u00e9s de manera espont\u00e0nia a diferents est\u00edmuls.<\/p>\n\n\n\n<figure class=\"wp-block-gallery has-nested-images columns-default is-cropped wp-block-gallery-1 is-layout-flex wp-block-gallery-is-layout-flex\">\n<figure class=\"wp-block-image size-large\"><img loading=\"lazy\" decoding=\"async\" width=\"768\" height=\"1024\" data-id=\"147\" src=\"\/bastida2026\/wp-content\/uploads\/2026\/03\/2026-01-13-3-768x1024.jpeg\" alt=\"\" class=\"wp-image-147\" srcset=\"\/bastida2026\/wp-content\/uploads\/2026\/03\/2026-01-13-3-768x1024.jpeg 768w, \/bastida2026\/wp-content\/uploads\/2026\/03\/2026-01-13-3-225x300.jpeg 225w, \/bastida2026\/wp-content\/uploads\/2026\/03\/2026-01-13-3-1152x1536.jpeg 1152w, \/bastida2026\/wp-content\/uploads\/2026\/03\/2026-01-13-3.jpeg 1536w\" sizes=\"auto, (max-width: 767px) 89vw, (max-width: 1000px) 54vw, (max-width: 1071px) 543px, 580px\" \/><\/figure>\n\n\n\n<figure class=\"wp-block-image size-large\"><img loading=\"lazy\" decoding=\"async\" width=\"771\" height=\"1024\" data-id=\"149\" src=\"\/bastida2026\/wp-content\/uploads\/2026\/03\/2026-01-13-2-771x1024.jpeg\" alt=\"\" class=\"wp-image-149\" srcset=\"\/bastida2026\/wp-content\/uploads\/2026\/03\/2026-01-13-2-771x1024.jpeg 771w, \/bastida2026\/wp-content\/uploads\/2026\/03\/2026-01-13-2-226x300.jpeg 226w, \/bastida2026\/wp-content\/uploads\/2026\/03\/2026-01-13-2-768x1020.jpeg 768w, \/bastida2026\/wp-content\/uploads\/2026\/03\/2026-01-13-2-1157x1536.jpeg 1157w, \/bastida2026\/wp-content\/uploads\/2026\/03\/2026-01-13-2.jpeg 1536w\" sizes=\"auto, (max-width: 767px) 89vw, (max-width: 1000px) 54vw, (max-width: 1071px) 543px, 580px\" \/><\/figure>\n\n\n\n<figure class=\"wp-block-image size-large\"><img loading=\"lazy\" decoding=\"async\" width=\"768\" height=\"1024\" data-id=\"148\" src=\"\/bastida2026\/wp-content\/uploads\/2026\/03\/Disseny-sense-titol-1-768x1024.jpg\" alt=\"\" class=\"wp-image-148\" srcset=\"\/bastida2026\/wp-content\/uploads\/2026\/03\/Disseny-sense-titol-1-768x1024.jpg 768w, \/bastida2026\/wp-content\/uploads\/2026\/03\/Disseny-sense-titol-1-225x300.jpg 225w, \/bastida2026\/wp-content\/uploads\/2026\/03\/Disseny-sense-titol-1-1152x1536.jpg 1152w, \/bastida2026\/wp-content\/uploads\/2026\/03\/Disseny-sense-titol-1.jpg 1536w\" sizes=\"auto, (max-width: 767px) 89vw, (max-width: 1000px) 54vw, (max-width: 1071px) 543px, 580px\" \/><\/figure>\n<\/figure>\n\n\n\n<p class=\"wp-block-paragraph\">A l\u2019exterior de l\u2019espai, amb l\u2019aire fred per\u00f2 el grup ben activat, hem treballat din\u00e0miques com les <em>jacas<\/em>, posant l\u2019atenci\u00f3 en la coordinaci\u00f3, l\u2019escolta col\u00b7lectiva i la pulsaci\u00f3 compartida. El ritme s\u2019ha convertit en fil conductor de la sessi\u00f3, combinant-lo amb m\u00fasica actual que connecta amb l\u2019alumnat i activa noves maneres d\u2019habitar el moviment.<\/p>\n\n\n\n<p class=\"wp-block-paragraph\">El joc ens ha perm\u00e8s perdre la rigidesa, entrar en una energia m\u00e9s viva i refor\u00e7ar la cohesi\u00f3 del grup.<\/p>\n\n\n\n<p class=\"wp-block-paragraph\">Seguim.<\/p>\n","protected":false},"excerpt":{"rendered":"<p>A inicis de gener hem tornat al Mas Fonollar amb energia renovada. Aquest cop, hem explorat el moviment a trav\u00e9s del joc i el ritme, deixant que el cos respongu\u00e9s de manera espont\u00e0nia a diferents est\u00edmuls. A l\u2019exterior de l\u2019espai, amb l\u2019aire fred per\u00f2 el grup ben activat, hem treballat din\u00e0miques com les jacas, posant &hellip; <\/p>\n<p class=\"link-more\"><a href=\"\/bastida2026\/explorem-el-moviment-entre-joc-i-ritme\/\" class=\"more-link\">Continua llegint <span class=\"screen-reader-text\">\u00abExplorem el moviment entre joc i ritme\u00bb<\/span><\/a><\/p>\n","protected":false},"author":6,"featured_media":0,"comment_status":"closed","ping_status":"","sticky":false,"template":"","format":"standard","meta":{"footnotes":""},"categories":[1],"tags":[],"class_list":["post-146","post","type-post","status-publish","format-standard","hentry","category-general"],"_links":{"self":[{"href":"\/bastida2026\/wp-json\/wp\/v2\/posts\/146","targetHints":{"allow":["GET"]}}],"collection":[{"href":"\/bastida2026\/wp-json\/wp\/v2\/posts"}],"about":[{"href":"\/bastida2026\/wp-json\/wp\/v2\/types\/post"}],"author":[{"embeddable":true,"href":"\/bastida2026\/wp-json\/wp\/v2\/users\/6"}],"replies":[{"embeddable":true,"href":"\/bastida2026\/wp-json\/wp\/v2\/comments?post=146"}],"version-history":[{"count":1,"href":"\/bastida2026\/wp-json\/wp\/v2\/posts\/146\/revisions"}],"predecessor-version":[{"id":150,"href":"\/bastida2026\/wp-json\/wp\/v2\/posts\/146\/revisions\/150"}],"wp:attachment":[{"href":"\/bastida2026\/wp-json\/wp\/v2\/media?parent=146"}],"wp:term":[{"taxonomy":"category","embeddable":true,"href":"\/bastida2026\/wp-json\/wp\/v2\/categories?post=146"},{"taxonomy":"post_tag","embeddable":true,"href":"\/bastida2026\/wp-json\/wp\/v2\/tags?post=146"}],"curies":[{"name":"wp","href":"https:\/\/api.w.org\/{rel}","templated":true}]}}