{"id":151,"date":"2026-02-03T09:50:29","date_gmt":"2026-02-03T07:50:29","guid":{"rendered":"\/bastida2026\/?p=151"},"modified":"2026-03-04T09:57:24","modified_gmt":"2026-03-04T07:57:24","slug":"els-inicis-preparant-la-mostra","status":"publish","type":"post","link":"\/bastida2026\/els-inicis-preparant-la-mostra\/","title":{"rendered":"Els inicis: preparant la mostra"},"content":{"rendered":"\n<p class=\"wp-block-paragraph\">Analitzem com cont\u00ednua el proc\u00e9s que estem seguint amb referents gr\u00e0cies a les nostres artistes, Esther i Carmela.<\/p>\n\n\n\n<figure class=\"wp-block-gallery has-nested-images columns-default is-cropped wp-block-gallery-1 is-layout-flex wp-block-gallery-is-layout-flex\">\n<figure class=\"wp-block-image size-large\"><img loading=\"lazy\" decoding=\"async\" width=\"1024\" height=\"768\" data-id=\"153\" src=\"\/bastida2026\/wp-content\/uploads\/2026\/03\/2026-02-033-1024x768.jpeg\" alt=\"\" class=\"wp-image-153\" srcset=\"\/bastida2026\/wp-content\/uploads\/2026\/03\/2026-02-033-1024x768.jpeg 1024w, \/bastida2026\/wp-content\/uploads\/2026\/03\/2026-02-033-300x225.jpeg 300w, \/bastida2026\/wp-content\/uploads\/2026\/03\/2026-02-033-768x576.jpeg 768w, \/bastida2026\/wp-content\/uploads\/2026\/03\/2026-02-033-1536x1152.jpeg 1536w, \/bastida2026\/wp-content\/uploads\/2026\/03\/2026-02-033.jpeg 2048w\" sizes=\"auto, (max-width: 767px) 89vw, (max-width: 1000px) 54vw, (max-width: 1071px) 543px, 580px\" \/><\/figure>\n\n\n\n<figure class=\"wp-block-image size-large\"><img loading=\"lazy\" decoding=\"async\" width=\"768\" height=\"1024\" data-id=\"154\" src=\"\/bastida2026\/wp-content\/uploads\/2026\/03\/2026-02-03-4-768x1024.jpeg\" alt=\"\" class=\"wp-image-154\" srcset=\"\/bastida2026\/wp-content\/uploads\/2026\/03\/2026-02-03-4-768x1024.jpeg 768w, \/bastida2026\/wp-content\/uploads\/2026\/03\/2026-02-03-4-225x300.jpeg 225w, \/bastida2026\/wp-content\/uploads\/2026\/03\/2026-02-03-4-1152x1536.jpeg 1152w, \/bastida2026\/wp-content\/uploads\/2026\/03\/2026-02-03-4.jpeg 1536w\" sizes=\"auto, (max-width: 767px) 89vw, (max-width: 1000px) 54vw, (max-width: 1071px) 543px, 580px\" \/><\/figure>\n<\/figure>\n\n\n\n<p class=\"wp-block-paragraph\">A m\u00e9s, hem continuat aprofundint en el treball de ritme i moviment a l\u2019exterior del Mas Fonollar. Les <em>jacas<\/em> i la m\u00fasica actual ens ajuden a consolidar la coordinaci\u00f3 i la pres\u00e8ncia col\u00b7lectiva.<\/p>\n\n\n\n<figure class=\"wp-block-gallery has-nested-images columns-default is-cropped wp-block-gallery-2 is-layout-flex wp-block-gallery-is-layout-flex\">\n<figure class=\"wp-block-image size-large\"><img loading=\"lazy\" decoding=\"async\" width=\"768\" height=\"1024\" data-id=\"157\" src=\"\/bastida2026\/wp-content\/uploads\/2026\/03\/2026-02-03-2-2-768x1024.jpeg\" alt=\"\" class=\"wp-image-157\" srcset=\"\/bastida2026\/wp-content\/uploads\/2026\/03\/2026-02-03-2-2-768x1024.jpeg 768w, \/bastida2026\/wp-content\/uploads\/2026\/03\/2026-02-03-2-2-225x300.jpeg 225w, \/bastida2026\/wp-content\/uploads\/2026\/03\/2026-02-03-2-2-1152x1536.jpeg 1152w, \/bastida2026\/wp-content\/uploads\/2026\/03\/2026-02-03-2-2.jpeg 1536w\" sizes=\"auto, (max-width: 767px) 89vw, (max-width: 1000px) 54vw, (max-width: 1071px) 543px, 580px\" \/><\/figure>\n\n\n\n<figure class=\"wp-block-image size-large\"><img loading=\"lazy\" decoding=\"async\" width=\"1024\" height=\"768\" data-id=\"158\" src=\"\/bastida2026\/wp-content\/uploads\/2026\/03\/Disseny-sense-titol-2-1024x768.jpg\" alt=\"\" class=\"wp-image-158\" srcset=\"\/bastida2026\/wp-content\/uploads\/2026\/03\/Disseny-sense-titol-2-1024x768.jpg 1024w, \/bastida2026\/wp-content\/uploads\/2026\/03\/Disseny-sense-titol-2-300x225.jpg 300w, \/bastida2026\/wp-content\/uploads\/2026\/03\/Disseny-sense-titol-2-768x576.jpg 768w, \/bastida2026\/wp-content\/uploads\/2026\/03\/Disseny-sense-titol-2-1536x1152.jpg 1536w, \/bastida2026\/wp-content\/uploads\/2026\/03\/Disseny-sense-titol-2.jpg 2048w\" sizes=\"auto, (max-width: 767px) 89vw, (max-width: 1000px) 54vw, (max-width: 1071px) 543px, 580px\" \/><\/figure>\n<\/figure>\n\n\n\n<p class=\"wp-block-paragraph\">A poc a poc, el joc es transforma en estructura i el grup comen\u00e7a a prendre consci\u00e8ncia que el que estem construint ja apunta cap a la mostra de febrer, que compartirem amb un p\u00fablic delimitat. El proc\u00e9s es va afinant.<\/p>\n","protected":false},"excerpt":{"rendered":"<p>Analitzem com cont\u00ednua el proc\u00e9s que estem seguint amb referents gr\u00e0cies a les nostres artistes, Esther i Carmela. A m\u00e9s, hem continuat aprofundint en el treball de ritme i moviment a l\u2019exterior del Mas Fonollar. Les jacas i la m\u00fasica actual ens ajuden a consolidar la coordinaci\u00f3 i la pres\u00e8ncia col\u00b7lectiva. A poc a poc, &hellip; <\/p>\n<p class=\"link-more\"><a href=\"\/bastida2026\/els-inicis-preparant-la-mostra\/\" class=\"more-link\">Continua llegint <span class=\"screen-reader-text\">\u00abEls inicis: preparant la mostra\u00bb<\/span><\/a><\/p>\n","protected":false},"author":6,"featured_media":0,"comment_status":"closed","ping_status":"","sticky":false,"template":"","format":"standard","meta":{"footnotes":""},"categories":[1],"tags":[],"class_list":["post-151","post","type-post","status-publish","format-standard","hentry","category-general"],"_links":{"self":[{"href":"\/bastida2026\/wp-json\/wp\/v2\/posts\/151","targetHints":{"allow":["GET"]}}],"collection":[{"href":"\/bastida2026\/wp-json\/wp\/v2\/posts"}],"about":[{"href":"\/bastida2026\/wp-json\/wp\/v2\/types\/post"}],"author":[{"embeddable":true,"href":"\/bastida2026\/wp-json\/wp\/v2\/users\/6"}],"replies":[{"embeddable":true,"href":"\/bastida2026\/wp-json\/wp\/v2\/comments?post=151"}],"version-history":[{"count":1,"href":"\/bastida2026\/wp-json\/wp\/v2\/posts\/151\/revisions"}],"predecessor-version":[{"id":159,"href":"\/bastida2026\/wp-json\/wp\/v2\/posts\/151\/revisions\/159"}],"wp:attachment":[{"href":"\/bastida2026\/wp-json\/wp\/v2\/media?parent=151"}],"wp:term":[{"taxonomy":"category","embeddable":true,"href":"\/bastida2026\/wp-json\/wp\/v2\/categories?post=151"},{"taxonomy":"post_tag","embeddable":true,"href":"\/bastida2026\/wp-json\/wp\/v2\/tags?post=151"}],"curies":[{"name":"wp","href":"https:\/\/api.w.org\/{rel}","templated":true}]}}