{"id":160,"date":"2026-01-26T09:59:13","date_gmt":"2026-01-26T07:59:13","guid":{"rendered":"\/bastida2026\/?p=160"},"modified":"2026-03-04T10:01:27","modified_gmt":"2026-03-04T08:01:27","slug":"ritme-esport-i-mirada","status":"publish","type":"post","link":"\/bastida2026\/ritme-esport-i-mirada\/","title":{"rendered":"Ritme, esport i mirada"},"content":{"rendered":"\n<p class=\"wp-block-paragraph\">El dimarts 20 de gener vam traslladar el treball a l\u2019institut amb l\u2019Esther, continuant l\u2019exploraci\u00f3 del ritme i el moviment, aquesta vegada a trav\u00e9s de l\u2019esport. El joc esportiu ens va permetre observar noves din\u00e0miques de grup, velocitats i formes d\u2019ocupar l\u2019espai.<\/p>\n\n\n\n<figure class=\"wp-block-gallery has-nested-images columns-default is-cropped wp-block-gallery-1 is-layout-flex wp-block-gallery-is-layout-flex\">\n<figure class=\"wp-block-image size-large\"><img loading=\"lazy\" decoding=\"async\" width=\"768\" height=\"1024\" data-id=\"161\" src=\"\/bastida2026\/wp-content\/uploads\/2026\/03\/2026-01-20-1-768x1024.jpeg\" alt=\"\" class=\"wp-image-161\" srcset=\"\/bastida2026\/wp-content\/uploads\/2026\/03\/2026-01-20-1-768x1024.jpeg 768w, \/bastida2026\/wp-content\/uploads\/2026\/03\/2026-01-20-1-225x300.jpeg 225w, \/bastida2026\/wp-content\/uploads\/2026\/03\/2026-01-20-1-1152x1536.jpeg 1152w, \/bastida2026\/wp-content\/uploads\/2026\/03\/2026-01-20-1.jpeg 1536w\" sizes=\"auto, (max-width: 767px) 89vw, (max-width: 1000px) 54vw, (max-width: 1071px) 543px, 580px\" \/><\/figure>\n\n\n\n<figure class=\"wp-block-image size-large\"><img loading=\"lazy\" decoding=\"async\" width=\"768\" height=\"1024\" data-id=\"162\" src=\"\/bastida2026\/wp-content\/uploads\/2026\/03\/2026-01-20-2-768x1024.jpeg\" alt=\"\" class=\"wp-image-162\" srcset=\"\/bastida2026\/wp-content\/uploads\/2026\/03\/2026-01-20-2-768x1024.jpeg 768w, \/bastida2026\/wp-content\/uploads\/2026\/03\/2026-01-20-2-225x300.jpeg 225w, \/bastida2026\/wp-content\/uploads\/2026\/03\/2026-01-20-2-1152x1536.jpeg 1152w, \/bastida2026\/wp-content\/uploads\/2026\/03\/2026-01-20-2.jpeg 1536w\" sizes=\"auto, (max-width: 767px) 89vw, (max-width: 1000px) 54vw, (max-width: 1071px) 543px, 580px\" \/><\/figure>\n\n\n\n<figure class=\"wp-block-image size-large\"><img loading=\"lazy\" decoding=\"async\" width=\"1024\" height=\"768\" data-id=\"163\" src=\"\/bastida2026\/wp-content\/uploads\/2026\/03\/2026-01-20-3-1024x768.jpeg\" alt=\"\" class=\"wp-image-163\" srcset=\"\/bastida2026\/wp-content\/uploads\/2026\/03\/2026-01-20-3-1024x768.jpeg 1024w, \/bastida2026\/wp-content\/uploads\/2026\/03\/2026-01-20-3-300x225.jpeg 300w, \/bastida2026\/wp-content\/uploads\/2026\/03\/2026-01-20-3-768x576.jpeg 768w, \/bastida2026\/wp-content\/uploads\/2026\/03\/2026-01-20-3-1536x1152.jpeg 1536w, \/bastida2026\/wp-content\/uploads\/2026\/03\/2026-01-20-3.jpeg 2048w\" sizes=\"auto, (max-width: 767px) 89vw, (max-width: 1000px) 54vw, (max-width: 1071px) 543px, 580px\" \/><\/figure>\n<\/figure>\n\n\n\n<p class=\"wp-block-paragraph\">A m\u00e9s, l\u2019alumnat va comen\u00e7ar a experimentar amb la c\u00e0mera, investigant diferents perspectives i angles per captar el moviment. No nom\u00e9s es tractava de moure el cos, sin\u00f3 tamb\u00e9 d\u2019aprendre a mirar-lo.<\/p>\n","protected":false},"excerpt":{"rendered":"<p>El dimarts 20 de gener vam traslladar el treball a l\u2019institut amb l\u2019Esther, continuant l\u2019exploraci\u00f3 del ritme i el moviment, aquesta vegada a trav\u00e9s de l\u2019esport. El joc esportiu ens va permetre observar noves din\u00e0miques de grup, velocitats i formes d\u2019ocupar l\u2019espai. A m\u00e9s, l\u2019alumnat va comen\u00e7ar a experimentar amb la c\u00e0mera, investigant diferents perspectives &hellip; <\/p>\n<p class=\"link-more\"><a href=\"\/bastida2026\/ritme-esport-i-mirada\/\" class=\"more-link\">Continua llegint <span class=\"screen-reader-text\">\u00abRitme, esport i mirada\u00bb<\/span><\/a><\/p>\n","protected":false},"author":6,"featured_media":0,"comment_status":"closed","ping_status":"","sticky":false,"template":"","format":"standard","meta":{"footnotes":""},"categories":[1],"tags":[],"class_list":["post-160","post","type-post","status-publish","format-standard","hentry","category-general"],"_links":{"self":[{"href":"\/bastida2026\/wp-json\/wp\/v2\/posts\/160","targetHints":{"allow":["GET"]}}],"collection":[{"href":"\/bastida2026\/wp-json\/wp\/v2\/posts"}],"about":[{"href":"\/bastida2026\/wp-json\/wp\/v2\/types\/post"}],"author":[{"embeddable":true,"href":"\/bastida2026\/wp-json\/wp\/v2\/users\/6"}],"replies":[{"embeddable":true,"href":"\/bastida2026\/wp-json\/wp\/v2\/comments?post=160"}],"version-history":[{"count":1,"href":"\/bastida2026\/wp-json\/wp\/v2\/posts\/160\/revisions"}],"predecessor-version":[{"id":164,"href":"\/bastida2026\/wp-json\/wp\/v2\/posts\/160\/revisions\/164"}],"wp:attachment":[{"href":"\/bastida2026\/wp-json\/wp\/v2\/media?parent=160"}],"wp:term":[{"taxonomy":"category","embeddable":true,"href":"\/bastida2026\/wp-json\/wp\/v2\/categories?post=160"},{"taxonomy":"post_tag","embeddable":true,"href":"\/bastida2026\/wp-json\/wp\/v2\/tags?post=160"}],"curies":[{"name":"wp","href":"https:\/\/api.w.org\/{rel}","templated":true}]}}