{"id":165,"date":"2026-03-02T10:05:38","date_gmt":"2026-03-02T08:05:38","guid":{"rendered":"\/bastida2026\/?p=165"},"modified":"2026-03-04T13:37:06","modified_gmt":"2026-03-04T11:37:06","slug":"mostra-de-febrer-veu-moviment-i-comunitat","status":"publish","type":"post","link":"\/bastida2026\/mostra-de-febrer-veu-moviment-i-comunitat\/","title":{"rendered":"Mostra de febrer: veu, moviment i comunitat"},"content":{"rendered":"\n<p class=\"wp-block-paragraph\">El 24 de febrer vam compartir la mostra del proc\u00e9s amb un p\u00fablic delimitat format per professorat del centre, t\u00e8cniques de l\u2019Ajuntament, representants del CRP de Santa Coloma de Gramenet i del Mas Fonollar.<\/p>\n\n\n\n<figure class=\"wp-block-gallery has-nested-images columns-default is-cropped wp-block-gallery-1 is-layout-flex wp-block-gallery-is-layout-flex\">\n<figure class=\"wp-block-image size-large\"><img loading=\"lazy\" decoding=\"async\" width=\"1024\" height=\"683\" data-id=\"218\" src=\"\/bastida2026\/wp-content\/uploads\/2026\/03\/EnResidencia_-La-Bastida_-Carmela-i-Esther-\u00a9Mila-Ercoli-002-5-1024x683.jpg\" alt=\"\" class=\"wp-image-218\" srcset=\"\/bastida2026\/wp-content\/uploads\/2026\/03\/EnResidencia_-La-Bastida_-Carmela-i-Esther-\u00a9Mila-Ercoli-002-5-1024x683.jpg 1024w, \/bastida2026\/wp-content\/uploads\/2026\/03\/EnResidencia_-La-Bastida_-Carmela-i-Esther-\u00a9Mila-Ercoli-002-5-300x200.jpg 300w, \/bastida2026\/wp-content\/uploads\/2026\/03\/EnResidencia_-La-Bastida_-Carmela-i-Esther-\u00a9Mila-Ercoli-002-5-768x512.jpg 768w, \/bastida2026\/wp-content\/uploads\/2026\/03\/EnResidencia_-La-Bastida_-Carmela-i-Esther-\u00a9Mila-Ercoli-002-5-1536x1024.jpg 1536w, \/bastida2026\/wp-content\/uploads\/2026\/03\/EnResidencia_-La-Bastida_-Carmela-i-Esther-\u00a9Mila-Ercoli-002-5-2048x1365.jpg 2048w\" sizes=\"auto, (max-width: 767px) 89vw, (max-width: 1000px) 54vw, (max-width: 1071px) 543px, 580px\" \/><\/figure>\n\n\n\n<figure class=\"wp-block-image size-large\"><img loading=\"lazy\" decoding=\"async\" width=\"1024\" height=\"683\" data-id=\"219\" src=\"\/bastida2026\/wp-content\/uploads\/2026\/03\/EnResidencia_-La-Bastida_-Carmela-i-Esther-\u00a9Mila-Ercoli-001-8-1024x683.jpg\" alt=\"\" class=\"wp-image-219\" srcset=\"\/bastida2026\/wp-content\/uploads\/2026\/03\/EnResidencia_-La-Bastida_-Carmela-i-Esther-\u00a9Mila-Ercoli-001-8-1024x683.jpg 1024w, \/bastida2026\/wp-content\/uploads\/2026\/03\/EnResidencia_-La-Bastida_-Carmela-i-Esther-\u00a9Mila-Ercoli-001-8-300x200.jpg 300w, \/bastida2026\/wp-content\/uploads\/2026\/03\/EnResidencia_-La-Bastida_-Carmela-i-Esther-\u00a9Mila-Ercoli-001-8-768x512.jpg 768w, \/bastida2026\/wp-content\/uploads\/2026\/03\/EnResidencia_-La-Bastida_-Carmela-i-Esther-\u00a9Mila-Ercoli-001-8-1536x1024.jpg 1536w, \/bastida2026\/wp-content\/uploads\/2026\/03\/EnResidencia_-La-Bastida_-Carmela-i-Esther-\u00a9Mila-Ercoli-001-8-2048x1365.jpg 2048w\" sizes=\"auto, (max-width: 767px) 89vw, (max-width: 1000px) 54vw, (max-width: 1071px) 543px, 580px\" \/><\/figure>\n\n\n\n<figure class=\"wp-block-image size-large\"><img loading=\"lazy\" decoding=\"async\" width=\"1024\" height=\"683\" data-id=\"217\" src=\"\/bastida2026\/wp-content\/uploads\/2026\/03\/EnResidencia_-La-Bastida_-Carmela-i-Esther-\u00a9Mila-Ercoli-005-4-1024x683.jpg\" alt=\"\" class=\"wp-image-217\" srcset=\"\/bastida2026\/wp-content\/uploads\/2026\/03\/EnResidencia_-La-Bastida_-Carmela-i-Esther-\u00a9Mila-Ercoli-005-4-1024x683.jpg 1024w, \/bastida2026\/wp-content\/uploads\/2026\/03\/EnResidencia_-La-Bastida_-Carmela-i-Esther-\u00a9Mila-Ercoli-005-4-300x200.jpg 300w, \/bastida2026\/wp-content\/uploads\/2026\/03\/EnResidencia_-La-Bastida_-Carmela-i-Esther-\u00a9Mila-Ercoli-005-4-768x512.jpg 768w, \/bastida2026\/wp-content\/uploads\/2026\/03\/EnResidencia_-La-Bastida_-Carmela-i-Esther-\u00a9Mila-Ercoli-005-4-1536x1024.jpg 1536w, \/bastida2026\/wp-content\/uploads\/2026\/03\/EnResidencia_-La-Bastida_-Carmela-i-Esther-\u00a9Mila-Ercoli-005-4-2048x1365.jpg 2048w\" sizes=\"auto, (max-width: 767px) 89vw, (max-width: 1000px) 54vw, (max-width: 1071px) 543px, 580px\" \/><\/figure>\n<\/figure>\n\n\n\n<figure class=\"wp-block-gallery has-nested-images columns-default is-cropped wp-block-gallery-2 is-layout-flex wp-block-gallery-is-layout-flex\">\n<figure class=\"wp-block-image size-large\"><img loading=\"lazy\" decoding=\"async\" width=\"1024\" height=\"683\" data-id=\"220\" src=\"\/bastida2026\/wp-content\/uploads\/2026\/03\/EnResidencia_-La-Bastida_-Carmela-i-Esther-\u00a9Mila-Ercoli-011-S-ha-editat-1024x683.jpg\" alt=\"\" class=\"wp-image-220\" srcset=\"\/bastida2026\/wp-content\/uploads\/2026\/03\/EnResidencia_-La-Bastida_-Carmela-i-Esther-\u00a9Mila-Ercoli-011-S-ha-editat-1024x683.jpg 1024w, \/bastida2026\/wp-content\/uploads\/2026\/03\/EnResidencia_-La-Bastida_-Carmela-i-Esther-\u00a9Mila-Ercoli-011-S-ha-editat-300x200.jpg 300w, \/bastida2026\/wp-content\/uploads\/2026\/03\/EnResidencia_-La-Bastida_-Carmela-i-Esther-\u00a9Mila-Ercoli-011-S-ha-editat-768x512.jpg 768w, \/bastida2026\/wp-content\/uploads\/2026\/03\/EnResidencia_-La-Bastida_-Carmela-i-Esther-\u00a9Mila-Ercoli-011-S-ha-editat-1536x1024.jpg 1536w, \/bastida2026\/wp-content\/uploads\/2026\/03\/EnResidencia_-La-Bastida_-Carmela-i-Esther-\u00a9Mila-Ercoli-011-S-ha-editat-2048x1365.jpg 2048w\" sizes=\"auto, (max-width: 767px) 89vw, (max-width: 1000px) 54vw, (max-width: 1071px) 543px, 580px\" \/><\/figure>\n\n\n\n<figure class=\"wp-block-image size-large\"><img loading=\"lazy\" decoding=\"async\" width=\"1024\" height=\"683\" data-id=\"221\" src=\"\/bastida2026\/wp-content\/uploads\/2026\/03\/EnResidencia_-La-Bastida_-Carmela-i-Esther-\u00a9Mila-Ercoli-012-7-1024x683.jpg\" alt=\"\" class=\"wp-image-221\" srcset=\"\/bastida2026\/wp-content\/uploads\/2026\/03\/EnResidencia_-La-Bastida_-Carmela-i-Esther-\u00a9Mila-Ercoli-012-7-1024x683.jpg 1024w, \/bastida2026\/wp-content\/uploads\/2026\/03\/EnResidencia_-La-Bastida_-Carmela-i-Esther-\u00a9Mila-Ercoli-012-7-300x200.jpg 300w, \/bastida2026\/wp-content\/uploads\/2026\/03\/EnResidencia_-La-Bastida_-Carmela-i-Esther-\u00a9Mila-Ercoli-012-7-768x512.jpg 768w, \/bastida2026\/wp-content\/uploads\/2026\/03\/EnResidencia_-La-Bastida_-Carmela-i-Esther-\u00a9Mila-Ercoli-012-7-1536x1024.jpg 1536w, \/bastida2026\/wp-content\/uploads\/2026\/03\/EnResidencia_-La-Bastida_-Carmela-i-Esther-\u00a9Mila-Ercoli-012-7-2048x1365.jpg 2048w\" sizes=\"auto, (max-width: 767px) 89vw, (max-width: 1000px) 54vw, (max-width: 1071px) 543px, 580px\" \/><\/figure>\n\n\n\n<figure class=\"wp-block-image size-large\"><img loading=\"lazy\" decoding=\"async\" width=\"1024\" height=\"683\" data-id=\"222\" src=\"\/bastida2026\/wp-content\/uploads\/2026\/03\/EnResidencia_-La-Bastida_-Carmela-i-Esther-\u00a9Mila-Ercoli-015-6-1024x683.jpg\" alt=\"\" class=\"wp-image-222\" srcset=\"\/bastida2026\/wp-content\/uploads\/2026\/03\/EnResidencia_-La-Bastida_-Carmela-i-Esther-\u00a9Mila-Ercoli-015-6-1024x683.jpg 1024w, \/bastida2026\/wp-content\/uploads\/2026\/03\/EnResidencia_-La-Bastida_-Carmela-i-Esther-\u00a9Mila-Ercoli-015-6-300x200.jpg 300w, \/bastida2026\/wp-content\/uploads\/2026\/03\/EnResidencia_-La-Bastida_-Carmela-i-Esther-\u00a9Mila-Ercoli-015-6-768x512.jpg 768w, \/bastida2026\/wp-content\/uploads\/2026\/03\/EnResidencia_-La-Bastida_-Carmela-i-Esther-\u00a9Mila-Ercoli-015-6-1536x1024.jpg 1536w, \/bastida2026\/wp-content\/uploads\/2026\/03\/EnResidencia_-La-Bastida_-Carmela-i-Esther-\u00a9Mila-Ercoli-015-6-2048x1365.jpg 2048w\" sizes=\"auto, (max-width: 767px) 89vw, (max-width: 1000px) 54vw, (max-width: 1071px) 543px, 580px\" \/><\/figure>\n<\/figure>\n\n\n\n<p class=\"wp-block-paragraph\">L\u2019alumnat, assegut en cercle juntament amb les persones assistents, va iniciar la sessi\u00f3 amb l\u2019enregistrament en directe d\u2019un podcast. A partir de preguntes de l\u2019Oracle \u2014creades col\u00b7lectivament\u2014 van anar compartint reflexions, intu\u00efcions i fragments del cam\u00ed viscut fins ara.<\/p>\n\n\n\n<figure class=\"wp-block-gallery has-nested-images columns-default is-cropped wp-block-gallery-3 is-layout-flex wp-block-gallery-is-layout-flex\">\n<figure class=\"wp-block-image size-large\"><img loading=\"lazy\" decoding=\"async\" width=\"1024\" height=\"683\" data-id=\"224\" src=\"\/bastida2026\/wp-content\/uploads\/2026\/03\/EnResidencia_-La-Bastida_-Carmela-i-Esther-\u00a9Mila-Ercoli-007-1024x683.jpg\" alt=\"\" class=\"wp-image-224\" srcset=\"\/bastida2026\/wp-content\/uploads\/2026\/03\/EnResidencia_-La-Bastida_-Carmela-i-Esther-\u00a9Mila-Ercoli-007-1024x683.jpg 1024w, \/bastida2026\/wp-content\/uploads\/2026\/03\/EnResidencia_-La-Bastida_-Carmela-i-Esther-\u00a9Mila-Ercoli-007-300x200.jpg 300w, \/bastida2026\/wp-content\/uploads\/2026\/03\/EnResidencia_-La-Bastida_-Carmela-i-Esther-\u00a9Mila-Ercoli-007-768x512.jpg 768w, \/bastida2026\/wp-content\/uploads\/2026\/03\/EnResidencia_-La-Bastida_-Carmela-i-Esther-\u00a9Mila-Ercoli-007-1536x1024.jpg 1536w, \/bastida2026\/wp-content\/uploads\/2026\/03\/EnResidencia_-La-Bastida_-Carmela-i-Esther-\u00a9Mila-Ercoli-007-2048x1366.jpg 2048w\" sizes=\"auto, (max-width: 767px) 89vw, (max-width: 1000px) 54vw, (max-width: 1071px) 543px, 580px\" \/><\/figure>\n\n\n\n<figure class=\"wp-block-image size-large\"><img loading=\"lazy\" decoding=\"async\" width=\"1024\" height=\"683\" data-id=\"223\" src=\"\/bastida2026\/wp-content\/uploads\/2026\/03\/EnResidencia_-La-Bastida_-Carmela-i-Esther-\u00a9Mila-Ercoli-023-1-1024x683.jpg\" alt=\"\" class=\"wp-image-223\" srcset=\"\/bastida2026\/wp-content\/uploads\/2026\/03\/EnResidencia_-La-Bastida_-Carmela-i-Esther-\u00a9Mila-Ercoli-023-1-1024x683.jpg 1024w, \/bastida2026\/wp-content\/uploads\/2026\/03\/EnResidencia_-La-Bastida_-Carmela-i-Esther-\u00a9Mila-Ercoli-023-1-300x200.jpg 300w, \/bastida2026\/wp-content\/uploads\/2026\/03\/EnResidencia_-La-Bastida_-Carmela-i-Esther-\u00a9Mila-Ercoli-023-1-768x512.jpg 768w, \/bastida2026\/wp-content\/uploads\/2026\/03\/EnResidencia_-La-Bastida_-Carmela-i-Esther-\u00a9Mila-Ercoli-023-1-1536x1024.jpg 1536w, \/bastida2026\/wp-content\/uploads\/2026\/03\/EnResidencia_-La-Bastida_-Carmela-i-Esther-\u00a9Mila-Ercoli-023-1-2048x1365.jpg 2048w\" sizes=\"auto, (max-width: 767px) 89vw, (max-width: 1000px) 54vw, (max-width: 1071px) 543px, 580px\" \/><\/figure>\n\n\n\n<figure class=\"wp-block-image size-large\"><img loading=\"lazy\" decoding=\"async\" width=\"1024\" height=\"683\" data-id=\"225\" src=\"\/bastida2026\/wp-content\/uploads\/2026\/03\/EnResidencia_-La-Bastida_-Carmela-i-Esther-\u00a9Mila-Ercoli-013-1024x683.jpg\" alt=\"\" class=\"wp-image-225\" srcset=\"\/bastida2026\/wp-content\/uploads\/2026\/03\/EnResidencia_-La-Bastida_-Carmela-i-Esther-\u00a9Mila-Ercoli-013-1024x683.jpg 1024w, \/bastida2026\/wp-content\/uploads\/2026\/03\/EnResidencia_-La-Bastida_-Carmela-i-Esther-\u00a9Mila-Ercoli-013-300x200.jpg 300w, \/bastida2026\/wp-content\/uploads\/2026\/03\/EnResidencia_-La-Bastida_-Carmela-i-Esther-\u00a9Mila-Ercoli-013-768x512.jpg 768w, \/bastida2026\/wp-content\/uploads\/2026\/03\/EnResidencia_-La-Bastida_-Carmela-i-Esther-\u00a9Mila-Ercoli-013-1536x1024.jpg 1536w, \/bastida2026\/wp-content\/uploads\/2026\/03\/EnResidencia_-La-Bastida_-Carmela-i-Esther-\u00a9Mila-Ercoli-013-2048x1365.jpg 2048w\" sizes=\"auto, (max-width: 767px) 89vw, (max-width: 1000px) 54vw, (max-width: 1071px) 543px, 580px\" \/><\/figure>\n<\/figure>\n\n\n\n<p class=\"wp-block-paragraph\">Tot seguit, els assistents van poder veure un mural amb el proc\u00e9s mentre l&#8217;alumnat es preparava per l&#8217;\u00faltima fase, on el cos va prendre el relleu de la paraula. El grup va activar el joc amb pilota mentre sonava de fons el seu primer podcast, barrejat amb m\u00fasiques que formen part del seu univers quotidi\u00e0. Veu i moviment es van entrella\u00e7ar en una pe\u00e7a viva, situada i compartida.<\/p>\n\n\n\n<figure class=\"wp-block-gallery has-nested-images columns-default is-cropped wp-block-gallery-4 is-layout-flex wp-block-gallery-is-layout-flex\">\n<figure class=\"wp-block-image size-large\"><img loading=\"lazy\" decoding=\"async\" width=\"1024\" height=\"683\" data-id=\"226\" src=\"\/bastida2026\/wp-content\/uploads\/2026\/03\/EnResidencia_-La-Bastida_-Carmela-i-Esther-\u00a9Mila-Ercoli-030-5-1024x683.jpg\" alt=\"\" class=\"wp-image-226\" srcset=\"\/bastida2026\/wp-content\/uploads\/2026\/03\/EnResidencia_-La-Bastida_-Carmela-i-Esther-\u00a9Mila-Ercoli-030-5-1024x683.jpg 1024w, \/bastida2026\/wp-content\/uploads\/2026\/03\/EnResidencia_-La-Bastida_-Carmela-i-Esther-\u00a9Mila-Ercoli-030-5-300x200.jpg 300w, \/bastida2026\/wp-content\/uploads\/2026\/03\/EnResidencia_-La-Bastida_-Carmela-i-Esther-\u00a9Mila-Ercoli-030-5-768x512.jpg 768w, \/bastida2026\/wp-content\/uploads\/2026\/03\/EnResidencia_-La-Bastida_-Carmela-i-Esther-\u00a9Mila-Ercoli-030-5-1536x1024.jpg 1536w, \/bastida2026\/wp-content\/uploads\/2026\/03\/EnResidencia_-La-Bastida_-Carmela-i-Esther-\u00a9Mila-Ercoli-030-5-2048x1365.jpg 2048w\" sizes=\"auto, (max-width: 767px) 89vw, (max-width: 1000px) 54vw, (max-width: 1071px) 543px, 580px\" \/><\/figure>\n\n\n\n<figure class=\"wp-block-image size-large\"><img loading=\"lazy\" decoding=\"async\" width=\"1024\" height=\"683\" data-id=\"227\" src=\"\/bastida2026\/wp-content\/uploads\/2026\/03\/EnResidencia_-La-Bastida_-Carmela-i-Esther-\u00a9Mila-Ercoli-033-4-1024x683.jpg\" alt=\"\" class=\"wp-image-227\" srcset=\"\/bastida2026\/wp-content\/uploads\/2026\/03\/EnResidencia_-La-Bastida_-Carmela-i-Esther-\u00a9Mila-Ercoli-033-4-1024x683.jpg 1024w, \/bastida2026\/wp-content\/uploads\/2026\/03\/EnResidencia_-La-Bastida_-Carmela-i-Esther-\u00a9Mila-Ercoli-033-4-300x200.jpg 300w, \/bastida2026\/wp-content\/uploads\/2026\/03\/EnResidencia_-La-Bastida_-Carmela-i-Esther-\u00a9Mila-Ercoli-033-4-768x512.jpg 768w, \/bastida2026\/wp-content\/uploads\/2026\/03\/EnResidencia_-La-Bastida_-Carmela-i-Esther-\u00a9Mila-Ercoli-033-4-1536x1024.jpg 1536w, \/bastida2026\/wp-content\/uploads\/2026\/03\/EnResidencia_-La-Bastida_-Carmela-i-Esther-\u00a9Mila-Ercoli-033-4.jpg 1948w\" sizes=\"auto, (max-width: 767px) 89vw, (max-width: 1000px) 54vw, (max-width: 1071px) 543px, 580px\" \/><\/figure>\n\n\n\n<figure class=\"wp-block-image size-large\"><img loading=\"lazy\" decoding=\"async\" width=\"1024\" height=\"683\" data-id=\"228\" src=\"\/bastida2026\/wp-content\/uploads\/2026\/03\/EnResidencia_-La-Bastida_-Carmela-i-Esther-\u00a9Mila-Ercoli-024-1-1024x683.jpg\" alt=\"\" class=\"wp-image-228\" srcset=\"\/bastida2026\/wp-content\/uploads\/2026\/03\/EnResidencia_-La-Bastida_-Carmela-i-Esther-\u00a9Mila-Ercoli-024-1-1024x683.jpg 1024w, \/bastida2026\/wp-content\/uploads\/2026\/03\/EnResidencia_-La-Bastida_-Carmela-i-Esther-\u00a9Mila-Ercoli-024-1-300x200.jpg 300w, \/bastida2026\/wp-content\/uploads\/2026\/03\/EnResidencia_-La-Bastida_-Carmela-i-Esther-\u00a9Mila-Ercoli-024-1-768x512.jpg 768w, \/bastida2026\/wp-content\/uploads\/2026\/03\/EnResidencia_-La-Bastida_-Carmela-i-Esther-\u00a9Mila-Ercoli-024-1-1536x1024.jpg 1536w, \/bastida2026\/wp-content\/uploads\/2026\/03\/EnResidencia_-La-Bastida_-Carmela-i-Esther-\u00a9Mila-Ercoli-024-1-2048x1365.jpg 2048w\" sizes=\"auto, (max-width: 767px) 89vw, (max-width: 1000px) 54vw, (max-width: 1071px) 543px, 580px\" \/><\/figure>\n<\/figure>\n\n\n\n<p class=\"wp-block-paragraph\">Per tancar l\u2019esdeveniment, un petit pica-pica va generar un espai dist\u00e8s de conversa, retorn i felicitacions. Una mostra \u00edntima, per\u00f2 plena de sentit, que ens anima a continuar el proc\u00e9s.<\/p>\n\n\n\n<p class=\"wp-block-paragraph\">Fotografies: \u00a9Mila Ercoli<\/p>\n\n\n\n<p class=\"wp-block-paragraph\"><\/p>\n","protected":false},"excerpt":{"rendered":"<p>El 24 de febrer vam compartir la mostra del proc\u00e9s amb un p\u00fablic delimitat format per professorat del centre, t\u00e8cniques de l\u2019Ajuntament, representants del CRP de Santa Coloma de Gramenet i del Mas Fonollar. L\u2019alumnat, assegut en cercle juntament amb les persones assistents, va iniciar la sessi\u00f3 amb l\u2019enregistrament en directe d\u2019un podcast. A partir &hellip; <\/p>\n<p class=\"link-more\"><a href=\"\/bastida2026\/mostra-de-febrer-veu-moviment-i-comunitat\/\" class=\"more-link\">Continua llegint <span class=\"screen-reader-text\">\u00abMostra de febrer: veu, moviment i comunitat\u00bb<\/span><\/a><\/p>\n","protected":false},"author":6,"featured_media":0,"comment_status":"closed","ping_status":"","sticky":false,"template":"","format":"standard","meta":{"footnotes":""},"categories":[1],"tags":[],"class_list":["post-165","post","type-post","status-publish","format-standard","hentry","category-general"],"_links":{"self":[{"href":"\/bastida2026\/wp-json\/wp\/v2\/posts\/165","targetHints":{"allow":["GET"]}}],"collection":[{"href":"\/bastida2026\/wp-json\/wp\/v2\/posts"}],"about":[{"href":"\/bastida2026\/wp-json\/wp\/v2\/types\/post"}],"author":[{"embeddable":true,"href":"\/bastida2026\/wp-json\/wp\/v2\/users\/6"}],"replies":[{"embeddable":true,"href":"\/bastida2026\/wp-json\/wp\/v2\/comments?post=165"}],"version-history":[{"count":6,"href":"\/bastida2026\/wp-json\/wp\/v2\/posts\/165\/revisions"}],"predecessor-version":[{"id":229,"href":"\/bastida2026\/wp-json\/wp\/v2\/posts\/165\/revisions\/229"}],"wp:attachment":[{"href":"\/bastida2026\/wp-json\/wp\/v2\/media?parent=165"}],"wp:term":[{"taxonomy":"category","embeddable":true,"href":"\/bastida2026\/wp-json\/wp\/v2\/categories?post=165"},{"taxonomy":"post_tag","embeddable":true,"href":"\/bastida2026\/wp-json\/wp\/v2\/tags?post=165"}],"curies":[{"name":"wp","href":"https:\/\/api.w.org\/{rel}","templated":true}]}}