{"id":231,"date":"2026-03-13T10:13:50","date_gmt":"2026-03-13T08:13:50","guid":{"rendered":"\/bastida2026\/?p=231"},"modified":"2026-03-13T10:13:50","modified_gmt":"2026-03-13T08:13:50","slug":"prenem-forma-a-fabra-i-coats","status":"publish","type":"post","link":"\/bastida2026\/prenem-forma-a-fabra-i-coats\/","title":{"rendered":"Prenem forma a Fabra i Coats"},"content":{"rendered":"\n<p class=\"wp-block-paragraph\">Aquest dimarts hem anat a Fabra i Coats &#8211; F\u00e0brica de Creaci\u00f3 per enregistrar el nostre podcast en un espai habilitat professionalment per fer-ho. L\u2019experi\u00e8ncia ha estat molt especial: micr\u00f2fons, taula de so i t\u00e8cnics assessors que ens han acompanyat durant tot el proc\u00e9s, juntament amb les artistes residents, han convertit la sessi\u00f3 en una immersi\u00f3 real en el m\u00f3n de la creaci\u00f3 sonora.<\/p>\n\n\n\n<figure class=\"wp-block-gallery has-nested-images columns-default is-cropped wp-block-gallery-1 is-layout-flex wp-block-gallery-is-layout-flex\">\n<figure class=\"wp-block-image size-large\"><img loading=\"lazy\" decoding=\"async\" width=\"1024\" height=\"576\" data-id=\"232\" src=\"\/bastida2026\/wp-content\/uploads\/2026\/03\/1-1024x576.jpeg\" alt=\"\" class=\"wp-image-232\" srcset=\"\/bastida2026\/wp-content\/uploads\/2026\/03\/1-1024x576.jpeg 1024w, \/bastida2026\/wp-content\/uploads\/2026\/03\/1-300x169.jpeg 300w, \/bastida2026\/wp-content\/uploads\/2026\/03\/1-768x432.jpeg 768w, \/bastida2026\/wp-content\/uploads\/2026\/03\/1-1536x864.jpeg 1536w, \/bastida2026\/wp-content\/uploads\/2026\/03\/1.jpeg 1920w\" sizes=\"auto, (max-width: 767px) 89vw, (max-width: 1000px) 54vw, (max-width: 1071px) 543px, 580px\" \/><\/figure>\n\n\n\n<figure class=\"wp-block-image size-large\"><img loading=\"lazy\" decoding=\"async\" width=\"1024\" height=\"576\" data-id=\"233\" src=\"\/bastida2026\/wp-content\/uploads\/2026\/03\/2-1024x576.jpeg\" alt=\"\" class=\"wp-image-233\" srcset=\"\/bastida2026\/wp-content\/uploads\/2026\/03\/2-1024x576.jpeg 1024w, \/bastida2026\/wp-content\/uploads\/2026\/03\/2-300x169.jpeg 300w, \/bastida2026\/wp-content\/uploads\/2026\/03\/2-768x432.jpeg 768w, \/bastida2026\/wp-content\/uploads\/2026\/03\/2-1536x864.jpeg 1536w, \/bastida2026\/wp-content\/uploads\/2026\/03\/2.jpeg 1599w\" sizes=\"auto, (max-width: 767px) 89vw, (max-width: 1000px) 54vw, (max-width: 1071px) 543px, 580px\" \/><\/figure>\n<\/figure>\n\n\n\n<p class=\"wp-block-paragraph\">Mentre alguns alumnes passaven pel micr\u00f2fon per respondre les preguntes preparades, altres compartien una estona distesa amb l\u2019equip de La Poderosa, que ha ajudat a generar vincles amb el grup a trav\u00e9s de jocs com el ping-pong. Entre torn i torn, el temps tamb\u00e9 servia per preparar idees, escoltar els companys i agafar confian\u00e7a abans d\u2019entrar a gravar.<\/p>\n\n\n\n<figure class=\"wp-block-gallery has-nested-images columns-default is-cropped wp-block-gallery-2 is-layout-flex wp-block-gallery-is-layout-flex\">\n<figure class=\"wp-block-image size-large\"><img loading=\"lazy\" decoding=\"async\" width=\"1024\" height=\"576\" data-id=\"236\" src=\"\/bastida2026\/wp-content\/uploads\/2026\/03\/4-1-1024x576.jpeg\" alt=\"\" class=\"wp-image-236\" srcset=\"\/bastida2026\/wp-content\/uploads\/2026\/03\/4-1-1024x576.jpeg 1024w, \/bastida2026\/wp-content\/uploads\/2026\/03\/4-1-300x169.jpeg 300w, \/bastida2026\/wp-content\/uploads\/2026\/03\/4-1-768x432.jpeg 768w, \/bastida2026\/wp-content\/uploads\/2026\/03\/4-1-1536x864.jpeg 1536w, \/bastida2026\/wp-content\/uploads\/2026\/03\/4-1.jpeg 1920w\" sizes=\"auto, (max-width: 767px) 89vw, (max-width: 1000px) 54vw, (max-width: 1071px) 543px, 580px\" \/><\/figure>\n\n\n\n<figure class=\"wp-block-image size-large\"><img loading=\"lazy\" decoding=\"async\" width=\"1024\" height=\"768\" data-id=\"237\" src=\"\/bastida2026\/wp-content\/uploads\/2026\/03\/Disseny-sense-titol-4-1024x768.jpg\" alt=\"\" class=\"wp-image-237\" srcset=\"\/bastida2026\/wp-content\/uploads\/2026\/03\/Disseny-sense-titol-4-1024x768.jpg 1024w, \/bastida2026\/wp-content\/uploads\/2026\/03\/Disseny-sense-titol-4-300x225.jpg 300w, \/bastida2026\/wp-content\/uploads\/2026\/03\/Disseny-sense-titol-4-768x576.jpg 768w, \/bastida2026\/wp-content\/uploads\/2026\/03\/Disseny-sense-titol-4-1536x1152.jpg 1536w, \/bastida2026\/wp-content\/uploads\/2026\/03\/Disseny-sense-titol-4.jpg 2048w\" sizes=\"auto, (max-width: 767px) 89vw, (max-width: 1000px) 54vw, (max-width: 1071px) 543px, 580px\" \/><\/figure>\n<\/figure>\n\n\n\n<p class=\"wp-block-paragraph\">A poc a poc, totes les veus han anat trobant el seu espai. Tothom hi ha participat i es percep cada vegada m\u00e9s clarament que el grup se sent part d\u2019aquest proc\u00e9s compartit que continua creixent.<\/p>\n","protected":false},"excerpt":{"rendered":"<p>Aquest dimarts hem anat a Fabra i Coats &#8211; F\u00e0brica de Creaci\u00f3 per enregistrar el nostre podcast en un espai habilitat professionalment per fer-ho. L\u2019experi\u00e8ncia ha estat molt especial: micr\u00f2fons, taula de so i t\u00e8cnics assessors que ens han acompanyat durant tot el proc\u00e9s, juntament amb les artistes residents, han convertit la sessi\u00f3 en una &hellip; <\/p>\n<p class=\"link-more\"><a href=\"\/bastida2026\/prenem-forma-a-fabra-i-coats\/\" class=\"more-link\">Continua llegint <span class=\"screen-reader-text\">\u00abPrenem forma a Fabra i Coats\u00bb<\/span><\/a><\/p>\n","protected":false},"author":6,"featured_media":0,"comment_status":"closed","ping_status":"","sticky":false,"template":"","format":"standard","meta":{"footnotes":""},"categories":[1],"tags":[],"class_list":["post-231","post","type-post","status-publish","format-standard","hentry","category-general"],"_links":{"self":[{"href":"\/bastida2026\/wp-json\/wp\/v2\/posts\/231","targetHints":{"allow":["GET"]}}],"collection":[{"href":"\/bastida2026\/wp-json\/wp\/v2\/posts"}],"about":[{"href":"\/bastida2026\/wp-json\/wp\/v2\/types\/post"}],"author":[{"embeddable":true,"href":"\/bastida2026\/wp-json\/wp\/v2\/users\/6"}],"replies":[{"embeddable":true,"href":"\/bastida2026\/wp-json\/wp\/v2\/comments?post=231"}],"version-history":[{"count":1,"href":"\/bastida2026\/wp-json\/wp\/v2\/posts\/231\/revisions"}],"predecessor-version":[{"id":238,"href":"\/bastida2026\/wp-json\/wp\/v2\/posts\/231\/revisions\/238"}],"wp:attachment":[{"href":"\/bastida2026\/wp-json\/wp\/v2\/media?parent=231"}],"wp:term":[{"taxonomy":"category","embeddable":true,"href":"\/bastida2026\/wp-json\/wp\/v2\/categories?post=231"},{"taxonomy":"post_tag","embeddable":true,"href":"\/bastida2026\/wp-json\/wp\/v2\/tags?post=231"}],"curies":[{"name":"wp","href":"https:\/\/api.w.org\/{rel}","templated":true}]}}