{"id":241,"date":"2026-04-15T15:51:40","date_gmt":"2026-04-15T13:51:40","guid":{"rendered":"\/bastida2026\/?p=241"},"modified":"2026-04-15T15:51:40","modified_gmt":"2026-04-15T13:51:40","slug":"ritme-compartit-amb-basket-beat","status":"publish","type":"post","link":"\/bastida2026\/ritme-compartit-amb-basket-beat\/","title":{"rendered":"Ritme compartit amb Basket Beat"},"content":{"rendered":"\n<p class=\"wp-block-paragraph\"><\/p>\n\n\n\n<p class=\"wp-block-paragraph\">Ahir vam anar amb l\u2019alumnat a Fabra i Coats &#8211; F\u00e0brica de Creaci\u00f3 per participar en una sessi\u00f3 de Basket Beat. A trav\u00e9s de les pilotes de b\u00e0squet, vam treballar el ritme des d\u2019una perspectiva col\u00b7lectiva, combinant moviment, coordinaci\u00f3 i escolta.<\/p>\n\n\n\n<p class=\"wp-block-paragraph\">La pr\u00e0ctica ens va permetre connectar amb el grup d\u2019una manera diferent, on cada so i cada acci\u00f3 tenia un impacte en el conjunt. El bot de la pilota es convertia en pulsaci\u00f3 compartida, generant din\u00e0miques que exigien atenci\u00f3, pres\u00e8ncia i complicitat.<\/p>\n\n\n\n<figure class=\"wp-block-gallery has-nested-images columns-default is-cropped wp-block-gallery-1 is-layout-flex wp-block-gallery-is-layout-flex\">\n<figure class=\"wp-block-image size-large\"><img loading=\"lazy\" decoding=\"async\" width=\"1024\" height=\"576\" data-id=\"242\" src=\"\/bastida2026\/wp-content\/uploads\/2026\/04\/IMG-20260414-WA0018-1024x576.jpg\" alt=\"\" class=\"wp-image-242\" srcset=\"\/bastida2026\/wp-content\/uploads\/2026\/04\/IMG-20260414-WA0018-1024x576.jpg 1024w, \/bastida2026\/wp-content\/uploads\/2026\/04\/IMG-20260414-WA0018-300x169.jpg 300w, \/bastida2026\/wp-content\/uploads\/2026\/04\/IMG-20260414-WA0018-768x432.jpg 768w, \/bastida2026\/wp-content\/uploads\/2026\/04\/IMG-20260414-WA0018-1536x864.jpg 1536w, \/bastida2026\/wp-content\/uploads\/2026\/04\/IMG-20260414-WA0018.jpg 1920w\" sizes=\"auto, (max-width: 767px) 89vw, (max-width: 1000px) 54vw, (max-width: 1071px) 543px, 580px\" \/><\/figure>\n\n\n\n<figure class=\"wp-block-image size-large\"><img loading=\"lazy\" decoding=\"async\" width=\"1024\" height=\"576\" data-id=\"243\" src=\"\/bastida2026\/wp-content\/uploads\/2026\/04\/93e7fb0f-5ab9-4fb3-b05e-03eaeb5313a6-1024x576.jpg\" alt=\"\" class=\"wp-image-243\" srcset=\"\/bastida2026\/wp-content\/uploads\/2026\/04\/93e7fb0f-5ab9-4fb3-b05e-03eaeb5313a6-1024x576.jpg 1024w, \/bastida2026\/wp-content\/uploads\/2026\/04\/93e7fb0f-5ab9-4fb3-b05e-03eaeb5313a6-300x169.jpg 300w, \/bastida2026\/wp-content\/uploads\/2026\/04\/93e7fb0f-5ab9-4fb3-b05e-03eaeb5313a6-768x432.jpg 768w, \/bastida2026\/wp-content\/uploads\/2026\/04\/93e7fb0f-5ab9-4fb3-b05e-03eaeb5313a6-1536x864.jpg 1536w, \/bastida2026\/wp-content\/uploads\/2026\/04\/93e7fb0f-5ab9-4fb3-b05e-03eaeb5313a6.jpg 1920w\" sizes=\"auto, (max-width: 767px) 89vw, (max-width: 1000px) 54vw, (max-width: 1071px) 543px, 580px\" \/><\/figure>\n\n\n\n<figure class=\"wp-block-image size-large\"><img loading=\"lazy\" decoding=\"async\" width=\"1024\" height=\"576\" data-id=\"244\" src=\"\/bastida2026\/wp-content\/uploads\/2026\/04\/826cf775-d0d2-499d-b875-13d6b6b2f6ec-1024x576.jpg\" alt=\"\" class=\"wp-image-244\" srcset=\"\/bastida2026\/wp-content\/uploads\/2026\/04\/826cf775-d0d2-499d-b875-13d6b6b2f6ec-1024x576.jpg 1024w, \/bastida2026\/wp-content\/uploads\/2026\/04\/826cf775-d0d2-499d-b875-13d6b6b2f6ec-300x169.jpg 300w, \/bastida2026\/wp-content\/uploads\/2026\/04\/826cf775-d0d2-499d-b875-13d6b6b2f6ec-768x432.jpg 768w, \/bastida2026\/wp-content\/uploads\/2026\/04\/826cf775-d0d2-499d-b875-13d6b6b2f6ec-1536x864.jpg 1536w, \/bastida2026\/wp-content\/uploads\/2026\/04\/826cf775-d0d2-499d-b875-13d6b6b2f6ec.jpg 1920w\" sizes=\"auto, (max-width: 767px) 89vw, (max-width: 1000px) 54vw, (max-width: 1071px) 543px, 580px\" \/><\/figure>\n<\/figure>\n\n\n\n<p class=\"wp-block-paragraph\">Una experi\u00e8ncia intensa i energ\u00e8tica que suma noves eines al nostre proc\u00e9s de creaci\u00f3. Seguim.<\/p>\n","protected":false},"excerpt":{"rendered":"<p>Ahir vam anar amb l\u2019alumnat a Fabra i Coats &#8211; F\u00e0brica de Creaci\u00f3 per participar en una sessi\u00f3 de Basket Beat. A trav\u00e9s de les pilotes de b\u00e0squet, vam treballar el ritme des d\u2019una perspectiva col\u00b7lectiva, combinant moviment, coordinaci\u00f3 i escolta. La pr\u00e0ctica ens va permetre connectar amb el grup d\u2019una manera diferent, on cada &hellip; <\/p>\n<p class=\"link-more\"><a href=\"\/bastida2026\/ritme-compartit-amb-basket-beat\/\" class=\"more-link\">Continua llegint <span class=\"screen-reader-text\">\u00abRitme compartit amb Basket Beat\u00bb<\/span><\/a><\/p>\n","protected":false},"author":6,"featured_media":0,"comment_status":"closed","ping_status":"","sticky":false,"template":"","format":"standard","meta":{"footnotes":""},"categories":[1],"tags":[],"class_list":["post-241","post","type-post","status-publish","format-standard","hentry","category-general"],"_links":{"self":[{"href":"\/bastida2026\/wp-json\/wp\/v2\/posts\/241","targetHints":{"allow":["GET"]}}],"collection":[{"href":"\/bastida2026\/wp-json\/wp\/v2\/posts"}],"about":[{"href":"\/bastida2026\/wp-json\/wp\/v2\/types\/post"}],"author":[{"embeddable":true,"href":"\/bastida2026\/wp-json\/wp\/v2\/users\/6"}],"replies":[{"embeddable":true,"href":"\/bastida2026\/wp-json\/wp\/v2\/comments?post=241"}],"version-history":[{"count":1,"href":"\/bastida2026\/wp-json\/wp\/v2\/posts\/241\/revisions"}],"predecessor-version":[{"id":245,"href":"\/bastida2026\/wp-json\/wp\/v2\/posts\/241\/revisions\/245"}],"wp:attachment":[{"href":"\/bastida2026\/wp-json\/wp\/v2\/media?parent=241"}],"wp:term":[{"taxonomy":"category","embeddable":true,"href":"\/bastida2026\/wp-json\/wp\/v2\/categories?post=241"},{"taxonomy":"post_tag","embeddable":true,"href":"\/bastida2026\/wp-json\/wp\/v2\/tags?post=241"}],"curies":[{"name":"wp","href":"https:\/\/api.w.org\/{rel}","templated":true}]}}