{"id":248,"date":"2026-04-28T18:39:40","date_gmt":"2026-04-28T16:39:40","guid":{"rendered":"\/bastida2026\/?p=248"},"modified":"2026-04-28T18:39:40","modified_gmt":"2026-04-28T16:39:40","slug":"afinant-la-mostra-final","status":"publish","type":"post","link":"\/bastida2026\/afinant-la-mostra-final\/","title":{"rendered":"Afinant la mostra final"},"content":{"rendered":"\n<p class=\"wp-block-paragraph\">Avui hem tornat al Mas Fonollar amb l\u2019alumnat, la Bea de La Poderosa i la Carmela per continuar treballant en els detalls de la mostra final.<\/p>\n\n\n\n<p class=\"wp-block-paragraph\">La sessi\u00f3 s\u2019ha centrat en el disseny de l\u2019equipaci\u00f3 conjunta, pensada de manera personalitzada, i en la definici\u00f3 d\u2019un nou podcast que formar\u00e0 part de la proposta. A poc a poc, les idees van prenent forma i el grup guanya seguretat en les decisions.<\/p>\n\n\n\n<figure class=\"wp-block-image size-large\"><img loading=\"lazy\" decoding=\"async\" width=\"1024\" height=\"768\" src=\"\/bastida2026\/wp-content\/uploads\/2026\/04\/1b517dd5-2727-4d80-8740-797a869e80d5-1024x768.jpg\" alt=\"\" class=\"wp-image-249\" srcset=\"\/bastida2026\/wp-content\/uploads\/2026\/04\/1b517dd5-2727-4d80-8740-797a869e80d5-1024x768.jpg 1024w, \/bastida2026\/wp-content\/uploads\/2026\/04\/1b517dd5-2727-4d80-8740-797a869e80d5-300x225.jpg 300w, \/bastida2026\/wp-content\/uploads\/2026\/04\/1b517dd5-2727-4d80-8740-797a869e80d5-768x576.jpg 768w, \/bastida2026\/wp-content\/uploads\/2026\/04\/1b517dd5-2727-4d80-8740-797a869e80d5-1536x1152.jpg 1536w, \/bastida2026\/wp-content\/uploads\/2026\/04\/1b517dd5-2727-4d80-8740-797a869e80d5-2048x1536.jpg 2048w\" sizes=\"auto, (max-width: 767px) 89vw, (max-width: 1000px) 54vw, (max-width: 1071px) 543px, 580px\" \/><\/figure>\n\n\n\n<p class=\"wp-block-paragraph\">Es percep una coordinaci\u00f3 cada vegada m\u00e9s gran. El proc\u00e9s s\u2019afina. Seguim.<\/p>\n","protected":false},"excerpt":{"rendered":"<p>Avui hem tornat al Mas Fonollar amb l\u2019alumnat, la Bea de La Poderosa i la Carmela per continuar treballant en els detalls de la mostra final. La sessi\u00f3 s\u2019ha centrat en el disseny de l\u2019equipaci\u00f3 conjunta, pensada de manera personalitzada, i en la definici\u00f3 d\u2019un nou podcast que formar\u00e0 part de la proposta. A poc &hellip; <\/p>\n<p class=\"link-more\"><a href=\"\/bastida2026\/afinant-la-mostra-final\/\" class=\"more-link\">Continua llegint <span class=\"screen-reader-text\">\u00abAfinant la mostra final\u00bb<\/span><\/a><\/p>\n","protected":false},"author":6,"featured_media":0,"comment_status":"closed","ping_status":"","sticky":false,"template":"","format":"standard","meta":{"footnotes":""},"categories":[1],"tags":[],"class_list":["post-248","post","type-post","status-publish","format-standard","hentry","category-general"],"_links":{"self":[{"href":"\/bastida2026\/wp-json\/wp\/v2\/posts\/248","targetHints":{"allow":["GET"]}}],"collection":[{"href":"\/bastida2026\/wp-json\/wp\/v2\/posts"}],"about":[{"href":"\/bastida2026\/wp-json\/wp\/v2\/types\/post"}],"author":[{"embeddable":true,"href":"\/bastida2026\/wp-json\/wp\/v2\/users\/6"}],"replies":[{"embeddable":true,"href":"\/bastida2026\/wp-json\/wp\/v2\/comments?post=248"}],"version-history":[{"count":1,"href":"\/bastida2026\/wp-json\/wp\/v2\/posts\/248\/revisions"}],"predecessor-version":[{"id":250,"href":"\/bastida2026\/wp-json\/wp\/v2\/posts\/248\/revisions\/250"}],"wp:attachment":[{"href":"\/bastida2026\/wp-json\/wp\/v2\/media?parent=248"}],"wp:term":[{"taxonomy":"category","embeddable":true,"href":"\/bastida2026\/wp-json\/wp\/v2\/categories?post=248"},{"taxonomy":"post_tag","embeddable":true,"href":"\/bastida2026\/wp-json\/wp\/v2\/tags?post=248"}],"curies":[{"name":"wp","href":"https:\/\/api.w.org\/{rel}","templated":true}]}}