{"id":255,"date":"2026-05-27T15:24:43","date_gmt":"2026-05-27T13:24:43","guid":{"rendered":"\/bastida2026\/?p=255"},"modified":"2026-05-27T15:24:43","modified_gmt":"2026-05-27T13:24:43","slug":"tancament-del-projecte-en-residencia-al-mas-fonollar","status":"publish","type":"post","link":"\/bastida2026\/tancament-del-projecte-en-residencia-al-mas-fonollar\/","title":{"rendered":"Tancament del projecte En Resid\u00e8ncia al Mas Fonollar"},"content":{"rendered":"\n<p class=\"wp-block-paragraph\">Ahir vam viure el tancament del projecte <strong>En Resid\u00e8ncia<\/strong> amb les artistes Carmela Mu\u00f1oz i Esther Alarc\u00f3n, juntament amb l\u2019alumnat del centre, en una jornada molt especial al Mas Fonollar.<\/p>\n\n\n\n<p class=\"wp-block-paragraph\">L\u2019acte final va reunir alumnat, professorat, persones vinculades al projecte, autoritats del Consorci del Bes\u00f2s i l&#8217;Ajuntament de Santa Coloma de Gramenet i tamb\u00e9 La Poderosa, que ha acompanyat el proc\u00e9s com a entitat mentora. Va ser un espai compartit per mirar enrere, donar valor al cam\u00ed recorregut i posar en com\u00fa tot all\u00f2 que s\u2019ha constru\u00eft al llarg del curs.<\/p>\n\n\n\n<figure class=\"wp-block-image size-large\"><img loading=\"lazy\" decoding=\"async\" width=\"1024\" height=\"768\" src=\"\/bastida2026\/wp-content\/uploads\/2026\/05\/4-1024x768.jpeg\" alt=\"\" class=\"wp-image-262\" srcset=\"\/bastida2026\/wp-content\/uploads\/2026\/05\/4-1024x768.jpeg 1024w, \/bastida2026\/wp-content\/uploads\/2026\/05\/4-300x225.jpeg 300w, \/bastida2026\/wp-content\/uploads\/2026\/05\/4-768x576.jpeg 768w, \/bastida2026\/wp-content\/uploads\/2026\/05\/4-1536x1152.jpeg 1536w, \/bastida2026\/wp-content\/uploads\/2026\/05\/4.jpeg 2048w\" sizes=\"auto, (max-width: 767px) 89vw, (max-width: 1000px) 54vw, (max-width: 1071px) 543px, 580px\" \/><\/figure>\n\n\n\n<p class=\"wp-block-paragraph\">Durant la mostra, es van presentar diferents materials i creacions desenvolupades durant el projecte: imatges, exercicis d\u2019invocaci\u00f3, mapes del proc\u00e9s, p\u00f2dcasts i altres peces nascudes de l\u2019experimentaci\u00f3 art\u00edstica i del treball col\u00b7lectiu. Cada espai exposava una part del recorregut viscut, convertint el Mas Fonollar en un gran mapa de mem\u00f2ries, preguntes i experi\u00e8ncies compartides.<\/p>\n\n\n\n<figure class=\"wp-block-gallery has-nested-images columns-default is-cropped wp-block-gallery-1 is-layout-flex wp-block-gallery-is-layout-flex\">\n<figure class=\"wp-block-image size-large\"><img loading=\"lazy\" decoding=\"async\" width=\"766\" height=\"1024\" data-id=\"258\" src=\"\/bastida2026\/wp-content\/uploads\/2026\/05\/2-766x1024.jpeg\" alt=\"\" class=\"wp-image-258\" srcset=\"\/bastida2026\/wp-content\/uploads\/2026\/05\/2-766x1024.jpeg 766w, \/bastida2026\/wp-content\/uploads\/2026\/05\/2-224x300.jpeg 224w, \/bastida2026\/wp-content\/uploads\/2026\/05\/2-768x1027.jpeg 768w, \/bastida2026\/wp-content\/uploads\/2026\/05\/2-1149x1536.jpeg 1149w, \/bastida2026\/wp-content\/uploads\/2026\/05\/2.jpeg 1405w\" sizes=\"auto, (max-width: 706px) 89vw, (max-width: 767px) 82vw, 740px\" \/><\/figure>\n\n\n\n<figure class=\"wp-block-image size-large\"><img loading=\"lazy\" decoding=\"async\" width=\"987\" height=\"1317\" data-id=\"263\" src=\"\/bastida2026\/wp-content\/uploads\/2026\/05\/3-edited.jpeg\" alt=\"\" class=\"wp-image-263\" srcset=\"\/bastida2026\/wp-content\/uploads\/2026\/05\/3-edited.jpeg 987w, \/bastida2026\/wp-content\/uploads\/2026\/05\/3-edited-225x300.jpeg 225w, \/bastida2026\/wp-content\/uploads\/2026\/05\/3-edited-767x1024.jpeg 767w, \/bastida2026\/wp-content\/uploads\/2026\/05\/3-edited-768x1025.jpeg 768w\" sizes=\"auto, (max-width: 767px) 89vw, (max-width: 1000px) 54vw, (max-width: 1071px) 543px, 580px\" \/><\/figure>\n<\/figure>\n\n\n\n<p class=\"wp-block-paragraph\">Un dels moments m\u00e9s especials de la sessi\u00f3 va ser la visualitzaci\u00f3 del v\u00eddeo creat per les artistes, fusionat amb diferents \u00e0udios, m\u00fasiques i fragments sonors treballats durant el proc\u00e9s. La pe\u00e7a va permetre reconnectar amb moments viscuts durant el curs i posar veu, cos i emoci\u00f3 a tot el treball desenvolupat.<\/p>\n\n\n\n<figure class=\"wp-block-gallery has-nested-images columns-default is-cropped wp-block-gallery-2 is-layout-flex wp-block-gallery-is-layout-flex\">\n<figure class=\"wp-block-image size-large\"><img loading=\"lazy\" decoding=\"async\" width=\"1024\" height=\"576\" data-id=\"261\" src=\"\/bastida2026\/wp-content\/uploads\/2026\/05\/5-1024x576.jpeg\" alt=\"\" class=\"wp-image-261\" srcset=\"\/bastida2026\/wp-content\/uploads\/2026\/05\/5-1024x576.jpeg 1024w, \/bastida2026\/wp-content\/uploads\/2026\/05\/5-300x169.jpeg 300w, \/bastida2026\/wp-content\/uploads\/2026\/05\/5-768x432.jpeg 768w, \/bastida2026\/wp-content\/uploads\/2026\/05\/5-1536x864.jpeg 1536w, \/bastida2026\/wp-content\/uploads\/2026\/05\/5.jpeg 1599w\" sizes=\"auto, (max-width: 767px) 89vw, (max-width: 1000px) 54vw, (max-width: 1071px) 543px, 580px\" \/><\/figure>\n<\/figure>\n\n\n\n<p class=\"wp-block-paragraph\">Per acabar la jornada, es va generar un espai de trobada dist\u00e8s al voltant d\u2019un aperitiu, on alumnat, artistes i assistents van poder conversar, compartir an\u00e8cdotes i resoldre dubtes sobre el proc\u00e9s creatiu. Aquest moment final va esdevenir tamb\u00e9 una celebraci\u00f3 del vincle creat durant el projecte i de la for\u00e7a de l\u2019art com a espai de participaci\u00f3, expressi\u00f3 i comunitat.<\/p>\n\n\n\n<figure class=\"wp-block-gallery has-nested-images columns-default is-cropped wp-block-gallery-3 is-layout-flex wp-block-gallery-is-layout-flex\">\n<figure class=\"wp-block-image size-large\"><img loading=\"lazy\" decoding=\"async\" width=\"1599\" height=\"899\" data-id=\"260\" src=\"\/bastida2026\/wp-content\/uploads\/2026\/05\/6-1024x576.jpeg\" alt=\"\" class=\"wp-image-260\" srcset=\"\/bastida2026\/wp-content\/uploads\/2026\/05\/6-1024x576.jpeg 1024w, \/bastida2026\/wp-content\/uploads\/2026\/05\/6-300x169.jpeg 300w, \/bastida2026\/wp-content\/uploads\/2026\/05\/6-768x432.jpeg 768w, \/bastida2026\/wp-content\/uploads\/2026\/05\/6-1536x864.jpeg 1536w, \/bastida2026\/wp-content\/uploads\/2026\/05\/6.jpeg 1599w\" sizes=\"auto, (max-width: 767px) 89vw, (max-width: 1000px) 54vw, (max-width: 1071px) 543px, 580px\" \/><\/figure>\n\n\n\n<figure class=\"wp-block-image size-large\"><img loading=\"lazy\" decoding=\"async\" width=\"1024\" height=\"768\" data-id=\"257\" src=\"\/bastida2026\/wp-content\/uploads\/2026\/05\/1-1024x768.jpeg\" alt=\"\" class=\"wp-image-257\" srcset=\"\/bastida2026\/wp-content\/uploads\/2026\/05\/1-1024x768.jpeg 1024w, \/bastida2026\/wp-content\/uploads\/2026\/05\/1-300x225.jpeg 300w, \/bastida2026\/wp-content\/uploads\/2026\/05\/1-768x576.jpeg 768w, \/bastida2026\/wp-content\/uploads\/2026\/05\/1-1536x1152.jpeg 1536w, \/bastida2026\/wp-content\/uploads\/2026\/05\/1.jpeg 2048w\" sizes=\"auto, (max-width: 767px) 89vw, (max-width: 1000px) 54vw, (max-width: 1071px) 543px, 580px\" \/><\/figure>\n<\/figure>\n\n\n\n<p class=\"wp-block-paragraph\">Gr\u00e0cies a totes les persones que ho heu fet possible i, sobretot, a l\u2019alumnat, protagonista d\u2019aquest proc\u00e9s tan viu i transformador.<\/p>\n\n\n\n<figure class=\"wp-block-gallery has-nested-images columns-default is-cropped wp-block-gallery-4 is-layout-flex wp-block-gallery-is-layout-flex\"><\/figure>\n","protected":false},"excerpt":{"rendered":"<p>Ahir vam viure el tancament del projecte En Resid\u00e8ncia amb les artistes Carmela Mu\u00f1oz i Esther Alarc\u00f3n, juntament amb l\u2019alumnat del centre, en una jornada molt especial al Mas Fonollar. L\u2019acte final va reunir alumnat, professorat, persones vinculades al projecte, autoritats del Consorci del Bes\u00f2s i l&#8217;Ajuntament de Santa Coloma de Gramenet i tamb\u00e9 La &hellip; <\/p>\n<p class=\"link-more\"><a href=\"\/bastida2026\/tancament-del-projecte-en-residencia-al-mas-fonollar\/\" class=\"more-link\">Continua llegint <span class=\"screen-reader-text\">\u00abTancament del projecte En Resid\u00e8ncia al Mas Fonollar\u00bb<\/span><\/a><\/p>\n","protected":false},"author":6,"featured_media":0,"comment_status":"closed","ping_status":"","sticky":false,"template":"","format":"standard","meta":{"footnotes":""},"categories":[1],"tags":[],"class_list":["post-255","post","type-post","status-publish","format-standard","hentry","category-general"],"_links":{"self":[{"href":"\/bastida2026\/wp-json\/wp\/v2\/posts\/255","targetHints":{"allow":["GET"]}}],"collection":[{"href":"\/bastida2026\/wp-json\/wp\/v2\/posts"}],"about":[{"href":"\/bastida2026\/wp-json\/wp\/v2\/types\/post"}],"author":[{"embeddable":true,"href":"\/bastida2026\/wp-json\/wp\/v2\/users\/6"}],"replies":[{"embeddable":true,"href":"\/bastida2026\/wp-json\/wp\/v2\/comments?post=255"}],"version-history":[{"count":1,"href":"\/bastida2026\/wp-json\/wp\/v2\/posts\/255\/revisions"}],"predecessor-version":[{"id":264,"href":"\/bastida2026\/wp-json\/wp\/v2\/posts\/255\/revisions\/264"}],"wp:attachment":[{"href":"\/bastida2026\/wp-json\/wp\/v2\/media?parent=255"}],"wp:term":[{"taxonomy":"category","embeddable":true,"href":"\/bastida2026\/wp-json\/wp\/v2\/categories?post=255"},{"taxonomy":"post_tag","embeddable":true,"href":"\/bastida2026\/wp-json\/wp\/v2\/tags?post=255"}],"curies":[{"name":"wp","href":"https:\/\/api.w.org\/{rel}","templated":true}]}}