{"id":54,"date":"2025-10-08T22:01:00","date_gmt":"2025-10-08T20:01:00","guid":{"rendered":"\/bastida2026\/?p=54"},"modified":"2025-12-03T09:37:45","modified_gmt":"2025-12-03T07:37:45","slug":"formacio-docent-1-obertura-en-residencia-a-la-capella","status":"publish","type":"post","link":"\/bastida2026\/formacio-docent-1-obertura-en-residencia-a-la-capella\/","title":{"rendered":"Formaci\u00f3 docent 0: Obertura En Resid\u00e8ncia a la Capella"},"content":{"rendered":"\n<p class=\"wp-block-paragraph\">El professorat, hem assistit a l\u2019acte de presentaci\u00f3 de la 17a edici\u00f3 del projecte En Resid\u00e8ncia a la Capella: espai que l\u2019Institut de Cultura de Barcelona dedica a la creaci\u00f3 emergent.<\/p>\n\n\n\n<figure class=\"wp-block-gallery has-nested-images columns-default is-cropped wp-block-gallery-1 is-layout-flex wp-block-gallery-is-layout-flex\">\n<figure class=\"wp-block-image size-large\"><img loading=\"lazy\" decoding=\"async\" width=\"1024\" height=\"768\" data-id=\"55\" src=\"\/bastida2026\/wp-content\/uploads\/2025\/10\/WhatsApp-Image-2025-10-08-at-17.08.10-1024x768-1.jpeg\" alt=\"\" class=\"wp-image-55\" srcset=\"\/bastida2026\/wp-content\/uploads\/2025\/10\/WhatsApp-Image-2025-10-08-at-17.08.10-1024x768-1.jpeg 1024w, \/bastida2026\/wp-content\/uploads\/2025\/10\/WhatsApp-Image-2025-10-08-at-17.08.10-1024x768-1-300x225.jpeg 300w, \/bastida2026\/wp-content\/uploads\/2025\/10\/WhatsApp-Image-2025-10-08-at-17.08.10-1024x768-1-768x576.jpeg 768w\" sizes=\"auto, (max-width: 767px) 89vw, (max-width: 1000px) 54vw, (max-width: 1071px) 543px, 580px\" \/><\/figure>\n\n\n\n<figure class=\"wp-block-image size-large\"><img loading=\"lazy\" decoding=\"async\" width=\"1024\" height=\"768\" data-id=\"56\" src=\"\/bastida2026\/wp-content\/uploads\/2025\/10\/WhatsApp-Image-2025-10-08-at-17.24.09-1024x768.jpeg\" alt=\"\" class=\"wp-image-56\" srcset=\"\/bastida2026\/wp-content\/uploads\/2025\/10\/WhatsApp-Image-2025-10-08-at-17.24.09-1024x768.jpeg 1024w, \/bastida2026\/wp-content\/uploads\/2025\/10\/WhatsApp-Image-2025-10-08-at-17.24.09-300x225.jpeg 300w, \/bastida2026\/wp-content\/uploads\/2025\/10\/WhatsApp-Image-2025-10-08-at-17.24.09-768x576.jpeg 768w, \/bastida2026\/wp-content\/uploads\/2025\/10\/WhatsApp-Image-2025-10-08-at-17.24.09-1536x1152.jpeg 1536w, \/bastida2026\/wp-content\/uploads\/2025\/10\/WhatsApp-Image-2025-10-08-at-17.24.09.jpeg 2048w\" sizes=\"auto, (max-width: 767px) 89vw, (max-width: 1000px) 54vw, (max-width: 1071px) 543px, 580px\" \/><\/figure>\n<\/figure>\n\n\n\n<p class=\"wp-block-paragraph\">Durant la primera part hem comptat amb una taula rodona titulada \u00abJo tamb\u00e9 he estat aqu\u00ed III\u00bb on les artistes: Alma Steiner, Martina Many\u00e0 i Carla Torres ens han compartit la seva experi\u00e8ncia amb l&#8217;alumnat.<\/p>\n\n\n\n<figure class=\"wp-block-gallery has-nested-images columns-default is-cropped wp-block-gallery-2 is-layout-flex wp-block-gallery-is-layout-flex\">\n<figure class=\"wp-block-image size-large\"><img loading=\"lazy\" decoding=\"async\" width=\"768\" height=\"576\" data-id=\"57\" src=\"\/bastida2026\/wp-content\/uploads\/2025\/10\/WhatsApp-Image-2025-10-08-at-19.06.04-768x576-1.jpeg\" alt=\"\" class=\"wp-image-57\" srcset=\"\/bastida2026\/wp-content\/uploads\/2025\/10\/WhatsApp-Image-2025-10-08-at-19.06.04-768x576-1.jpeg 768w, \/bastida2026\/wp-content\/uploads\/2025\/10\/WhatsApp-Image-2025-10-08-at-19.06.04-768x576-1-300x225.jpeg 300w\" sizes=\"auto, (max-width: 767px) 89vw, (max-width: 1000px) 54vw, (max-width: 1071px) 543px, 580px\" \/><\/figure>\n\n\n\n<figure class=\"wp-block-image size-large\"><img loading=\"lazy\" decoding=\"async\" width=\"768\" height=\"1024\" data-id=\"58\" src=\"\/bastida2026\/wp-content\/uploads\/2025\/10\/WhatsApp-Image-2025-10-08-at-19.13.34-768x1024-1.jpeg\" alt=\"\" class=\"wp-image-58\" srcset=\"\/bastida2026\/wp-content\/uploads\/2025\/10\/WhatsApp-Image-2025-10-08-at-19.13.34-768x1024-1.jpeg 768w, \/bastida2026\/wp-content\/uploads\/2025\/10\/WhatsApp-Image-2025-10-08-at-19.13.34-768x1024-1-225x300.jpeg 225w\" sizes=\"auto, (max-width: 767px) 89vw, (max-width: 1000px) 54vw, (max-width: 1071px) 543px, 580px\" \/><\/figure>\n\n\n\n<figure class=\"wp-block-image size-large\"><img loading=\"lazy\" decoding=\"async\" width=\"768\" height=\"576\" data-id=\"59\" src=\"\/bastida2026\/wp-content\/uploads\/2025\/10\/WhatsApp-Image-2025-10-08-at-19.20.47-768x576-1.jpeg\" alt=\"\" class=\"wp-image-59\" srcset=\"\/bastida2026\/wp-content\/uploads\/2025\/10\/WhatsApp-Image-2025-10-08-at-19.20.47-768x576-1.jpeg 768w, \/bastida2026\/wp-content\/uploads\/2025\/10\/WhatsApp-Image-2025-10-08-at-19.20.47-768x576-1-300x225.jpeg 300w\" sizes=\"auto, (max-width: 767px) 89vw, (max-width: 1000px) 54vw, (max-width: 1071px) 543px, 580px\" \/><\/figure>\n<\/figure>\n\n\n\n<p class=\"wp-block-paragraph\">Per finalitzar, hem gaudit de la performance \u00abObjeto-territorio\u00bb de Dania Shihab. <\/p>\n","protected":false},"excerpt":{"rendered":"<p>El professorat, hem assistit a l\u2019acte de presentaci\u00f3 de la 17a edici\u00f3 del projecte En Resid\u00e8ncia a la Capella: espai que l\u2019Institut de Cultura de Barcelona dedica a la creaci\u00f3 emergent. Durant la primera part hem comptat amb una taula rodona titulada \u00abJo tamb\u00e9 he estat aqu\u00ed III\u00bb on les artistes: Alma Steiner, Martina Many\u00e0 &hellip; <\/p>\n<p class=\"link-more\"><a href=\"\/bastida2026\/formacio-docent-1-obertura-en-residencia-a-la-capella\/\" class=\"more-link\">Continua llegint <span class=\"screen-reader-text\">\u00abFormaci\u00f3 docent 0: Obertura En Resid\u00e8ncia a la Capella\u00bb<\/span><\/a><\/p>\n","protected":false},"author":6,"featured_media":0,"comment_status":"closed","ping_status":"","sticky":false,"template":"","format":"standard","meta":{"footnotes":""},"categories":[1],"tags":[],"class_list":["post-54","post","type-post","status-publish","format-standard","hentry","category-general"],"_links":{"self":[{"href":"\/bastida2026\/wp-json\/wp\/v2\/posts\/54","targetHints":{"allow":["GET"]}}],"collection":[{"href":"\/bastida2026\/wp-json\/wp\/v2\/posts"}],"about":[{"href":"\/bastida2026\/wp-json\/wp\/v2\/types\/post"}],"author":[{"embeddable":true,"href":"\/bastida2026\/wp-json\/wp\/v2\/users\/6"}],"replies":[{"embeddable":true,"href":"\/bastida2026\/wp-json\/wp\/v2\/comments?post=54"}],"version-history":[{"count":2,"href":"\/bastida2026\/wp-json\/wp\/v2\/posts\/54\/revisions"}],"predecessor-version":[{"id":122,"href":"\/bastida2026\/wp-json\/wp\/v2\/posts\/54\/revisions\/122"}],"wp:attachment":[{"href":"\/bastida2026\/wp-json\/wp\/v2\/media?parent=54"}],"wp:term":[{"taxonomy":"category","embeddable":true,"href":"\/bastida2026\/wp-json\/wp\/v2\/categories?post=54"},{"taxonomy":"post_tag","embeddable":true,"href":"\/bastida2026\/wp-json\/wp\/v2\/tags?post=54"}],"curies":[{"name":"wp","href":"https:\/\/api.w.org\/{rel}","templated":true}]}}