{"id":62,"date":"2025-10-07T16:00:00","date_gmt":"2025-10-07T14:00:00","guid":{"rendered":"\/bastida2026\/?p=62"},"modified":"2025-12-02T17:46:29","modified_gmt":"2025-12-02T15:46:29","slug":"en-marxa-iniciem-la-residencia-a-mas-fonollar-amb-la-carmela-i-lesther","status":"publish","type":"post","link":"\/bastida2026\/en-marxa-iniciem-la-residencia-a-mas-fonollar-amb-la-carmela-i-lesther\/","title":{"rendered":"En Marxa: Iniciem la Resid\u00e8ncia a Mas Fonollar amb la Carmela i l&#8217;Esther!"},"content":{"rendered":"\n<figure class=\"wp-block-image size-large is-resized\"><img loading=\"lazy\" decoding=\"async\" width=\"1024\" height=\"768\" src=\"\/bastida2026\/wp-content\/uploads\/2025\/12\/Diseno-sin-titulo-1024x768.jpg\" alt=\"\" class=\"wp-image-63\" style=\"width:300px;height:auto\" srcset=\"\/bastida2026\/wp-content\/uploads\/2025\/12\/Diseno-sin-titulo-1024x768.jpg 1024w, \/bastida2026\/wp-content\/uploads\/2025\/12\/Diseno-sin-titulo-300x225.jpg 300w, \/bastida2026\/wp-content\/uploads\/2025\/12\/Diseno-sin-titulo-768x576.jpg 768w, \/bastida2026\/wp-content\/uploads\/2025\/12\/Diseno-sin-titulo-1536x1152.jpg 1536w, \/bastida2026\/wp-content\/uploads\/2025\/12\/Diseno-sin-titulo-2048x1536.jpg 2048w\" sizes=\"auto, (max-width: 767px) 89vw, (max-width: 1000px) 54vw, (max-width: 1071px) 543px, 580px\" \/><\/figure>\n\n\n\n<p class=\"wp-block-paragraph\">Ja hem aterrat a <strong>Mas Fonollar, l&#8217;Espai Jove de Santa Coloma de Gramenet<\/strong>, per comen\u00e7ar el nostre projecte. L&#8217;ambient est\u00e0 carregat d&#8217;expectatives i nervis. Estem amb Carmela i Esther, les nostres artistes residents, i la gran pregunta que plana en l&#8217;aire \u00e9s: com aconseguirem la <strong>connexi\u00f3<\/strong> entre l&#8217;alumnat, l&#8217;art i el territori? En aquests primers moments, tot \u00e9s una descoberta, des de l&#8217;espai fins a la metodologia que ens proposen les residents. El seu punt de partida \u00e9s un concepte potent i misteri\u00f3s: la <strong>Invocaci\u00f3<\/strong>.<\/p>\n\n\n\n<p class=\"wp-block-paragraph\"><\/p>\n","protected":false},"excerpt":{"rendered":"<p>Ja hem aterrat a Mas Fonollar, l&#8217;Espai Jove de Santa Coloma de Gramenet, per comen\u00e7ar el nostre projecte. L&#8217;ambient est\u00e0 carregat d&#8217;expectatives i nervis. Estem amb Carmela i Esther, les nostres artistes residents, i la gran pregunta que plana en l&#8217;aire \u00e9s: com aconseguirem la connexi\u00f3 entre l&#8217;alumnat, l&#8217;art i el territori? En aquests primers &hellip; <\/p>\n<p class=\"link-more\"><a href=\"\/bastida2026\/en-marxa-iniciem-la-residencia-a-mas-fonollar-amb-la-carmela-i-lesther\/\" class=\"more-link\">Continua llegint <span class=\"screen-reader-text\">\u00abEn Marxa: Iniciem la Resid\u00e8ncia a Mas Fonollar amb la Carmela i l&#8217;Esther!\u00bb<\/span><\/a><\/p>\n","protected":false},"author":6,"featured_media":0,"comment_status":"closed","ping_status":"","sticky":false,"template":"","format":"standard","meta":{"footnotes":""},"categories":[1],"tags":[],"class_list":["post-62","post","type-post","status-publish","format-standard","hentry","category-general"],"_links":{"self":[{"href":"\/bastida2026\/wp-json\/wp\/v2\/posts\/62","targetHints":{"allow":["GET"]}}],"collection":[{"href":"\/bastida2026\/wp-json\/wp\/v2\/posts"}],"about":[{"href":"\/bastida2026\/wp-json\/wp\/v2\/types\/post"}],"author":[{"embeddable":true,"href":"\/bastida2026\/wp-json\/wp\/v2\/users\/6"}],"replies":[{"embeddable":true,"href":"\/bastida2026\/wp-json\/wp\/v2\/comments?post=62"}],"version-history":[{"count":1,"href":"\/bastida2026\/wp-json\/wp\/v2\/posts\/62\/revisions"}],"predecessor-version":[{"id":64,"href":"\/bastida2026\/wp-json\/wp\/v2\/posts\/62\/revisions\/64"}],"wp:attachment":[{"href":"\/bastida2026\/wp-json\/wp\/v2\/media?parent=62"}],"wp:term":[{"taxonomy":"category","embeddable":true,"href":"\/bastida2026\/wp-json\/wp\/v2\/categories?post=62"},{"taxonomy":"post_tag","embeddable":true,"href":"\/bastida2026\/wp-json\/wp\/v2\/tags?post=62"}],"curies":[{"name":"wp","href":"https:\/\/api.w.org\/{rel}","templated":true}]}}