{"id":66,"date":"2025-09-30T16:00:00","date_gmt":"2025-09-30T14:00:00","guid":{"rendered":"\/bastida2026\/?p=66"},"modified":"2025-12-03T09:26:04","modified_gmt":"2025-12-03T07:26:04","slug":"la-poderosa-activa-els-cossos","status":"publish","type":"post","link":"\/bastida2026\/la-poderosa-activa-els-cossos\/","title":{"rendered":"La Poderosa activa els cossos"},"content":{"rendered":"\n<p class=\"wp-block-paragraph\">El dia <strong>23 de setembre<\/strong> vam encetar el cam\u00ed amb el nostre projecte de creaci\u00f3 art\u00edstica al Centre Juvenil del Mas Fonollar. Vam tenir l&#8217;honor d&#8217;arrencar la pr\u00e0ctica de la m\u00e0 de <strong>La Poderosa<\/strong> <\/p>\n\n\n\n<figure class=\"wp-block-gallery has-nested-images columns-default is-cropped wp-block-gallery-1 is-layout-flex wp-block-gallery-is-layout-flex\">\n<figure class=\"wp-block-image size-large\"><img loading=\"lazy\" decoding=\"async\" width=\"1024\" height=\"569\" data-id=\"115\" src=\"\/bastida2026\/wp-content\/uploads\/2025\/09\/Diseno-sin-titulo-1-1024x569.jpg\" alt=\"\" class=\"wp-image-115\" srcset=\"\/bastida2026\/wp-content\/uploads\/2025\/09\/Diseno-sin-titulo-1-1024x569.jpg 1024w, \/bastida2026\/wp-content\/uploads\/2025\/09\/Diseno-sin-titulo-1-300x167.jpg 300w, \/bastida2026\/wp-content\/uploads\/2025\/09\/Diseno-sin-titulo-1-768x427.jpg 768w, \/bastida2026\/wp-content\/uploads\/2025\/09\/Diseno-sin-titulo-1-1536x853.jpg 1536w, \/bastida2026\/wp-content\/uploads\/2025\/09\/Diseno-sin-titulo-1.jpg 2000w\" sizes=\"auto, (max-width: 767px) 89vw, (max-width: 1000px) 54vw, (max-width: 1071px) 543px, 580px\" \/><\/figure>\n<\/figure>\n\n\n\n<p class=\"wp-block-paragraph\">Hem comen\u00e7at el proc\u00e9s posant el <strong>cos al centre<\/strong>. Amb la <strong>Bea<\/strong>, hem iniciat les sessions de moviment, activant la percepci\u00f3 i la pres\u00e8ncia de l&#8217;alumnat. Aquesta pr\u00e0ctica corporal ser\u00e0 la base per a la nostra recerca i per a les futures <em>invocacions<\/em> art\u00edstiques.<\/p>\n","protected":false},"excerpt":{"rendered":"<p>El dia 23 de setembre vam encetar el cam\u00ed amb el nostre projecte de creaci\u00f3 art\u00edstica al Centre Juvenil del Mas Fonollar. Vam tenir l&#8217;honor d&#8217;arrencar la pr\u00e0ctica de la m\u00e0 de La Poderosa Hem comen\u00e7at el proc\u00e9s posant el cos al centre. Amb la Bea, hem iniciat les sessions de moviment, activant la percepci\u00f3 &hellip; <\/p>\n<p class=\"link-more\"><a href=\"\/bastida2026\/la-poderosa-activa-els-cossos\/\" class=\"more-link\">Continua llegint <span class=\"screen-reader-text\">\u00abLa Poderosa activa els cossos\u00bb<\/span><\/a><\/p>\n","protected":false},"author":6,"featured_media":0,"comment_status":"closed","ping_status":"","sticky":false,"template":"","format":"standard","meta":{"footnotes":""},"categories":[1],"tags":[],"class_list":["post-66","post","type-post","status-publish","format-standard","hentry","category-general"],"_links":{"self":[{"href":"\/bastida2026\/wp-json\/wp\/v2\/posts\/66","targetHints":{"allow":["GET"]}}],"collection":[{"href":"\/bastida2026\/wp-json\/wp\/v2\/posts"}],"about":[{"href":"\/bastida2026\/wp-json\/wp\/v2\/types\/post"}],"author":[{"embeddable":true,"href":"\/bastida2026\/wp-json\/wp\/v2\/users\/6"}],"replies":[{"embeddable":true,"href":"\/bastida2026\/wp-json\/wp\/v2\/comments?post=66"}],"version-history":[{"count":3,"href":"\/bastida2026\/wp-json\/wp\/v2\/posts\/66\/revisions"}],"predecessor-version":[{"id":116,"href":"\/bastida2026\/wp-json\/wp\/v2\/posts\/66\/revisions\/116"}],"wp:attachment":[{"href":"\/bastida2026\/wp-json\/wp\/v2\/media?parent=66"}],"wp:term":[{"taxonomy":"category","embeddable":true,"href":"\/bastida2026\/wp-json\/wp\/v2\/categories?post=66"},{"taxonomy":"post_tag","embeddable":true,"href":"\/bastida2026\/wp-json\/wp\/v2\/tags?post=66"}],"curies":[{"name":"wp","href":"https:\/\/api.w.org\/{rel}","templated":true}]}}