{"id":80,"date":"2025-11-04T19:43:01","date_gmt":"2025-11-04T17:43:01","guid":{"rendered":"\/bastida2026\/?p=80"},"modified":"2025-12-03T09:29:55","modified_gmt":"2025-12-03T07:29:55","slug":"del-mas-fonollar-a-linstitut","status":"publish","type":"post","link":"\/bastida2026\/del-mas-fonollar-a-linstitut\/","title":{"rendered":"Del Mas Fonollar a l&#8217;Institut"},"content":{"rendered":"\n<figure class=\"wp-block-gallery has-nested-images columns-default is-cropped wp-block-gallery-1 is-layout-flex wp-block-gallery-is-layout-flex\">\n<figure class=\"wp-block-image size-large\"><img loading=\"lazy\" decoding=\"async\" width=\"1024\" height=\"768\" data-id=\"108\" src=\"\/bastida2026\/wp-content\/uploads\/2025\/11\/bastida-2-Editada-1024x768.jpg\" alt=\"\" class=\"wp-image-108\" srcset=\"\/bastida2026\/wp-content\/uploads\/2025\/11\/bastida-2-Editada-1024x768.jpg 1024w, \/bastida2026\/wp-content\/uploads\/2025\/11\/bastida-2-Editada-300x225.jpg 300w, \/bastida2026\/wp-content\/uploads\/2025\/11\/bastida-2-Editada-768x576.jpg 768w, \/bastida2026\/wp-content\/uploads\/2025\/11\/bastida-2-Editada-1536x1152.jpg 1536w, \/bastida2026\/wp-content\/uploads\/2025\/11\/bastida-2-Editada.jpg 2048w\" sizes=\"auto, (max-width: 767px) 89vw, (max-width: 1000px) 54vw, (max-width: 1071px) 543px, 580px\" \/><\/figure>\n\n\n\n<figure class=\"wp-block-image size-large\"><img loading=\"lazy\" decoding=\"async\" width=\"1024\" height=\"768\" data-id=\"107\" src=\"\/bastida2026\/wp-content\/uploads\/2025\/11\/bastida-Editada-1024x768.jpg\" alt=\"\" class=\"wp-image-107\" srcset=\"\/bastida2026\/wp-content\/uploads\/2025\/11\/bastida-Editada-1024x768.jpg 1024w, \/bastida2026\/wp-content\/uploads\/2025\/11\/bastida-Editada-300x225.jpg 300w, \/bastida2026\/wp-content\/uploads\/2025\/11\/bastida-Editada-768x576.jpg 768w, \/bastida2026\/wp-content\/uploads\/2025\/11\/bastida-Editada-1536x1152.jpg 1536w, \/bastida2026\/wp-content\/uploads\/2025\/11\/bastida-Editada.jpg 2048w\" sizes=\"auto, (max-width: 767px) 89vw, (max-width: 1000px) 54vw, (max-width: 1071px) 543px, 580px\" \/><\/figure>\n<\/figure>\n\n\n\n<p class=\"wp-block-paragraph\">Avui, la nostra exploraci\u00f3 es fa m\u00e9s \u00edntima i canviem d&#8217;escenari per investigar el nostre propi centre. Amb l&#8217;<strong>Esther<\/strong>, hem comen\u00e7at a explorar l&#8217;<strong>espai interior de l&#8217;institut<\/strong>, mirant amb ulls nous els passadissos, les aules i els racons que habitem cada dia.<\/p>\n\n\n\n<figure class=\"wp-block-gallery has-nested-images columns-default is-cropped wp-block-gallery-2 is-layout-flex wp-block-gallery-is-layout-flex\">\n<figure class=\"wp-block-image size-large\"><img loading=\"lazy\" decoding=\"async\" width=\"768\" height=\"1024\" data-id=\"118\" src=\"\/bastida2026\/wp-content\/uploads\/2025\/11\/Copia-de-Fotografies-en-moviment-7-nov-2025-a-las-10_17-768x1024.jpg\" alt=\"\" class=\"wp-image-118\" srcset=\"\/bastida2026\/wp-content\/uploads\/2025\/11\/Copia-de-Fotografies-en-moviment-7-nov-2025-a-las-10_17-768x1024.jpg 768w, \/bastida2026\/wp-content\/uploads\/2025\/11\/Copia-de-Fotografies-en-moviment-7-nov-2025-a-las-10_17-225x300.jpg 225w, \/bastida2026\/wp-content\/uploads\/2025\/11\/Copia-de-Fotografies-en-moviment-7-nov-2025-a-las-10_17-1152x1536.jpg 1152w, \/bastida2026\/wp-content\/uploads\/2025\/11\/Copia-de-Fotografies-en-moviment-7-nov-2025-a-las-10_17-1536x2048.jpg 1536w, \/bastida2026\/wp-content\/uploads\/2025\/11\/Copia-de-Fotografies-en-moviment-7-nov-2025-a-las-10_17-scaled.jpg 1920w\" sizes=\"auto, (max-width: 767px) 89vw, (max-width: 1000px) 54vw, (max-width: 1071px) 543px, 580px\" \/><\/figure>\n\n\n\n<figure class=\"wp-block-image size-large\"><img loading=\"lazy\" decoding=\"async\" width=\"768\" height=\"1024\" data-id=\"119\" src=\"\/bastida2026\/wp-content\/uploads\/2025\/11\/Fotografies-en-moviment-7-nov-2025-a-las-10_17-768x1024.jpg\" alt=\"\" class=\"wp-image-119\" srcset=\"\/bastida2026\/wp-content\/uploads\/2025\/11\/Fotografies-en-moviment-7-nov-2025-a-las-10_17-768x1024.jpg 768w, \/bastida2026\/wp-content\/uploads\/2025\/11\/Fotografies-en-moviment-7-nov-2025-a-las-10_17-225x300.jpg 225w, \/bastida2026\/wp-content\/uploads\/2025\/11\/Fotografies-en-moviment-7-nov-2025-a-las-10_17-1152x1536.jpg 1152w, \/bastida2026\/wp-content\/uploads\/2025\/11\/Fotografies-en-moviment-7-nov-2025-a-las-10_17-1536x2048.jpg 1536w, \/bastida2026\/wp-content\/uploads\/2025\/11\/Fotografies-en-moviment-7-nov-2025-a-las-10_17-scaled.jpg 1920w\" sizes=\"auto, (max-width: 767px) 89vw, (max-width: 1000px) 54vw, (max-width: 1071px) 543px, 580px\" \/><\/figure>\n\n\n\n<figure class=\"wp-block-image size-large\"><img loading=\"lazy\" decoding=\"async\" width=\"576\" height=\"1024\" data-id=\"117\" src=\"\/bastida2026\/wp-content\/uploads\/2025\/11\/IMG_20251104_131433_527-576x1024.webp\" alt=\"\" class=\"wp-image-117\" srcset=\"\/bastida2026\/wp-content\/uploads\/2025\/11\/IMG_20251104_131433_527-576x1024.webp 576w, \/bastida2026\/wp-content\/uploads\/2025\/11\/IMG_20251104_131433_527-169x300.webp 169w, \/bastida2026\/wp-content\/uploads\/2025\/11\/IMG_20251104_131433_527-768x1365.webp 768w, \/bastida2026\/wp-content\/uploads\/2025\/11\/IMG_20251104_131433_527-864x1536.webp 864w, \/bastida2026\/wp-content\/uploads\/2025\/11\/IMG_20251104_131433_527.webp 1080w\" sizes=\"auto, (max-width: 576px) 100vw, 576px\" \/><\/figure>\n<\/figure>\n\n\n\n<p class=\"wp-block-paragraph\">Mentrestant, a l&#8217;exterior, el treball amb la <strong>Carmela<\/strong> continua. L&#8217;alumnat est\u00e0 immers en un proc\u00e9s de continu\u00eftat del <strong>ritual de la pilota<\/strong>, una pr\u00e0ctica que ja s&#8217;ha convertit en un element inicial del projecte.<\/p>\n\n\n\n<figure class=\"wp-block-image size-large\"><img loading=\"lazy\" decoding=\"async\" width=\"1024\" height=\"768\" src=\"\/bastida2026\/wp-content\/uploads\/2025\/11\/WhatsApp-Image-2025-12-02-at-18.49.54-Editada-1024x768.jpg\" alt=\"\" class=\"wp-image-106\" srcset=\"\/bastida2026\/wp-content\/uploads\/2025\/11\/WhatsApp-Image-2025-12-02-at-18.49.54-Editada-1024x768.jpg 1024w, \/bastida2026\/wp-content\/uploads\/2025\/11\/WhatsApp-Image-2025-12-02-at-18.49.54-Editada-300x225.jpg 300w, \/bastida2026\/wp-content\/uploads\/2025\/11\/WhatsApp-Image-2025-12-02-at-18.49.54-Editada-768x576.jpg 768w, \/bastida2026\/wp-content\/uploads\/2025\/11\/WhatsApp-Image-2025-12-02-at-18.49.54-Editada-1536x1152.jpg 1536w, \/bastida2026\/wp-content\/uploads\/2025\/11\/WhatsApp-Image-2025-12-02-at-18.49.54-Editada.jpg 2048w\" sizes=\"auto, (max-width: 767px) 89vw, (max-width: 1000px) 54vw, (max-width: 1071px) 543px, 580px\" \/><\/figure>\n","protected":false},"excerpt":{"rendered":"<p>Avui, la nostra exploraci\u00f3 es fa m\u00e9s \u00edntima i canviem d&#8217;escenari per investigar el nostre propi centre. Amb l&#8217;Esther, hem comen\u00e7at a explorar l&#8217;espai interior de l&#8217;institut, mirant amb ulls nous els passadissos, les aules i els racons que habitem cada dia. Mentrestant, a l&#8217;exterior, el treball amb la Carmela continua. L&#8217;alumnat est\u00e0 immers en &hellip; <\/p>\n<p class=\"link-more\"><a href=\"\/bastida2026\/del-mas-fonollar-a-linstitut\/\" class=\"more-link\">Continua llegint <span class=\"screen-reader-text\">\u00abDel Mas Fonollar a l&#8217;Institut\u00bb<\/span><\/a><\/p>\n","protected":false},"author":6,"featured_media":0,"comment_status":"closed","ping_status":"","sticky":false,"template":"","format":"standard","meta":{"footnotes":""},"categories":[1],"tags":[],"class_list":["post-80","post","type-post","status-publish","format-standard","hentry","category-general"],"_links":{"self":[{"href":"\/bastida2026\/wp-json\/wp\/v2\/posts\/80","targetHints":{"allow":["GET"]}}],"collection":[{"href":"\/bastida2026\/wp-json\/wp\/v2\/posts"}],"about":[{"href":"\/bastida2026\/wp-json\/wp\/v2\/types\/post"}],"author":[{"embeddable":true,"href":"\/bastida2026\/wp-json\/wp\/v2\/users\/6"}],"replies":[{"embeddable":true,"href":"\/bastida2026\/wp-json\/wp\/v2\/comments?post=80"}],"version-history":[{"count":3,"href":"\/bastida2026\/wp-json\/wp\/v2\/posts\/80\/revisions"}],"predecessor-version":[{"id":120,"href":"\/bastida2026\/wp-json\/wp\/v2\/posts\/80\/revisions\/120"}],"wp:attachment":[{"href":"\/bastida2026\/wp-json\/wp\/v2\/media?parent=80"}],"wp:term":[{"taxonomy":"category","embeddable":true,"href":"\/bastida2026\/wp-json\/wp\/v2\/categories?post=80"},{"taxonomy":"post_tag","embeddable":true,"href":"\/bastida2026\/wp-json\/wp\/v2\/tags?post=80"}],"curies":[{"name":"wp","href":"https:\/\/api.w.org\/{rel}","templated":true}]}}