{"id":84,"date":"2025-11-14T17:52:00","date_gmt":"2025-11-14T15:52:00","guid":{"rendered":"\/bastida2026\/?p=84"},"modified":"2025-12-03T09:14:29","modified_gmt":"2025-12-03T07:14:29","slug":"punt-dinflexio","status":"publish","type":"post","link":"\/bastida2026\/punt-dinflexio\/","title":{"rendered":"Punt d&#8217;Inflexi\u00f3"},"content":{"rendered":"\n<p class=\"wp-block-paragraph\">El passat 11 de novembre vam tornar a la nostra base d&#8217;operacions, el Mas Fonollar, per\u00f2 aquesta vegada, a m\u00e9s de moure&#8217;ns, hem fet una sessi\u00f3 de treball conjunta per revisar el proc\u00e9s i el futur immediat. Estem molt il\u00b7lusionats i il\u00b7lusionades perqu\u00e8 ben aviat anirem a veure un assaig de l&#8217;Esther i la Carmela! Ser\u00e0 una oportunitat \u00fanica per entendre la seva feina des de dins i reconnectar amb la idea de la invocaci\u00f3. Pr\u00f2ximament, m\u00e9s detalls!<\/p>\n\n\n\n<figure class=\"wp-block-gallery has-nested-images columns-default is-cropped wp-block-gallery-1 is-layout-flex wp-block-gallery-is-layout-flex\">\n<figure class=\"wp-block-image size-large is-resized\"><img loading=\"lazy\" decoding=\"async\" width=\"1024\" height=\"768\" data-id=\"103\" src=\"\/bastida2026\/wp-content\/uploads\/2025\/11\/11-2-Editada-1-1024x768.jpg\" alt=\"\" class=\"wp-image-103\" style=\"width:243px;height:auto\" srcset=\"\/bastida2026\/wp-content\/uploads\/2025\/11\/11-2-Editada-1-1024x768.jpg 1024w, \/bastida2026\/wp-content\/uploads\/2025\/11\/11-2-Editada-1-300x225.jpg 300w, \/bastida2026\/wp-content\/uploads\/2025\/11\/11-2-Editada-1-768x576.jpg 768w, \/bastida2026\/wp-content\/uploads\/2025\/11\/11-2-Editada-1-1536x1152.jpg 1536w, \/bastida2026\/wp-content\/uploads\/2025\/11\/11-2-Editada-1.jpg 2048w\" sizes=\"auto, (max-width: 767px) 89vw, (max-width: 1000px) 54vw, (max-width: 1071px) 543px, 580px\" \/><\/figure>\n\n\n\n<figure class=\"wp-block-image size-large\"><img loading=\"lazy\" decoding=\"async\" width=\"1024\" height=\"768\" data-id=\"104\" src=\"\/bastida2026\/wp-content\/uploads\/2025\/11\/11-1-Editada-1-1024x768.jpg\" alt=\"\" class=\"wp-image-104\" srcset=\"\/bastida2026\/wp-content\/uploads\/2025\/11\/11-1-Editada-1-1024x768.jpg 1024w, \/bastida2026\/wp-content\/uploads\/2025\/11\/11-1-Editada-1-300x225.jpg 300w, \/bastida2026\/wp-content\/uploads\/2025\/11\/11-1-Editada-1-768x576.jpg 768w, \/bastida2026\/wp-content\/uploads\/2025\/11\/11-1-Editada-1-1536x1152.jpg 1536w, \/bastida2026\/wp-content\/uploads\/2025\/11\/11-1-Editada-1.jpg 2048w\" sizes=\"auto, (max-width: 767px) 89vw, (max-width: 1000px) 54vw, (max-width: 1071px) 543px, 580px\" \/><\/figure>\n<\/figure>\n\n\n\n<figure class=\"wp-block-image size-large\"><img loading=\"lazy\" decoding=\"async\" width=\"768\" height=\"1024\" src=\"\/bastida2026\/wp-content\/uploads\/2025\/11\/11-3-768x1024.jpg\" alt=\"\" class=\"wp-image-100\" srcset=\"\/bastida2026\/wp-content\/uploads\/2025\/11\/11-3-768x1024.jpg 768w, \/bastida2026\/wp-content\/uploads\/2025\/11\/11-3-225x300.jpg 225w, \/bastida2026\/wp-content\/uploads\/2025\/11\/11-3-1152x1536.jpg 1152w, \/bastida2026\/wp-content\/uploads\/2025\/11\/11-3.jpg 1536w\" sizes=\"auto, (max-width: 767px) 89vw, (max-width: 1000px) 54vw, (max-width: 1071px) 543px, 580px\" \/><\/figure>\n\n\n\n<figure class=\"wp-block-gallery has-nested-images columns-default is-cropped wp-block-gallery-2 is-layout-flex wp-block-gallery-is-layout-flex\"><\/figure>\n","protected":false},"excerpt":{"rendered":"<p>El passat 11 de novembre vam tornar a la nostra base d&#8217;operacions, el Mas Fonollar, per\u00f2 aquesta vegada, a m\u00e9s de moure&#8217;ns, hem fet una sessi\u00f3 de treball conjunta per revisar el proc\u00e9s i el futur immediat. Estem molt il\u00b7lusionats i il\u00b7lusionades perqu\u00e8 ben aviat anirem a veure un assaig de l&#8217;Esther i la Carmela! &hellip; <\/p>\n<p class=\"link-more\"><a href=\"\/bastida2026\/punt-dinflexio\/\" class=\"more-link\">Continua llegint <span class=\"screen-reader-text\">\u00abPunt d&#8217;Inflexi\u00f3\u00bb<\/span><\/a><\/p>\n","protected":false},"author":6,"featured_media":0,"comment_status":"closed","ping_status":"","sticky":false,"template":"","format":"standard","meta":{"footnotes":""},"categories":[1],"tags":[],"class_list":["post-84","post","type-post","status-publish","format-standard","hentry","category-general"],"_links":{"self":[{"href":"\/bastida2026\/wp-json\/wp\/v2\/posts\/84","targetHints":{"allow":["GET"]}}],"collection":[{"href":"\/bastida2026\/wp-json\/wp\/v2\/posts"}],"about":[{"href":"\/bastida2026\/wp-json\/wp\/v2\/types\/post"}],"author":[{"embeddable":true,"href":"\/bastida2026\/wp-json\/wp\/v2\/users\/6"}],"replies":[{"embeddable":true,"href":"\/bastida2026\/wp-json\/wp\/v2\/comments?post=84"}],"version-history":[{"count":2,"href":"\/bastida2026\/wp-json\/wp\/v2\/posts\/84\/revisions"}],"predecessor-version":[{"id":105,"href":"\/bastida2026\/wp-json\/wp\/v2\/posts\/84\/revisions\/105"}],"wp:attachment":[{"href":"\/bastida2026\/wp-json\/wp\/v2\/media?parent=84"}],"wp:term":[{"taxonomy":"category","embeddable":true,"href":"\/bastida2026\/wp-json\/wp\/v2\/categories?post=84"},{"taxonomy":"post_tag","embeddable":true,"href":"\/bastida2026\/wp-json\/wp\/v2\/tags?post=84"}],"curies":[{"name":"wp","href":"https:\/\/api.w.org\/{rel}","templated":true}]}}