{"id":86,"date":"2025-12-02T19:58:26","date_gmt":"2025-12-02T17:58:26","guid":{"rendered":"\/bastida2026\/?p=86"},"modified":"2026-01-07T13:44:30","modified_gmt":"2026-01-07T11:44:30","slug":"visita-a-fabra-i-coats-dins-el-proces-de-creacio","status":"publish","type":"post","link":"\/bastida2026\/visita-a-fabra-i-coats-dins-el-proces-de-creacio\/","title":{"rendered":"Visita a Fabra i Coats: Dins el Proc\u00e9s de Creaci\u00f3!"},"content":{"rendered":"\n<p class=\"wp-block-paragraph\">El <strong>20 de novembre<\/strong>, el projecte va fer un salt important. Vam visitar les instal\u00b7lacions de <strong>Fabra i Coats: F\u00e0brica de Creaci\u00f3<\/strong> a Barcelona, un espai fascinant.<\/p>\n\n\n\n<figure class=\"wp-block-gallery has-nested-images columns-default is-cropped wp-block-gallery-1 is-layout-flex wp-block-gallery-is-layout-flex\">\n<figure class=\"wp-block-image size-large\"><img loading=\"lazy\" decoding=\"async\" width=\"1024\" height=\"768\" data-id=\"136\" src=\"\/bastida2026\/wp-content\/uploads\/2025\/12\/IMG-20251203-WA0007-1024x768.jpg\" alt=\"\" class=\"wp-image-136\" srcset=\"\/bastida2026\/wp-content\/uploads\/2025\/12\/IMG-20251203-WA0007-1024x768.jpg 1024w, \/bastida2026\/wp-content\/uploads\/2025\/12\/IMG-20251203-WA0007-300x225.jpg 300w, \/bastida2026\/wp-content\/uploads\/2025\/12\/IMG-20251203-WA0007-768x576.jpg 768w, \/bastida2026\/wp-content\/uploads\/2025\/12\/IMG-20251203-WA0007-1536x1152.jpg 1536w, \/bastida2026\/wp-content\/uploads\/2025\/12\/IMG-20251203-WA0007.jpg 2048w\" sizes=\"auto, (max-width: 767px) 89vw, (max-width: 1000px) 54vw, (max-width: 1071px) 543px, 580px\" \/><\/figure>\n\n\n\n<figure class=\"wp-block-image size-large\"><img loading=\"lazy\" decoding=\"async\" width=\"1024\" height=\"768\" data-id=\"137\" src=\"\/bastida2026\/wp-content\/uploads\/2025\/12\/IMG-20251203-WA0008-1024x768.jpg\" alt=\"\" class=\"wp-image-137\" srcset=\"\/bastida2026\/wp-content\/uploads\/2025\/12\/IMG-20251203-WA0008-1024x768.jpg 1024w, \/bastida2026\/wp-content\/uploads\/2025\/12\/IMG-20251203-WA0008-300x225.jpg 300w, \/bastida2026\/wp-content\/uploads\/2025\/12\/IMG-20251203-WA0008-768x576.jpg 768w, \/bastida2026\/wp-content\/uploads\/2025\/12\/IMG-20251203-WA0008-1536x1152.jpg 1536w, \/bastida2026\/wp-content\/uploads\/2025\/12\/IMG-20251203-WA0008.jpg 2048w\" sizes=\"auto, (max-width: 767px) 89vw, (max-width: 1000px) 54vw, (max-width: 1071px) 543px, 580px\" \/><\/figure>\n<\/figure>\n\n\n\n<p class=\"wp-block-paragraph\">Gr\u00e0cies a les integrants de <strong>La Poderosa<\/strong>, que ens acompanyen en el projecte, vam con\u00e8ixer l&#8217;espai per dins. El punt fort va ser poder <strong>assistir a l&#8217;assaig de l&#8217;Esther i la Carmela<\/strong>! Vem poder veure de primera m\u00e0 com les artistes treballen la <em>invocaci\u00f3<\/em>.<\/p>\n\n\n\n<p class=\"wp-block-paragraph\">Va ser una jornada molt enriquidora on vam poder compartir impressions amb elles, generant una connexi\u00f3 m\u00e9s profunda entre el nostre proc\u00e9s i la seva pr\u00e0ctica art\u00edstica.<\/p>\n","protected":false},"excerpt":{"rendered":"<p>El 20 de novembre, el projecte va fer un salt important. Vam visitar les instal\u00b7lacions de Fabra i Coats: F\u00e0brica de Creaci\u00f3 a Barcelona, un espai fascinant. Gr\u00e0cies a les integrants de La Poderosa, que ens acompanyen en el projecte, vam con\u00e8ixer l&#8217;espai per dins. El punt fort va ser poder assistir a l&#8217;assaig de &hellip; <\/p>\n<p class=\"link-more\"><a href=\"\/bastida2026\/visita-a-fabra-i-coats-dins-el-proces-de-creacio\/\" class=\"more-link\">Continua llegint <span class=\"screen-reader-text\">\u00abVisita a Fabra i Coats: Dins el Proc\u00e9s de Creaci\u00f3!\u00bb<\/span><\/a><\/p>\n","protected":false},"author":6,"featured_media":0,"comment_status":"closed","ping_status":"","sticky":false,"template":"","format":"standard","meta":{"footnotes":""},"categories":[1],"tags":[],"class_list":["post-86","post","type-post","status-publish","format-standard","hentry","category-general"],"_links":{"self":[{"href":"\/bastida2026\/wp-json\/wp\/v2\/posts\/86","targetHints":{"allow":["GET"]}}],"collection":[{"href":"\/bastida2026\/wp-json\/wp\/v2\/posts"}],"about":[{"href":"\/bastida2026\/wp-json\/wp\/v2\/types\/post"}],"author":[{"embeddable":true,"href":"\/bastida2026\/wp-json\/wp\/v2\/users\/6"}],"replies":[{"embeddable":true,"href":"\/bastida2026\/wp-json\/wp\/v2\/comments?post=86"}],"version-history":[{"count":2,"href":"\/bastida2026\/wp-json\/wp\/v2\/posts\/86\/revisions"}],"predecessor-version":[{"id":138,"href":"\/bastida2026\/wp-json\/wp\/v2\/posts\/86\/revisions\/138"}],"wp:attachment":[{"href":"\/bastida2026\/wp-json\/wp\/v2\/media?parent=86"}],"wp:term":[{"taxonomy":"category","embeddable":true,"href":"\/bastida2026\/wp-json\/wp\/v2\/categories?post=86"},{"taxonomy":"post_tag","embeddable":true,"href":"\/bastida2026\/wp-json\/wp\/v2\/tags?post=86"}],"curies":[{"name":"wp","href":"https:\/\/api.w.org\/{rel}","templated":true}]}}