{"id":88,"date":"2025-12-02T20:01:00","date_gmt":"2025-12-02T18:01:00","guid":{"rendered":"\/bastida2026\/?p=88"},"modified":"2025-12-03T09:04:00","modified_gmt":"2025-12-03T07:04:00","slug":"els-nostres-interessos-posen-ritme-al-projecte","status":"publish","type":"post","link":"\/bastida2026\/els-nostres-interessos-posen-ritme-al-projecte\/","title":{"rendered":"Els Nostres Interessos Posen Ritme al Projecte"},"content":{"rendered":"\n<p class=\"wp-block-paragraph\">Avui, <strong>2 de desembre<\/strong>, tornada al <strong>Mas Fonollar<\/strong>. Hem fet un pas endavant crucial: l&#8217;alumnat ha mostrat a l&#8217;Esther i la Carmela els seus <strong>interessos personals<\/strong> (m\u00fasica, videoclips, jocs, etc.).<\/p>\n\n\n\n<figure class=\"wp-block-gallery has-nested-images columns-default is-cropped wp-block-gallery-1 is-layout-flex wp-block-gallery-is-layout-flex\">\n<figure class=\"wp-block-image size-large\"><img loading=\"lazy\" decoding=\"async\" width=\"1024\" height=\"768\" data-id=\"97\" src=\"\/bastida2026\/wp-content\/uploads\/2025\/12\/WhatsApp-Image-2025-12-02-at-18.51.02-2-1024x768.jpeg\" alt=\"\" class=\"wp-image-97\" srcset=\"\/bastida2026\/wp-content\/uploads\/2025\/12\/WhatsApp-Image-2025-12-02-at-18.51.02-2-1024x768.jpeg 1024w, \/bastida2026\/wp-content\/uploads\/2025\/12\/WhatsApp-Image-2025-12-02-at-18.51.02-2-300x225.jpeg 300w, \/bastida2026\/wp-content\/uploads\/2025\/12\/WhatsApp-Image-2025-12-02-at-18.51.02-2-768x576.jpeg 768w, \/bastida2026\/wp-content\/uploads\/2025\/12\/WhatsApp-Image-2025-12-02-at-18.51.02-2-1536x1152.jpeg 1536w, \/bastida2026\/wp-content\/uploads\/2025\/12\/WhatsApp-Image-2025-12-02-at-18.51.02-2.jpeg 2048w\" sizes=\"auto, (max-width: 767px) 89vw, (max-width: 1000px) 54vw, (max-width: 1071px) 543px, 580px\" \/><\/figure>\n\n\n\n<figure class=\"wp-block-image size-large\"><img loading=\"lazy\" decoding=\"async\" width=\"1024\" height=\"768\" data-id=\"95\" src=\"\/bastida2026\/wp-content\/uploads\/2025\/12\/Diseno-sin-titulo-1-1-1024x768.jpg\" alt=\"\" class=\"wp-image-95\" srcset=\"\/bastida2026\/wp-content\/uploads\/2025\/12\/Diseno-sin-titulo-1-1-1024x768.jpg 1024w, \/bastida2026\/wp-content\/uploads\/2025\/12\/Diseno-sin-titulo-1-1-300x225.jpg 300w, \/bastida2026\/wp-content\/uploads\/2025\/12\/Diseno-sin-titulo-1-1-768x576.jpg 768w, \/bastida2026\/wp-content\/uploads\/2025\/12\/Diseno-sin-titulo-1-1-1536x1152.jpg 1536w, \/bastida2026\/wp-content\/uploads\/2025\/12\/Diseno-sin-titulo-1-1.jpg 2048w\" sizes=\"auto, (max-width: 767px) 89vw, (max-width: 1000px) 54vw, (max-width: 1071px) 543px, 580px\" \/><\/figure>\n\n\n\n<figure class=\"wp-block-image size-large\"><img loading=\"lazy\" decoding=\"async\" width=\"1024\" height=\"771\" data-id=\"96\" src=\"\/bastida2026\/wp-content\/uploads\/2025\/12\/WhatsApp-Image-2025-12-02-at-18.51.02-1-Editada-1-1024x771.jpg\" alt=\"\" class=\"wp-image-96\" srcset=\"\/bastida2026\/wp-content\/uploads\/2025\/12\/WhatsApp-Image-2025-12-02-at-18.51.02-1-Editada-1-1024x771.jpg 1024w, \/bastida2026\/wp-content\/uploads\/2025\/12\/WhatsApp-Image-2025-12-02-at-18.51.02-1-Editada-1-300x226.jpg 300w, \/bastida2026\/wp-content\/uploads\/2025\/12\/WhatsApp-Image-2025-12-02-at-18.51.02-1-Editada-1-768x578.jpg 768w, \/bastida2026\/wp-content\/uploads\/2025\/12\/WhatsApp-Image-2025-12-02-at-18.51.02-1-Editada-1-1536x1157.jpg 1536w, \/bastida2026\/wp-content\/uploads\/2025\/12\/WhatsApp-Image-2025-12-02-at-18.51.02-1-Editada-1.jpg 2040w\" sizes=\"auto, (max-width: 767px) 89vw, (max-width: 1000px) 54vw, (max-width: 1071px) 543px, 580px\" \/><\/figure>\n<\/figure>\n\n\n\n<p class=\"wp-block-paragraph\">Aquesta informaci\u00f3 \u00e9s l&#8217;origen del nostre nou material. Hem comen\u00e7at a <strong>generar contingut conjunt<\/strong>, unint el treball de les artistes amb les passions de l&#8217;alumnat.<\/p>\n\n\n\n<p class=\"wp-block-paragraph\"><\/p>\n","protected":false},"excerpt":{"rendered":"<p>Avui, 2 de desembre, tornada al Mas Fonollar. Hem fet un pas endavant crucial: l&#8217;alumnat ha mostrat a l&#8217;Esther i la Carmela els seus interessos personals (m\u00fasica, videoclips, jocs, etc.). Aquesta informaci\u00f3 \u00e9s l&#8217;origen del nostre nou material. Hem comen\u00e7at a generar contingut conjunt, unint el treball de les artistes amb les passions de l&#8217;alumnat.<\/p>\n","protected":false},"author":6,"featured_media":0,"comment_status":"closed","ping_status":"","sticky":false,"template":"","format":"standard","meta":{"footnotes":""},"categories":[1],"tags":[],"class_list":["post-88","post","type-post","status-publish","format-standard","hentry","category-general"],"_links":{"self":[{"href":"\/bastida2026\/wp-json\/wp\/v2\/posts\/88","targetHints":{"allow":["GET"]}}],"collection":[{"href":"\/bastida2026\/wp-json\/wp\/v2\/posts"}],"about":[{"href":"\/bastida2026\/wp-json\/wp\/v2\/types\/post"}],"author":[{"embeddable":true,"href":"\/bastida2026\/wp-json\/wp\/v2\/users\/6"}],"replies":[{"embeddable":true,"href":"\/bastida2026\/wp-json\/wp\/v2\/comments?post=88"}],"version-history":[{"count":3,"href":"\/bastida2026\/wp-json\/wp\/v2\/posts\/88\/revisions"}],"predecessor-version":[{"id":98,"href":"\/bastida2026\/wp-json\/wp\/v2\/posts\/88\/revisions\/98"}],"wp:attachment":[{"href":"\/bastida2026\/wp-json\/wp\/v2\/media?parent=88"}],"wp:term":[{"taxonomy":"category","embeddable":true,"href":"\/bastida2026\/wp-json\/wp\/v2\/categories?post=88"},{"taxonomy":"post_tag","embeddable":true,"href":"\/bastida2026\/wp-json\/wp\/v2\/tags?post=88"}],"curies":[{"name":"wp","href":"https:\/\/api.w.org\/{rel}","templated":true}]}}