{"id":395,"date":"2024-12-03T13:52:50","date_gmt":"2024-12-03T11:52:50","guid":{"rendered":"\/bernatmetge2025\/?p=395"},"modified":"2024-12-03T14:23:39","modified_gmt":"2024-12-03T12:23:39","slug":"les-tres-xemeneies-ressonancies","status":"publish","type":"post","link":"\/bernatmetge2025\/les-tres-xemeneies-ressonancies\/","title":{"rendered":"Les Tres Xemeneies, Resson\u00e0ncies"},"content":{"rendered":"\n<p class=\"wp-block-paragraph\"><\/p>\n\n\n\n<p class=\"wp-block-paragraph\">La primera sortida que hem fet ha estat visitar les 3 Xemeneies a St. Adri\u00e0 del Bes\u00f2s dins de la biennal europea del Manifesta 15 Barcelona. Aquell mat\u00ed hi havia 3 instituts que feien una resson\u00e0ncia, aix\u00f2 vol dir que els alumnes que han fet En Resid\u00e8ncia el curs passat fan una mostra del seu treball final.<\/p>\n\n\n\n<p class=\"wp-block-paragraph\">Mentre ens esper\u00e0vem per entrar v\u00e0rem poder veure les escultures que estaven a fora, al costat del mar. <\/p>\n\n\n\n<p class=\"wp-block-paragraph\">Especialment ens va agradar molt una escultura que est\u00e0 inspirada en un eri\u00e7\u00f3 de mar. V\u00e0rem entrar a dins, semblava que f\u00f3ssim una tribu fent una assemblea a un poblat.  <\/p>\n\n\n\n<figure class=\"wp-block-image size-full\"><img loading=\"lazy\" decoding=\"async\" width=\"1024\" height=\"768\" src=\"\/bernatmetge2025\/wp-content\/uploads\/2024\/12\/image-1.png\" alt=\"\" class=\"wp-image-417\" srcset=\"\/bernatmetge2025\/wp-content\/uploads\/2024\/12\/image-1.png 1024w, \/bernatmetge2025\/wp-content\/uploads\/2024\/12\/image-1-300x225.png 300w, \/bernatmetge2025\/wp-content\/uploads\/2024\/12\/image-1-768x576.png 768w\" sizes=\"auto, (max-width: 767px) 89vw, (max-width: 1000px) 54vw, (max-width: 1071px) 543px, 580px\" \/><\/figure>\n\n\n\n<figure class=\"wp-block-image size-full\"><img loading=\"lazy\" decoding=\"async\" width=\"1024\" height=\"768\" src=\"\/bernatmetge2025\/wp-content\/uploads\/2024\/12\/image.png\" alt=\"\" class=\"wp-image-416\" srcset=\"\/bernatmetge2025\/wp-content\/uploads\/2024\/12\/image.png 1024w, \/bernatmetge2025\/wp-content\/uploads\/2024\/12\/image-300x225.png 300w, \/bernatmetge2025\/wp-content\/uploads\/2024\/12\/image-768x576.png 768w\" sizes=\"auto, (max-width: 767px) 89vw, (max-width: 1000px) 54vw, (max-width: 1071px) 543px, 580px\" \/><\/figure>\n\n\n\n<p class=\"wp-block-paragraph\">Abans de l&#8217;espectacle dels companys d&#8217;altres instituts vam poder visitar la nau de les 3 Xemeneies, ens van explicar que era una antiga central t\u00e8rmica, a la planta m\u00e9s alta hi havia unes teles que inspiraven el aire. Quan va arribar el moment de veure la Resson\u00e0ncia ens vam quedar muts, aquells nois i noies feien moviments amb el cos que no enten\u00edem massa que volien dir.<\/p>\n\n\n\n<p class=\"wp-block-paragraph\"><\/p>\n\n\n\n<!--nextpage-->\n\n\n\n<figure class=\"wp-block-image size-large\"><img loading=\"lazy\" decoding=\"async\" width=\"1024\" height=\"1024\" src=\"\/bernatmetge2025\/wp-content\/uploads\/2024\/12\/20241030_113508-1-1024x1024.jpg\" alt=\"\" class=\"wp-image-418\" srcset=\"\/bernatmetge2025\/wp-content\/uploads\/2024\/12\/20241030_113508-1-1024x1024.jpg 1024w, \/bernatmetge2025\/wp-content\/uploads\/2024\/12\/20241030_113508-1-300x300.jpg 300w, \/bernatmetge2025\/wp-content\/uploads\/2024\/12\/20241030_113508-1-150x150.jpg 150w, \/bernatmetge2025\/wp-content\/uploads\/2024\/12\/20241030_113508-1-768x768.jpg 768w, \/bernatmetge2025\/wp-content\/uploads\/2024\/12\/20241030_113508-1-1536x1536.jpg 1536w, \/bernatmetge2025\/wp-content\/uploads\/2024\/12\/20241030_113508-1-100x100.jpg 100w\" sizes=\"auto, (max-width: 767px) 89vw, (max-width: 1000px) 54vw, (max-width: 1071px) 543px, 580px\" \/><\/figure>\n\n\n\n<p class=\"wp-block-paragraph\"><\/p>\n\n\n\n<p class=\"wp-block-paragraph\"><\/p>\n","protected":false},"excerpt":{"rendered":"<p>La primera sortida que hem fet ha estat visitar les 3 Xemeneies a St. Adri\u00e0 del Bes\u00f2s dins de la biennal europea del Manifesta 15 Barcelona. Aquell mat\u00ed hi havia 3 instituts que feien una resson\u00e0ncia, aix\u00f2 vol dir que els alumnes que han fet En Resid\u00e8ncia el curs passat fan una mostra del seu &hellip; <\/p>\n<p class=\"link-more\"><a href=\"\/bernatmetge2025\/les-tres-xemeneies-ressonancies\/\" class=\"more-link\">Continua llegint <span class=\"screen-reader-text\">\u00abLes Tres Xemeneies, Resson\u00e0ncies\u00bb<\/span><\/a><\/p>\n","protected":false},"author":15,"featured_media":0,"comment_status":"open","ping_status":"open","sticky":false,"template":"","format":"standard","meta":{"footnotes":""},"categories":[1],"tags":[],"class_list":["post-395","post","type-post","status-publish","format-standard","hentry","category-general"],"_links":{"self":[{"href":"\/bernatmetge2025\/wp-json\/wp\/v2\/posts\/395","targetHints":{"allow":["GET"]}}],"collection":[{"href":"\/bernatmetge2025\/wp-json\/wp\/v2\/posts"}],"about":[{"href":"\/bernatmetge2025\/wp-json\/wp\/v2\/types\/post"}],"author":[{"embeddable":true,"href":"\/bernatmetge2025\/wp-json\/wp\/v2\/users\/15"}],"replies":[{"embeddable":true,"href":"\/bernatmetge2025\/wp-json\/wp\/v2\/comments?post=395"}],"version-history":[{"count":3,"href":"\/bernatmetge2025\/wp-json\/wp\/v2\/posts\/395\/revisions"}],"predecessor-version":[{"id":428,"href":"\/bernatmetge2025\/wp-json\/wp\/v2\/posts\/395\/revisions\/428"}],"wp:attachment":[{"href":"\/bernatmetge2025\/wp-json\/wp\/v2\/media?parent=395"}],"wp:term":[{"taxonomy":"category","embeddable":true,"href":"\/bernatmetge2025\/wp-json\/wp\/v2\/categories?post=395"},{"taxonomy":"post_tag","embeddable":true,"href":"\/bernatmetge2025\/wp-json\/wp\/v2\/tags?post=395"}],"curies":[{"name":"wp","href":"https:\/\/api.w.org\/{rel}","templated":true}]}}