{"id":461,"date":"2024-11-06T12:40:00","date_gmt":"2024-11-06T10:40:00","guid":{"rendered":"\/bernatmetge2025\/?p=461"},"modified":"2024-12-03T18:42:52","modified_gmt":"2024-12-03T16:42:52","slug":"que-es-lart","status":"publish","type":"post","link":"\/bernatmetge2025\/que-es-lart\/","title":{"rendered":"Qu\u00e8 \u00e9s l&#8217;Art?"},"content":{"rendered":"\n<p class=\"wp-block-paragraph\">Els primers dies de classe, abans que arrib\u00e9s el Toni Gir\u00f3, vam estar parlant sobre l&#8217;art i les professores Imma i Mertxe ens van fer reflexionar i escriure la nostra opini\u00f3 sobre que pens\u00e0vem que \u00e9s l&#8217;ART. Les preguntes s\u00f3n:<\/p>\n\n\n\n<ul class=\"wp-block-list\">\n<li>Qu\u00e8 \u00e9s per a tu l&#8217;art?<\/li>\n\n\n\n<li>Qu\u00e8 saps de l&#8217;art contemporani?<\/li>\n\n\n\n<li>Escriu cinc paraules que relacionis amb creaci\u00f3 art\u00edstica<\/li>\n\n\n\n<li>Explica alguna experi\u00e8ncia que tinguis sobre el m\u00f3n de l&#8217;art i la creaci\u00f3?<\/li>\n<\/ul>\n\n\n\n<p class=\"wp-block-paragraph\">Aqu\u00ed compartim algunes respostes:<\/p>\n\n\n\n<figure class=\"wp-block-image size-large is-style-rounded\"><img loading=\"lazy\" decoding=\"async\" width=\"1024\" height=\"966\" src=\"\/bernatmetge2025\/wp-content\/uploads\/2024\/12\/IMG_9163-1024x966.jpeg\" alt=\"\" class=\"wp-image-463\" srcset=\"\/bernatmetge2025\/wp-content\/uploads\/2024\/12\/IMG_9163-1024x966.jpeg 1024w, \/bernatmetge2025\/wp-content\/uploads\/2024\/12\/IMG_9163-300x283.jpeg 300w, \/bernatmetge2025\/wp-content\/uploads\/2024\/12\/IMG_9163-768x724.jpeg 768w, \/bernatmetge2025\/wp-content\/uploads\/2024\/12\/IMG_9163-1536x1448.jpeg 1536w, \/bernatmetge2025\/wp-content\/uploads\/2024\/12\/IMG_9163-2048x1931.jpeg 2048w\" sizes=\"auto, (max-width: 767px) 89vw, (max-width: 1000px) 54vw, (max-width: 1071px) 543px, 580px\" \/><\/figure>\n\n\n\n<figure class=\"wp-block-image size-large is-style-rounded\"><img loading=\"lazy\" decoding=\"async\" width=\"707\" height=\"1024\" src=\"\/bernatmetge2025\/wp-content\/uploads\/2024\/12\/IMG_9162-1-707x1024.jpeg\" alt=\"\" class=\"wp-image-466\" srcset=\"\/bernatmetge2025\/wp-content\/uploads\/2024\/12\/IMG_9162-1-707x1024.jpeg 707w, \/bernatmetge2025\/wp-content\/uploads\/2024\/12\/IMG_9162-1-207x300.jpeg 207w, \/bernatmetge2025\/wp-content\/uploads\/2024\/12\/IMG_9162-1-768x1112.jpeg 768w, \/bernatmetge2025\/wp-content\/uploads\/2024\/12\/IMG_9162-1-1061x1536.jpeg 1061w, \/bernatmetge2025\/wp-content\/uploads\/2024\/12\/IMG_9162-1-1415x2048.jpeg 1415w, \/bernatmetge2025\/wp-content\/uploads\/2024\/12\/IMG_9162-1-scaled.jpeg 1768w\" sizes=\"auto, (max-width: 707px) 100vw, 707px\" \/><\/figure>\n\n\n\n<figure class=\"wp-block-image size-large\"><img loading=\"lazy\" decoding=\"async\" width=\"1006\" height=\"1024\" src=\"\/bernatmetge2025\/wp-content\/uploads\/2024\/12\/IMG_9161-1-1006x1024.jpeg\" alt=\"\" class=\"wp-image-470\" srcset=\"\/bernatmetge2025\/wp-content\/uploads\/2024\/12\/IMG_9161-1-1006x1024.jpeg 1006w, \/bernatmetge2025\/wp-content\/uploads\/2024\/12\/IMG_9161-1-295x300.jpeg 295w, \/bernatmetge2025\/wp-content\/uploads\/2024\/12\/IMG_9161-1-768x782.jpeg 768w, \/bernatmetge2025\/wp-content\/uploads\/2024\/12\/IMG_9161-1-1509x1536.jpeg 1509w, \/bernatmetge2025\/wp-content\/uploads\/2024\/12\/IMG_9161-1-2012x2048.jpeg 2012w\" sizes=\"auto, (max-width: 767px) 89vw, (max-width: 1000px) 54vw, (max-width: 1071px) 543px, 580px\" \/><\/figure>\n","protected":false},"excerpt":{"rendered":"<p>Els primers dies de classe, abans que arrib\u00e9s el Toni Gir\u00f3, vam estar parlant sobre l&#8217;art i les professores Imma i Mertxe ens van fer reflexionar i escriure la nostra opini\u00f3 sobre que pens\u00e0vem que \u00e9s l&#8217;ART. Les preguntes s\u00f3n: Aqu\u00ed compartim algunes respostes:<\/p>\n","protected":false},"author":16,"featured_media":0,"comment_status":"open","ping_status":"open","sticky":false,"template":"","format":"standard","meta":{"footnotes":""},"categories":[1],"tags":[],"class_list":["post-461","post","type-post","status-publish","format-standard","hentry","category-general"],"_links":{"self":[{"href":"\/bernatmetge2025\/wp-json\/wp\/v2\/posts\/461","targetHints":{"allow":["GET"]}}],"collection":[{"href":"\/bernatmetge2025\/wp-json\/wp\/v2\/posts"}],"about":[{"href":"\/bernatmetge2025\/wp-json\/wp\/v2\/types\/post"}],"author":[{"embeddable":true,"href":"\/bernatmetge2025\/wp-json\/wp\/v2\/users\/16"}],"replies":[{"embeddable":true,"href":"\/bernatmetge2025\/wp-json\/wp\/v2\/comments?post=461"}],"version-history":[{"count":4,"href":"\/bernatmetge2025\/wp-json\/wp\/v2\/posts\/461\/revisions"}],"predecessor-version":[{"id":471,"href":"\/bernatmetge2025\/wp-json\/wp\/v2\/posts\/461\/revisions\/471"}],"wp:attachment":[{"href":"\/bernatmetge2025\/wp-json\/wp\/v2\/media?parent=461"}],"wp:term":[{"taxonomy":"category","embeddable":true,"href":"\/bernatmetge2025\/wp-json\/wp\/v2\/categories?post=461"},{"taxonomy":"post_tag","embeddable":true,"href":"\/bernatmetge2025\/wp-json\/wp\/v2\/tags?post=461"}],"curies":[{"name":"wp","href":"https:\/\/api.w.org\/{rel}","templated":true}]}}