{"id":518,"date":"2025-02-24T10:44:54","date_gmt":"2025-02-24T08:44:54","guid":{"rendered":"\/bernatmetge2025\/?p=518"},"modified":"2025-03-03T15:33:48","modified_gmt":"2025-03-03T13:33:48","slug":"sessio-oberta-_-dimecres-19-de-febrer","status":"publish","type":"post","link":"\/bernatmetge2025\/sessio-oberta-_-dimecres-19-de-febrer\/","title":{"rendered":"Sessio Oberta _ dimecres 19 de febrer"},"content":{"rendered":"\n<p class=\"wp-block-paragraph\"><\/p>\n\n\n\n<figure class=\"wp-block-image size-large\"><img loading=\"lazy\" decoding=\"async\" width=\"1024\" height=\"683\" src=\"\/bernatmetge2025\/wp-content\/uploads\/2025\/03\/250219_sessio_oberta_30-1-1024x683.jpg\" alt=\"\" class=\"wp-image-521\" srcset=\"\/bernatmetge2025\/wp-content\/uploads\/2025\/03\/250219_sessio_oberta_30-1-1024x683.jpg 1024w, \/bernatmetge2025\/wp-content\/uploads\/2025\/03\/250219_sessio_oberta_30-1-300x200.jpg 300w, \/bernatmetge2025\/wp-content\/uploads\/2025\/03\/250219_sessio_oberta_30-1-768x512.jpg 768w, \/bernatmetge2025\/wp-content\/uploads\/2025\/03\/250219_sessio_oberta_30-1-1536x1024.jpg 1536w\" sizes=\"auto, (max-width: 767px) 89vw, (max-width: 1000px) 54vw, (max-width: 1071px) 543px, 580px\" \/><\/figure>\n\n\n\n<p class=\"has-text-align-left wp-block-paragraph\"><\/p>\n\n\n\n<div class=\"wp-block-columns is-layout-flex wp-container-core-columns-is-layout-8f761849 wp-block-columns-is-layout-flex\">\n<div class=\"wp-block-column is-layout-flow wp-block-column-is-layout-flow\">\n<figure class=\"wp-block-image size-large is-resized is-style-default\"><img loading=\"lazy\" decoding=\"async\" width=\"768\" height=\"1024\" src=\"\/bernatmetge2025\/wp-content\/uploads\/2025\/03\/PHOTO-2025-03-02-18-24-40-1-768x1024.jpg\" alt=\"\" class=\"wp-image-523\" style=\"width:245px;height:auto\" srcset=\"\/bernatmetge2025\/wp-content\/uploads\/2025\/03\/PHOTO-2025-03-02-18-24-40-1-768x1024.jpg 768w, \/bernatmetge2025\/wp-content\/uploads\/2025\/03\/PHOTO-2025-03-02-18-24-40-1-225x300.jpg 225w, \/bernatmetge2025\/wp-content\/uploads\/2025\/03\/PHOTO-2025-03-02-18-24-40-1-1152x1536.jpg 1152w, \/bernatmetge2025\/wp-content\/uploads\/2025\/03\/PHOTO-2025-03-02-18-24-40-1.jpg 1200w\" sizes=\"auto, (max-width: 767px) 89vw, (max-width: 1000px) 54vw, (max-width: 1071px) 543px, 580px\" \/><\/figure>\n<\/div>\n\n\n\n<div class=\"wp-block-column is-layout-flow wp-block-column-is-layout-flow\">\n<p class=\"has-text-align-left wp-block-paragraph\">En la <strong>Sessi\u00f3 Oberta <\/strong>vam presentar entre 5 companys i companyes el que hav\u00edem fet fins ara a <strong>En Resid\u00e8ncia<\/strong> amb el <strong>Toni Gir\u00f3<\/strong> al claustre. <\/p>\n\n\n\n<p class=\"has-text-align-left wp-block-paragraph\">Primer de tot vam organitzar l&#8217;ordre de les nostres presentacions, des de la presentaci\u00f3 inicial fins a la despedida i vam assajar totes les activitats art\u00edstiques que hav\u00edem d&#8217;explicar als professors i a les professores.<\/p>\n<\/div>\n<\/div>\n\n\n\n<p class=\"has-text-align-left wp-block-paragraph\">Est\u00e0vem una mica nervioses per parlar en p\u00fablic, per\u00f2 al final va anar tot molt b\u00e9 i vam compartir amb tothom els treballs art\u00edstics que hav\u00edem fet.<\/p>\n\n\n\n<p class=\"has-text-align-left wp-block-paragraph\">Tamb\u00e9 vam <strong>fer dibuixar als professors i professores posant un objecte a la seva butxaca<\/strong> sense que veiessin quin objecte era, d&#8217;aquesta manera havien de <strong>dibuixar a trav\u00e9s del sentit del tacte,<\/strong> quan van acabar, van poder compartir els dibuixos amb tothom.<\/p>\n\n\n\n<figure class=\"wp-block-image size-large\"><img loading=\"lazy\" decoding=\"async\" width=\"1024\" height=\"683\" src=\"\/bernatmetge2025\/wp-content\/uploads\/2025\/03\/250219_sessio_oberta_36-1024x683.jpg\" alt=\"\" class=\"wp-image-527\" srcset=\"\/bernatmetge2025\/wp-content\/uploads\/2025\/03\/250219_sessio_oberta_36-1024x683.jpg 1024w, \/bernatmetge2025\/wp-content\/uploads\/2025\/03\/250219_sessio_oberta_36-300x200.jpg 300w, \/bernatmetge2025\/wp-content\/uploads\/2025\/03\/250219_sessio_oberta_36-768x512.jpg 768w, \/bernatmetge2025\/wp-content\/uploads\/2025\/03\/250219_sessio_oberta_36-1536x1024.jpg 1536w\" sizes=\"auto, (max-width: 767px) 89vw, (max-width: 1000px) 54vw, (max-width: 1071px) 543px, 580px\" \/><\/figure>\n\n\n\n<p class=\"has-text-align-left wp-block-paragraph\"><\/p>\n\n\n\n<p class=\"has-text-align-left wp-block-paragraph\">Al final el Toni Mir\u00f3 va fer el tancament de la sessi\u00f3, fent una xerrada sobre el treball que totes fem juntes.<\/p>\n\n\n\n<figure class=\"wp-block-image size-large\"><img loading=\"lazy\" decoding=\"async\" width=\"1024\" height=\"683\" src=\"\/bernatmetge2025\/wp-content\/uploads\/2025\/03\/250219_sessio_oberta_83-1024x683.jpg\" alt=\"\" class=\"wp-image-524\" srcset=\"\/bernatmetge2025\/wp-content\/uploads\/2025\/03\/250219_sessio_oberta_83-1024x683.jpg 1024w, \/bernatmetge2025\/wp-content\/uploads\/2025\/03\/250219_sessio_oberta_83-300x200.jpg 300w, \/bernatmetge2025\/wp-content\/uploads\/2025\/03\/250219_sessio_oberta_83-768x512.jpg 768w, \/bernatmetge2025\/wp-content\/uploads\/2025\/03\/250219_sessio_oberta_83-1536x1024.jpg 1536w\" sizes=\"auto, (max-width: 767px) 89vw, (max-width: 1000px) 54vw, (max-width: 1071px) 543px, 580px\" \/><\/figure>\n","protected":false},"excerpt":{"rendered":"<p>En la Sessi\u00f3 Oberta vam presentar entre 5 companys i companyes el que hav\u00edem fet fins ara a En Resid\u00e8ncia amb el Toni Gir\u00f3 al claustre. Primer de tot vam organitzar l&#8217;ordre de les nostres presentacions, des de la presentaci\u00f3 inicial fins a la despedida i vam assajar totes les activitats art\u00edstiques que hav\u00edem d&#8217;explicar &hellip; <\/p>\n<p class=\"link-more\"><a href=\"\/bernatmetge2025\/sessio-oberta-_-dimecres-19-de-febrer\/\" class=\"more-link\">Continua llegint <span class=\"screen-reader-text\">\u00abSessio Oberta _ dimecres 19 de febrer\u00bb<\/span><\/a><\/p>\n","protected":false},"author":16,"featured_media":0,"comment_status":"open","ping_status":"open","sticky":false,"template":"","format":"standard","meta":{"footnotes":""},"categories":[1],"tags":[],"class_list":["post-518","post","type-post","status-publish","format-standard","hentry","category-general"],"_links":{"self":[{"href":"\/bernatmetge2025\/wp-json\/wp\/v2\/posts\/518","targetHints":{"allow":["GET"]}}],"collection":[{"href":"\/bernatmetge2025\/wp-json\/wp\/v2\/posts"}],"about":[{"href":"\/bernatmetge2025\/wp-json\/wp\/v2\/types\/post"}],"author":[{"embeddable":true,"href":"\/bernatmetge2025\/wp-json\/wp\/v2\/users\/16"}],"replies":[{"embeddable":true,"href":"\/bernatmetge2025\/wp-json\/wp\/v2\/comments?post=518"}],"version-history":[{"count":4,"href":"\/bernatmetge2025\/wp-json\/wp\/v2\/posts\/518\/revisions"}],"predecessor-version":[{"id":531,"href":"\/bernatmetge2025\/wp-json\/wp\/v2\/posts\/518\/revisions\/531"}],"wp:attachment":[{"href":"\/bernatmetge2025\/wp-json\/wp\/v2\/media?parent=518"}],"wp:term":[{"taxonomy":"category","embeddable":true,"href":"\/bernatmetge2025\/wp-json\/wp\/v2\/categories?post=518"},{"taxonomy":"post_tag","embeddable":true,"href":"\/bernatmetge2025\/wp-json\/wp\/v2\/tags?post=518"}],"curies":[{"name":"wp","href":"https:\/\/api.w.org\/{rel}","templated":true}]}}