{"id":129,"date":"2026-04-13T14:02:52","date_gmt":"2026-04-13T12:02:52","guid":{"rendered":"\/carrascoiformiguera2026\/?p=129"},"modified":"2026-04-13T14:02:52","modified_gmt":"2026-04-13T12:02:52","slug":"metaforas","status":"publish","type":"post","link":"\/carrascoiformiguera2026\/metaforas\/","title":{"rendered":"Met\u00e1foras"},"content":{"rendered":"\n<p class=\"wp-block-paragraph\">Estuvimos trabajando sobre las met\u00e1foras.<\/p>\n\n\n\n<p class=\"wp-block-paragraph\">Fuimos a Torre Llobeta (el centro c\u00edvico que tenemos al lado del instituto) donde Laia nos estuvo hablando de las met\u00e1foras. Tambi\u00e9n hablamos sobre las emociones.<\/p>\n\n\n\n<p class=\"wp-block-paragraph\">Hicimos un ejercicio que consist\u00eda en escribir papeles an\u00f3nimos con preocupaciones o distracciones que nos llenan la cabeza y que tenemos en nuestro d\u00eda a d\u00eda. Las que m\u00e1s se repitieron: LAS NOTAS, EL FUTURO, LOS AMIGOS.<\/p>\n\n\n\n<p class=\"wp-block-paragraph\">Despu\u00e9s imaginamos met\u00e1foras para hablar de los que hab\u00edamos escrito en los papeles. Una que recuerdo es conflicto o problema y la met\u00e1fora que surgi\u00f3 es una persona bajo una ola, que la dibuj\u00f3 Juan Diego.<\/p>\n\n\n\n<p class=\"wp-block-paragraph\">Todo este trabajo surgi\u00f3 de que estuvimos viendo unas obras de arte que ten\u00edamos que interpretar. Una que recordamos era una especie de m\u00e1scara que estaba hecha de cuerdas y en ellas iban pegados unos l\u00e1pices. Una chica se la pon\u00eda e intentaba dibujar, claro no ten\u00eda control sobre lo que hac\u00eda. Esta obra era un claro ejemplo de met\u00e1fora de descontrol y de conflicto.<\/p>\n\n\n\n<p class=\"wp-block-paragraph\">Me pareci\u00f3 interesante. <\/p>\n\n\n\n<figure class=\"wp-block-gallery has-nested-images columns-default is-cropped wp-block-gallery-1 is-layout-flex wp-block-gallery-is-layout-flex\">\n<figure class=\"wp-block-image size-large\"><img loading=\"lazy\" decoding=\"async\" width=\"1024\" height=\"683\" data-id=\"130\" src=\"\/carrascoiformiguera2026\/wp-content\/uploads\/2026\/04\/260203_centrecivic_11-1024x683.jpg\" alt=\"\" class=\"wp-image-130\" srcset=\"\/carrascoiformiguera2026\/wp-content\/uploads\/2026\/04\/260203_centrecivic_11-1024x683.jpg 1024w, \/carrascoiformiguera2026\/wp-content\/uploads\/2026\/04\/260203_centrecivic_11-300x200.jpg 300w, \/carrascoiformiguera2026\/wp-content\/uploads\/2026\/04\/260203_centrecivic_11-768x512.jpg 768w, \/carrascoiformiguera2026\/wp-content\/uploads\/2026\/04\/260203_centrecivic_11-1536x1024.jpg 1536w, \/carrascoiformiguera2026\/wp-content\/uploads\/2026\/04\/260203_centrecivic_11-2048x1365.jpg 2048w\" sizes=\"auto, (max-width: 767px) 89vw, (max-width: 1000px) 54vw, (max-width: 1071px) 543px, 580px\" \/><\/figure>\n\n\n\n<figure class=\"wp-block-image size-large\"><img loading=\"lazy\" decoding=\"async\" width=\"1024\" height=\"683\" data-id=\"131\" src=\"\/carrascoiformiguera2026\/wp-content\/uploads\/2026\/04\/260203_centrecivic_13-1024x683.jpg\" alt=\"\" class=\"wp-image-131\" srcset=\"\/carrascoiformiguera2026\/wp-content\/uploads\/2026\/04\/260203_centrecivic_13-1024x683.jpg 1024w, \/carrascoiformiguera2026\/wp-content\/uploads\/2026\/04\/260203_centrecivic_13-300x200.jpg 300w, \/carrascoiformiguera2026\/wp-content\/uploads\/2026\/04\/260203_centrecivic_13-768x512.jpg 768w, \/carrascoiformiguera2026\/wp-content\/uploads\/2026\/04\/260203_centrecivic_13-1536x1024.jpg 1536w, \/carrascoiformiguera2026\/wp-content\/uploads\/2026\/04\/260203_centrecivic_13-2048x1365.jpg 2048w\" sizes=\"auto, (max-width: 767px) 89vw, (max-width: 1000px) 54vw, (max-width: 1071px) 543px, 580px\" \/><\/figure>\n\n\n\n<figure class=\"wp-block-image size-large\"><img loading=\"lazy\" decoding=\"async\" width=\"1024\" height=\"683\" data-id=\"132\" src=\"\/carrascoiformiguera2026\/wp-content\/uploads\/2026\/04\/260203_centrecivic_08-1024x683.jpg\" alt=\"\" class=\"wp-image-132\" srcset=\"\/carrascoiformiguera2026\/wp-content\/uploads\/2026\/04\/260203_centrecivic_08-1024x683.jpg 1024w, \/carrascoiformiguera2026\/wp-content\/uploads\/2026\/04\/260203_centrecivic_08-300x200.jpg 300w, \/carrascoiformiguera2026\/wp-content\/uploads\/2026\/04\/260203_centrecivic_08-768x512.jpg 768w, \/carrascoiformiguera2026\/wp-content\/uploads\/2026\/04\/260203_centrecivic_08-1536x1024.jpg 1536w, \/carrascoiformiguera2026\/wp-content\/uploads\/2026\/04\/260203_centrecivic_08-2048x1365.jpg 2048w\" sizes=\"auto, (max-width: 767px) 89vw, (max-width: 1000px) 54vw, (max-width: 1071px) 543px, 580px\" \/><\/figure>\n<\/figure>\n","protected":false},"excerpt":{"rendered":"<p>Estuvimos trabajando sobre las met\u00e1foras. Fuimos a Torre Llobeta (el centro c\u00edvico que tenemos al lado del instituto) donde Laia nos estuvo hablando de las met\u00e1foras. Tambi\u00e9n hablamos sobre las emociones. Hicimos un ejercicio que consist\u00eda en escribir papeles an\u00f3nimos con preocupaciones o distracciones que nos llenan la cabeza y que tenemos en nuestro d\u00eda &hellip; <\/p>\n<p class=\"link-more\"><a href=\"\/carrascoiformiguera2026\/metaforas\/\" class=\"more-link\">Continua llegint <span class=\"screen-reader-text\">\u00abMet\u00e1foras\u00bb<\/span><\/a><\/p>\n","protected":false},"author":3,"featured_media":0,"comment_status":"closed","ping_status":"","sticky":false,"template":"","format":"standard","meta":{"footnotes":""},"categories":[1],"tags":[],"class_list":["post-129","post","type-post","status-publish","format-standard","hentry","category-general"],"_links":{"self":[{"href":"\/carrascoiformiguera2026\/wp-json\/wp\/v2\/posts\/129","targetHints":{"allow":["GET"]}}],"collection":[{"href":"\/carrascoiformiguera2026\/wp-json\/wp\/v2\/posts"}],"about":[{"href":"\/carrascoiformiguera2026\/wp-json\/wp\/v2\/types\/post"}],"author":[{"embeddable":true,"href":"\/carrascoiformiguera2026\/wp-json\/wp\/v2\/users\/3"}],"replies":[{"embeddable":true,"href":"\/carrascoiformiguera2026\/wp-json\/wp\/v2\/comments?post=129"}],"version-history":[{"count":1,"href":"\/carrascoiformiguera2026\/wp-json\/wp\/v2\/posts\/129\/revisions"}],"predecessor-version":[{"id":133,"href":"\/carrascoiformiguera2026\/wp-json\/wp\/v2\/posts\/129\/revisions\/133"}],"wp:attachment":[{"href":"\/carrascoiformiguera2026\/wp-json\/wp\/v2\/media?parent=129"}],"wp:term":[{"taxonomy":"category","embeddable":true,"href":"\/carrascoiformiguera2026\/wp-json\/wp\/v2\/categories?post=129"},{"taxonomy":"post_tag","embeddable":true,"href":"\/carrascoiformiguera2026\/wp-json\/wp\/v2\/tags?post=129"}],"curies":[{"name":"wp","href":"https:\/\/api.w.org\/{rel}","templated":true}]}}