{"id":134,"date":"2026-04-13T14:07:10","date_gmt":"2026-04-13T12:07:10","guid":{"rendered":"\/carrascoiformiguera2026\/?p=134"},"modified":"2026-05-11T15:45:43","modified_gmt":"2026-05-11T13:45:43","slug":"la-capella","status":"publish","type":"post","link":"\/carrascoiformiguera2026\/la-capella\/","title":{"rendered":"La Capella"},"content":{"rendered":"\n<p class=\"wp-block-paragraph\">Visitem la Capella i les exposicions d&#8217;art contemporani.Descobrim l&#8217;espai en qu\u00e8 exposarem el nostre projecte, el vest\u00edbul de La capella!<\/p>\n\n\n\n<figure class=\"wp-block-gallery has-nested-images columns-default is-cropped wp-block-gallery-1 is-layout-flex wp-block-gallery-is-layout-flex\">\n<figure class=\"wp-block-image size-large\"><img loading=\"lazy\" decoding=\"async\" width=\"1024\" height=\"683\" data-id=\"135\" src=\"\/carrascoiformiguera2026\/wp-content\/uploads\/2026\/04\/260311_LaCapella_07-1024x683.jpg\" alt=\"\" class=\"wp-image-135\" srcset=\"\/carrascoiformiguera2026\/wp-content\/uploads\/2026\/04\/260311_LaCapella_07-1024x683.jpg 1024w, \/carrascoiformiguera2026\/wp-content\/uploads\/2026\/04\/260311_LaCapella_07-300x200.jpg 300w, \/carrascoiformiguera2026\/wp-content\/uploads\/2026\/04\/260311_LaCapella_07-768x512.jpg 768w, \/carrascoiformiguera2026\/wp-content\/uploads\/2026\/04\/260311_LaCapella_07-1536x1024.jpg 1536w, \/carrascoiformiguera2026\/wp-content\/uploads\/2026\/04\/260311_LaCapella_07-2048x1365.jpg 2048w\" sizes=\"auto, (max-width: 767px) 89vw, (max-width: 1000px) 54vw, (max-width: 1071px) 543px, 580px\" \/><\/figure>\n\n\n\n<figure class=\"wp-block-image size-large\"><img loading=\"lazy\" decoding=\"async\" width=\"1024\" height=\"683\" data-id=\"136\" src=\"\/carrascoiformiguera2026\/wp-content\/uploads\/2026\/04\/260311_LaCapella_08-1024x683.jpg\" alt=\"\" class=\"wp-image-136\" srcset=\"\/carrascoiformiguera2026\/wp-content\/uploads\/2026\/04\/260311_LaCapella_08-1024x683.jpg 1024w, \/carrascoiformiguera2026\/wp-content\/uploads\/2026\/04\/260311_LaCapella_08-300x200.jpg 300w, \/carrascoiformiguera2026\/wp-content\/uploads\/2026\/04\/260311_LaCapella_08-768x512.jpg 768w, \/carrascoiformiguera2026\/wp-content\/uploads\/2026\/04\/260311_LaCapella_08-1536x1024.jpg 1536w, \/carrascoiformiguera2026\/wp-content\/uploads\/2026\/04\/260311_LaCapella_08-2048x1365.jpg 2048w\" sizes=\"auto, (max-width: 767px) 89vw, (max-width: 1000px) 54vw, (max-width: 1071px) 543px, 580px\" \/><\/figure>\n\n\n\n<figure class=\"wp-block-image size-large\"><img loading=\"lazy\" decoding=\"async\" width=\"1024\" height=\"683\" data-id=\"137\" src=\"\/carrascoiformiguera2026\/wp-content\/uploads\/2026\/04\/260311_LaCapella_10-1024x683.jpg\" alt=\"\" class=\"wp-image-137\" srcset=\"\/carrascoiformiguera2026\/wp-content\/uploads\/2026\/04\/260311_LaCapella_10-1024x683.jpg 1024w, \/carrascoiformiguera2026\/wp-content\/uploads\/2026\/04\/260311_LaCapella_10-300x200.jpg 300w, \/carrascoiformiguera2026\/wp-content\/uploads\/2026\/04\/260311_LaCapella_10-768x512.jpg 768w, \/carrascoiformiguera2026\/wp-content\/uploads\/2026\/04\/260311_LaCapella_10-1536x1024.jpg 1536w, \/carrascoiformiguera2026\/wp-content\/uploads\/2026\/04\/260311_LaCapella_10-2048x1365.jpg 2048w\" sizes=\"auto, (max-width: 767px) 89vw, (max-width: 1000px) 54vw, (max-width: 1071px) 543px, 580px\" \/><\/figure>\n\n\n\n<figure class=\"wp-block-image size-large\"><img loading=\"lazy\" decoding=\"async\" width=\"1024\" height=\"683\" data-id=\"138\" src=\"\/carrascoiformiguera2026\/wp-content\/uploads\/2026\/04\/260311_LaCapella_14-1024x683.jpg\" alt=\"\" class=\"wp-image-138\" srcset=\"\/carrascoiformiguera2026\/wp-content\/uploads\/2026\/04\/260311_LaCapella_14-1024x683.jpg 1024w, \/carrascoiformiguera2026\/wp-content\/uploads\/2026\/04\/260311_LaCapella_14-300x200.jpg 300w, \/carrascoiformiguera2026\/wp-content\/uploads\/2026\/04\/260311_LaCapella_14-768x512.jpg 768w, \/carrascoiformiguera2026\/wp-content\/uploads\/2026\/04\/260311_LaCapella_14-1536x1024.jpg 1536w, \/carrascoiformiguera2026\/wp-content\/uploads\/2026\/04\/260311_LaCapella_14-2048x1365.jpg 2048w\" sizes=\"auto, (max-width: 767px) 89vw, (max-width: 1000px) 54vw, (max-width: 1071px) 543px, 580px\" \/><\/figure>\n\n\n\n<figure class=\"wp-block-image size-large\"><img loading=\"lazy\" decoding=\"async\" width=\"1024\" height=\"683\" data-id=\"139\" src=\"\/carrascoiformiguera2026\/wp-content\/uploads\/2026\/04\/260311_LaCapella_16-1024x683.jpg\" alt=\"\" class=\"wp-image-139\" srcset=\"\/carrascoiformiguera2026\/wp-content\/uploads\/2026\/04\/260311_LaCapella_16-1024x683.jpg 1024w, \/carrascoiformiguera2026\/wp-content\/uploads\/2026\/04\/260311_LaCapella_16-300x200.jpg 300w, \/carrascoiformiguera2026\/wp-content\/uploads\/2026\/04\/260311_LaCapella_16-768x512.jpg 768w, \/carrascoiformiguera2026\/wp-content\/uploads\/2026\/04\/260311_LaCapella_16-1536x1024.jpg 1536w, \/carrascoiformiguera2026\/wp-content\/uploads\/2026\/04\/260311_LaCapella_16-2048x1365.jpg 2048w\" sizes=\"auto, (max-width: 767px) 89vw, (max-width: 1000px) 54vw, (max-width: 1071px) 543px, 580px\" \/><\/figure>\n\n\n\n<figure class=\"wp-block-image size-large\"><img loading=\"lazy\" decoding=\"async\" width=\"1024\" height=\"683\" data-id=\"140\" src=\"\/carrascoiformiguera2026\/wp-content\/uploads\/2026\/04\/260311_LaCapella_18-1024x683.jpg\" alt=\"\" class=\"wp-image-140\" srcset=\"\/carrascoiformiguera2026\/wp-content\/uploads\/2026\/04\/260311_LaCapella_18-1024x683.jpg 1024w, \/carrascoiformiguera2026\/wp-content\/uploads\/2026\/04\/260311_LaCapella_18-300x200.jpg 300w, \/carrascoiformiguera2026\/wp-content\/uploads\/2026\/04\/260311_LaCapella_18-768x512.jpg 768w, \/carrascoiformiguera2026\/wp-content\/uploads\/2026\/04\/260311_LaCapella_18-1536x1024.jpg 1536w, \/carrascoiformiguera2026\/wp-content\/uploads\/2026\/04\/260311_LaCapella_18-2048x1365.jpg 2048w\" sizes=\"auto, (max-width: 767px) 89vw, (max-width: 1000px) 54vw, (max-width: 1071px) 543px, 580px\" \/><\/figure>\n\n\n\n<figure class=\"wp-block-image size-large\"><img loading=\"lazy\" decoding=\"async\" width=\"1024\" height=\"683\" data-id=\"141\" src=\"\/carrascoiformiguera2026\/wp-content\/uploads\/2026\/04\/260311_LaCapella_19-1024x683.jpg\" alt=\"\" class=\"wp-image-141\" srcset=\"\/carrascoiformiguera2026\/wp-content\/uploads\/2026\/04\/260311_LaCapella_19-1024x683.jpg 1024w, \/carrascoiformiguera2026\/wp-content\/uploads\/2026\/04\/260311_LaCapella_19-300x200.jpg 300w, \/carrascoiformiguera2026\/wp-content\/uploads\/2026\/04\/260311_LaCapella_19-768x512.jpg 768w, \/carrascoiformiguera2026\/wp-content\/uploads\/2026\/04\/260311_LaCapella_19-1536x1024.jpg 1536w, \/carrascoiformiguera2026\/wp-content\/uploads\/2026\/04\/260311_LaCapella_19-2048x1365.jpg 2048w\" sizes=\"auto, (max-width: 767px) 89vw, (max-width: 1000px) 54vw, (max-width: 1071px) 543px, 580px\" \/><\/figure>\n\n\n\n<figure class=\"wp-block-image size-large\"><img loading=\"lazy\" decoding=\"async\" width=\"1024\" height=\"683\" data-id=\"142\" src=\"\/carrascoiformiguera2026\/wp-content\/uploads\/2026\/04\/260311_LaCapella_21-1024x683.jpg\" alt=\"\" class=\"wp-image-142\" srcset=\"\/carrascoiformiguera2026\/wp-content\/uploads\/2026\/04\/260311_LaCapella_21-1024x683.jpg 1024w, \/carrascoiformiguera2026\/wp-content\/uploads\/2026\/04\/260311_LaCapella_21-300x200.jpg 300w, \/carrascoiformiguera2026\/wp-content\/uploads\/2026\/04\/260311_LaCapella_21-768x512.jpg 768w, \/carrascoiformiguera2026\/wp-content\/uploads\/2026\/04\/260311_LaCapella_21-1536x1024.jpg 1536w, \/carrascoiformiguera2026\/wp-content\/uploads\/2026\/04\/260311_LaCapella_21-2048x1365.jpg 2048w\" sizes=\"auto, (max-width: 767px) 89vw, (max-width: 1000px) 54vw, (max-width: 1071px) 543px, 580px\" \/><\/figure>\n\n\n\n<figure class=\"wp-block-image size-large\"><img loading=\"lazy\" decoding=\"async\" width=\"1024\" height=\"683\" data-id=\"143\" src=\"\/carrascoiformiguera2026\/wp-content\/uploads\/2026\/04\/260311_LaCapella_01-1024x683.jpg\" alt=\"\" class=\"wp-image-143\" srcset=\"\/carrascoiformiguera2026\/wp-content\/uploads\/2026\/04\/260311_LaCapella_01-1024x683.jpg 1024w, \/carrascoiformiguera2026\/wp-content\/uploads\/2026\/04\/260311_LaCapella_01-300x200.jpg 300w, \/carrascoiformiguera2026\/wp-content\/uploads\/2026\/04\/260311_LaCapella_01-768x512.jpg 768w, \/carrascoiformiguera2026\/wp-content\/uploads\/2026\/04\/260311_LaCapella_01-1536x1024.jpg 1536w, \/carrascoiformiguera2026\/wp-content\/uploads\/2026\/04\/260311_LaCapella_01-2048x1365.jpg 2048w\" sizes=\"auto, (max-width: 767px) 89vw, (max-width: 1000px) 54vw, (max-width: 1071px) 543px, 580px\" \/><\/figure>\n\n\n\n<figure class=\"wp-block-image size-large\"><img loading=\"lazy\" decoding=\"async\" width=\"1024\" height=\"683\" data-id=\"145\" src=\"\/carrascoiformiguera2026\/wp-content\/uploads\/2026\/04\/260311_LaCapella_06-1024x683.jpg\" alt=\"\" class=\"wp-image-145\" srcset=\"\/carrascoiformiguera2026\/wp-content\/uploads\/2026\/04\/260311_LaCapella_06-1024x683.jpg 1024w, \/carrascoiformiguera2026\/wp-content\/uploads\/2026\/04\/260311_LaCapella_06-300x200.jpg 300w, \/carrascoiformiguera2026\/wp-content\/uploads\/2026\/04\/260311_LaCapella_06-768x512.jpg 768w, \/carrascoiformiguera2026\/wp-content\/uploads\/2026\/04\/260311_LaCapella_06-1536x1024.jpg 1536w, \/carrascoiformiguera2026\/wp-content\/uploads\/2026\/04\/260311_LaCapella_06-2048x1365.jpg 2048w\" sizes=\"auto, (max-width: 767px) 89vw, (max-width: 1000px) 54vw, (max-width: 1071px) 543px, 580px\" \/><\/figure>\n<\/figure>\n\n\n\n<p class=\"wp-block-paragraph\">Al entrar pudimos ver unas obras y unos videos que se pod\u00edan escuchar con cascos, cada vez m\u00e1s adentro hab\u00eda un olor a cera quemada, en todo el centro de la capilla hab\u00eda un gran circulo lleno de cera que se calentaba por debajo y eso desprend\u00eda un olor muy fuerte.<br><br>Tambi\u00e9n hab\u00eda una sala llena de dibujos de caras de color negro, rojo y blanco, la sensaci\u00f3n era como de antig\u00fcedad ya que no esper\u00e1bamos que fuera as\u00ed sino algo mucho m\u00e1s moderno.<br><\/p>\n","protected":false},"excerpt":{"rendered":"<p>Visitem la Capella i les exposicions d&#8217;art contemporani.Descobrim l&#8217;espai en qu\u00e8 exposarem el nostre projecte, el vest\u00edbul de La capella! Al entrar pudimos ver unas obras y unos videos que se pod\u00edan escuchar con cascos, cada vez m\u00e1s adentro hab\u00eda un olor a cera quemada, en todo el centro de la capilla hab\u00eda un gran &hellip; <\/p>\n<p class=\"link-more\"><a href=\"\/carrascoiformiguera2026\/la-capella\/\" class=\"more-link\">Continua llegint <span class=\"screen-reader-text\">\u00abLa Capella\u00bb<\/span><\/a><\/p>\n","protected":false},"author":3,"featured_media":0,"comment_status":"closed","ping_status":"","sticky":false,"template":"","format":"standard","meta":{"footnotes":""},"categories":[1],"tags":[],"class_list":["post-134","post","type-post","status-publish","format-standard","hentry","category-general"],"_links":{"self":[{"href":"\/carrascoiformiguera2026\/wp-json\/wp\/v2\/posts\/134","targetHints":{"allow":["GET"]}}],"collection":[{"href":"\/carrascoiformiguera2026\/wp-json\/wp\/v2\/posts"}],"about":[{"href":"\/carrascoiformiguera2026\/wp-json\/wp\/v2\/types\/post"}],"author":[{"embeddable":true,"href":"\/carrascoiformiguera2026\/wp-json\/wp\/v2\/users\/3"}],"replies":[{"embeddable":true,"href":"\/carrascoiformiguera2026\/wp-json\/wp\/v2\/comments?post=134"}],"version-history":[{"count":3,"href":"\/carrascoiformiguera2026\/wp-json\/wp\/v2\/posts\/134\/revisions"}],"predecessor-version":[{"id":179,"href":"\/carrascoiformiguera2026\/wp-json\/wp\/v2\/posts\/134\/revisions\/179"}],"wp:attachment":[{"href":"\/carrascoiformiguera2026\/wp-json\/wp\/v2\/media?parent=134"}],"wp:term":[{"taxonomy":"category","embeddable":true,"href":"\/carrascoiformiguera2026\/wp-json\/wp\/v2\/categories?post=134"},{"taxonomy":"post_tag","embeddable":true,"href":"\/carrascoiformiguera2026\/wp-json\/wp\/v2\/tags?post=134"}],"curies":[{"name":"wp","href":"https:\/\/api.w.org\/{rel}","templated":true}]}}