{"id":222,"date":"2026-06-30T16:18:24","date_gmt":"2026-06-30T14:18:24","guid":{"rendered":"\/carrascoiformiguera2026\/?p=222"},"modified":"2026-06-30T16:18:24","modified_gmt":"2026-06-30T14:18:24","slug":"vidres-presentacio-final","status":"publish","type":"post","link":"\/carrascoiformiguera2026\/vidres-presentacio-final\/","title":{"rendered":"Vi(d)res. Presentaci\u00f3 final"},"content":{"rendered":"\n<p class=\"wp-block-paragraph\">Presentaci\u00f3 final del projecte expositiu al vest\u00edbul de La Capella.<\/p>\n\n\n\n<p class=\"wp-block-paragraph\">Una gran jornada d&#8217;emocions!<\/p>\n\n\n\n<figure class=\"wp-block-gallery has-nested-images columns-default is-cropped wp-block-gallery-1 is-layout-flex wp-block-gallery-is-layout-flex\">\n<figure class=\"wp-block-image size-large\"><img loading=\"lazy\" decoding=\"async\" width=\"1024\" height=\"683\" data-id=\"223\" src=\"\/carrascoiformiguera2026\/wp-content\/uploads\/2026\/06\/icub260520_092-1024x683.jpg\" alt=\"\" class=\"wp-image-223\" srcset=\"\/carrascoiformiguera2026\/wp-content\/uploads\/2026\/06\/icub260520_092-1024x683.jpg 1024w, \/carrascoiformiguera2026\/wp-content\/uploads\/2026\/06\/icub260520_092-300x200.jpg 300w, \/carrascoiformiguera2026\/wp-content\/uploads\/2026\/06\/icub260520_092-768x512.jpg 768w, \/carrascoiformiguera2026\/wp-content\/uploads\/2026\/06\/icub260520_092-1536x1024.jpg 1536w, \/carrascoiformiguera2026\/wp-content\/uploads\/2026\/06\/icub260520_092-2048x1365.jpg 2048w\" sizes=\"auto, (max-width: 767px) 89vw, (max-width: 1000px) 54vw, (max-width: 1071px) 543px, 580px\" \/><\/figure>\n\n\n\n<figure class=\"wp-block-image size-large\"><img loading=\"lazy\" decoding=\"async\" width=\"1024\" height=\"683\" data-id=\"224\" src=\"\/carrascoiformiguera2026\/wp-content\/uploads\/2026\/06\/icub260520_100-1024x683.jpg\" alt=\"\" class=\"wp-image-224\" srcset=\"\/carrascoiformiguera2026\/wp-content\/uploads\/2026\/06\/icub260520_100-1024x683.jpg 1024w, \/carrascoiformiguera2026\/wp-content\/uploads\/2026\/06\/icub260520_100-300x200.jpg 300w, \/carrascoiformiguera2026\/wp-content\/uploads\/2026\/06\/icub260520_100-768x512.jpg 768w, \/carrascoiformiguera2026\/wp-content\/uploads\/2026\/06\/icub260520_100-1536x1024.jpg 1536w, \/carrascoiformiguera2026\/wp-content\/uploads\/2026\/06\/icub260520_100-2048x1365.jpg 2048w\" sizes=\"auto, (max-width: 767px) 89vw, (max-width: 1000px) 54vw, (max-width: 1071px) 543px, 580px\" \/><\/figure>\n\n\n\n<figure class=\"wp-block-image size-large\"><img loading=\"lazy\" decoding=\"async\" width=\"1024\" height=\"683\" data-id=\"225\" src=\"\/carrascoiformiguera2026\/wp-content\/uploads\/2026\/06\/icub260520_101-1024x683.jpg\" alt=\"\" class=\"wp-image-225\" srcset=\"\/carrascoiformiguera2026\/wp-content\/uploads\/2026\/06\/icub260520_101-1024x683.jpg 1024w, \/carrascoiformiguera2026\/wp-content\/uploads\/2026\/06\/icub260520_101-300x200.jpg 300w, \/carrascoiformiguera2026\/wp-content\/uploads\/2026\/06\/icub260520_101-768x512.jpg 768w, \/carrascoiformiguera2026\/wp-content\/uploads\/2026\/06\/icub260520_101-1536x1024.jpg 1536w, \/carrascoiformiguera2026\/wp-content\/uploads\/2026\/06\/icub260520_101-2048x1365.jpg 2048w\" sizes=\"auto, (max-width: 767px) 89vw, (max-width: 1000px) 54vw, (max-width: 1071px) 543px, 580px\" \/><\/figure>\n\n\n\n<figure class=\"wp-block-image size-large\"><img loading=\"lazy\" decoding=\"async\" width=\"1024\" height=\"683\" data-id=\"226\" src=\"\/carrascoiformiguera2026\/wp-content\/uploads\/2026\/06\/icub260520_103-1024x683.jpg\" alt=\"\" class=\"wp-image-226\" srcset=\"\/carrascoiformiguera2026\/wp-content\/uploads\/2026\/06\/icub260520_103-1024x683.jpg 1024w, \/carrascoiformiguera2026\/wp-content\/uploads\/2026\/06\/icub260520_103-300x200.jpg 300w, \/carrascoiformiguera2026\/wp-content\/uploads\/2026\/06\/icub260520_103-768x512.jpg 768w, \/carrascoiformiguera2026\/wp-content\/uploads\/2026\/06\/icub260520_103-1536x1024.jpg 1536w, \/carrascoiformiguera2026\/wp-content\/uploads\/2026\/06\/icub260520_103-2048x1365.jpg 2048w\" sizes=\"auto, (max-width: 767px) 89vw, (max-width: 1000px) 54vw, (max-width: 1071px) 543px, 580px\" \/><\/figure>\n\n\n\n<figure class=\"wp-block-image size-large\"><img loading=\"lazy\" decoding=\"async\" width=\"1024\" height=\"683\" data-id=\"227\" src=\"\/carrascoiformiguera2026\/wp-content\/uploads\/2026\/06\/icub260520_105-1024x683.jpg\" alt=\"\" class=\"wp-image-227\" srcset=\"\/carrascoiformiguera2026\/wp-content\/uploads\/2026\/06\/icub260520_105-1024x683.jpg 1024w, \/carrascoiformiguera2026\/wp-content\/uploads\/2026\/06\/icub260520_105-300x200.jpg 300w, \/carrascoiformiguera2026\/wp-content\/uploads\/2026\/06\/icub260520_105-768x512.jpg 768w, \/carrascoiformiguera2026\/wp-content\/uploads\/2026\/06\/icub260520_105-1536x1024.jpg 1536w, \/carrascoiformiguera2026\/wp-content\/uploads\/2026\/06\/icub260520_105-2048x1365.jpg 2048w\" sizes=\"auto, (max-width: 767px) 89vw, (max-width: 1000px) 54vw, (max-width: 1071px) 543px, 580px\" \/><\/figure>\n<\/figure>\n\n\n\n<p class=\"wp-block-paragraph\">Hola, Bona tarda!<\/p>\n\n\n\n<p class=\"wp-block-paragraph\">Benvinguts i benvingudes,<\/p>\n\n\n\n<p class=\"wp-block-paragraph\">Som un grup d\u2019alumnes de 4t d\u2019ESO de l\u2019Institut manuel Carrasco i Formiguera, ubicat al barri de Torrellobeta-Vilapicina.<\/p>\n\n\n\n<p class=\"wp-block-paragraph\">Durant aquest curs hem estat treballant amb l\u2019artista Laia Moret\u00f3, que ha vingut cada setmana a treballar amb nosaltres. El nostre grup est\u00e0 format per 16 alumnes, tots tenim la mateixa edat i vivim al mateix barri, per\u00f2 alhora som molt diferents entre nosaltres.<\/p>\n\n\n\n<p class=\"wp-block-paragraph\">Ens fa molta il\u00b7lusi\u00f3 la vostra pres\u00e8ncia. A continuaci\u00f3, entre totes, us explicarem com ha sigut aquest proc\u00e9s.<\/p>\n\n\n\n<p class=\"wp-block-paragraph\">Aquesta exposici\u00f3 l\u2019hem anomenat Vidres\/Vides. Aquest joc de paraules va sorgir en el moment que ens vam adonar que tot el treball del curs estava relacionat amb el vidre, que \u00e9s el material amb qu\u00e8 treballa la nostra artista, i alhora tamb\u00e9 amb el treball interior i de con\u00e8ixer-nos a nosaltres mateixos.<\/p>\n\n\n\n<p class=\"wp-block-paragraph\">Des del primer treball [les rajoles de vidre], en qu\u00e8 port\u00e0vem objectes personals, vam estar tractant sobre nosaltres, eren objectes importants i que explicaven un moment significatiu de la nostra vida. Cada pe\u00e7a de vidre reflecteix una petita part de cadasc\u00fa.<\/p>\n\n\n\n<p class=\"wp-block-paragraph\">Tamb\u00e9 amb aquesta pe\u00e7a [les balances] vam fer una met\u00e0fora sobre el pes de les nostres emocions, fent servir el vidre altra vegada.<\/p>\n\n\n\n<p class=\"wp-block-paragraph\">La semblan\u00e7a que tenen les emocions i aquests moments importants amb el vidre \u00e9s que: poden ser molt bonics, son fr\u00e0gils i alhora resistents, moldejables i que t\u2019hi has de fixar per apreciar-los.<\/p>\n\n\n\n<p class=\"wp-block-paragraph\">Com podeu veure, la nostra obra est\u00e0 composada principalment per les rajoles de cristall amb un relleu d\u2019un objecte. Cada objecte explica alguna cosa de nosaltres: un moment, una persona, un record\u2026 La majoria dels objectes s\u00f3n molt personals especials per nosaltres i s\u00f3n de tot tipus com podeu veure (pulseres, perfums, medalles, clauers\u2026)<\/p>\n\n\n\n<p class=\"wp-block-paragraph\">Com es pot veure, tots els blocs estan separats i fragmentats a la paret. Es podria dir que aquests maons s\u00f3n una representaci\u00f3 dels records de com moltes vegades poden ser difosos i fr\u00e0gils i com es poden perdre f\u00e0cilment entre la resta de pensament (com si la paret fos la immensitat del nostre cap).<\/p>\n\n\n\n<p class=\"wp-block-paragraph\">A m\u00e9s tamb\u00e9 est\u00e0 format per records reals de tot el grup, que ha plasmat amb molts dels seus objectes a aquestes peces, com una forma de preservar les mem\u00f2ries i, d\u2019alguna manera, col\u00b7leccionar-les conjuntament.<\/p>\n\n\n\n<p class=\"wp-block-paragraph\">En la segona pe\u00e7a, els vidres s\u00f3n blocs arrodonits i situats sobre els dos extrems de la balan\u00e7a. Uns blocs estan trencats i pesen m\u00e9s i de l\u2019altre costat tot el contrari. Podrien ser els records positius i els negatius, com uns pesen m\u00e9s que els altres, potser fent refer\u00e8ncia a com moltes vegades tenim m\u00e9s en compte els aspectes negatius propis que aspectes positius. Amb aquesta pe\u00e7a vol\u00edem posar l\u2019atenci\u00f3 en el fet de considerar les coses bones.<\/p>\n\n\n\n<p class=\"wp-block-paragraph\">Finalment, hem recollit una altra dimensi\u00f3 d\u2019aquest treball en dos fanzines, amb fotografies, textos, mentre l\u2019obra estava prenent forma.<\/p>\n\n\n\n<p class=\"wp-block-paragraph\">Us explicarem el proc\u00e9s per extreure la forma dels objectes a trav\u00e9s dels motlles al llarg de diverses sessions. Aquells dies vam protegir la taula i vam posar quatre fustes en forma de quadrat. Vam preparar l\u2019alginat i ho vam barrejar tot en un recipient fins que la barreja fos perfecta. Vam posar la barreja a la forma quadrada i a dins els nostres objectes importants.<\/p>\n\n\n\n<p class=\"wp-block-paragraph\">Ho deixavem assecar durant uns 5 o 10 minuts i despr\u00e9s tall\u00e0vem l\u2019alginat amb tisores o amb les mans. Llavors aconsegu\u00edem la forma del nostre objecte. Un cop ten\u00edem aquestes formes ja vam poder fer els vidres, que la Laia ha cuit al seu taller.<\/p>\n\n\n\n<p class=\"wp-block-paragraph\">Juntament amb la part m\u00e9s f\u00edsica vam estar parlant de la met\u00e0fora i en el sentit que podien tenir les nostres peces. Per fer-ho vam veure i analitzar obres d\u2019altres artistes que treballen a partir de la met\u00e0fora i les emocions. Aix\u00f2 ens va ajudar a comprendre millor que amb l\u2019art es poden expressar idees, sentiments, emocions, records\u2026<\/p>\n\n\n\n<p class=\"wp-block-paragraph\">Ara us explicarem alguns moments del proc\u00e9s que considerem especials o importants.<\/p>\n\n\n\n<p class=\"wp-block-paragraph\">Un dia, en lloc de fer classe normal vam sortir del centre i vam anar a TorreLlobeta, a una esp\u00e8cie de teatre. Va ser una classe molt m\u00e9s din\u00e0mica, en qu\u00e8 vam estar parlant d\u2019emocions i del qu\u00e8 era la met\u00e0fora. Vam enlla\u00e7ar emocions amb conceptes i vam connectar i compartir records, viv\u00e8ncies i fent exercicis de reflexionar i mirar cap endins. Va ser una sessi\u00f3 especial, molt m\u00e9s emocional.<\/p>\n\n\n\n<p class=\"wp-block-paragraph\">Jo recordo els primers motlles que vam fer els primers dies que vam con\u00e8ixer la Laia. Els vam fer amb fusta i posant els nostres objectes dins dels motlles d\u2019alginat. Despr\u00e9s ho deix\u00e0vem assecar i al treure els objectes es guardava la forma perfectament. Era com deixar el record del nostre objecte en el motlle i aquest record quedaria posat al vidre.<\/p>\n\n\n\n<p class=\"wp-block-paragraph\">Otro d\u00eda que yo recuerdo: Un d\u00eda est\u00e1bamos en clase y la Laia trajo cristales para romper. Salimos al patio y pusimos los cristales encima de un papel y con cinta para saber donde golpearlos con el martillo y para que no se separara mucho cuando lo rompi\u00e9ramos. Me gust\u00f3 la sensaci\u00f3n de golpear el cristal, de sentir que se romp\u00eda.<\/p>\n\n\n\n<p class=\"wp-block-paragraph\">Despu\u00e9s, la Laia tenia un adhesivo especial que funciona con la luz del sol y con unos guantes y mucho cuidado empezamos a pegarlo y despu\u00e9s lo dejamos al sol para que se pegara. Las grietas parec\u00edan como de un terremoto.<\/p>\n\n\n\n<p class=\"wp-block-paragraph\">Per mi un dia especial va ser quan vam anar al taller de la Laia a Joanic. El que vam veure van ser les m\u00e0quines que utilitza per fer els vidres i els forns. Em va sorprendre tota la maquin\u00e0ria. Aquell mateix dia vam fer una activitat agafant textures pel carrer. Tamb\u00e9 vam moldejar uns bastons de vidre i jo vaig intentar fer un quadrat i deixar les marques al vidre.<\/p>\n\n\n\n<p class=\"wp-block-paragraph\">Vam veure una pe\u00e7a de cristall que havia fet la Laia que eren unes mans i que semblava el pes de la vida.<\/p>\n\n\n\n<p class=\"wp-block-paragraph\">El moment que m\u00e9s em va agradar va ser quan vam fer els motlles i vaig posar la cadena del meu pare que em feia molta il\u00b7lusi\u00f3. A part que va quedar molt b\u00e9, despr\u00e9s vam mirar qu\u00e8 passava amb el vidre quan hi passava la llum a trav\u00e9s i vam estar provant amb unes llanternes.<\/p>\n\n\n\n<p class=\"wp-block-paragraph\">Els fanzines s\u00f3n dos llibres que expliquen part de l\u2019obra. Hi ha imatges dels vidres per\u00f2 tamb\u00e9 les nostres veus: frases de records, pensaments, pors, emocions.<\/p>\n\n\n\n<p class=\"wp-block-paragraph\">Volem expressar el nostre m\u00e9s sincer agra\u00efment a totes les persones que han fet possible aquest projecte, el seu suport i la seva dedicaci\u00f3 durant el curs. Volem donar les gr\u00e0cies molt especialment a la Laia Moret\u00f3 que ha estat amb nosaltres durant tot el curs. Ha estat una persona clau en el desenvolupament del nostre projecte, ens ha guiat per aquest proc\u00e9s creatiu. La seva paci\u00e8ncia amb nosaltres, orientaci\u00f3 i experi\u00e8ncia ens han perm\u00e8s aprendre molt millor. Tamb\u00e9 volem agra\u00efr a la nostra professora Teresa que ens ha donat suport en tot moment, animant-nos a seguir endavant i a treure el millor de nosaltres mateixos.<\/p>\n\n\n\n<p class=\"wp-block-paragraph\">Finalment tamb\u00e9 volem agra\u00efr a La Capella que ens hagi perm\u00e8s exposar i presentar el nostre treball. Tamb\u00e9 al programa En Resid\u00e8ncia per seguir portant artistes a les aules.<\/p>\n\n\n\n<p class=\"wp-block-paragraph\">Moltes gr\u00e0cies!!!<\/p>\n\n\n\n<p class=\"wp-block-paragraph\">(fotografies d&#8217;Edu Pedrochi)<\/p>\n","protected":false},"excerpt":{"rendered":"<p>Presentaci\u00f3 final del projecte expositiu al vest\u00edbul de La Capella. Una gran jornada d&#8217;emocions! Hola, Bona tarda! Benvinguts i benvingudes, Som un grup d\u2019alumnes de 4t d\u2019ESO de l\u2019Institut manuel Carrasco i Formiguera, ubicat al barri de Torrellobeta-Vilapicina. Durant aquest curs hem estat treballant amb l\u2019artista Laia Moret\u00f3, que ha vingut cada setmana a treballar &hellip; <\/p>\n<p class=\"link-more\"><a href=\"\/carrascoiformiguera2026\/vidres-presentacio-final\/\" class=\"more-link\">Continua llegint <span class=\"screen-reader-text\">\u00abVi(d)res. Presentaci\u00f3 final\u00bb<\/span><\/a><\/p>\n","protected":false},"author":3,"featured_media":0,"comment_status":"closed","ping_status":"","sticky":false,"template":"","format":"standard","meta":{"footnotes":""},"categories":[1],"tags":[],"class_list":["post-222","post","type-post","status-publish","format-standard","hentry","category-general"],"_links":{"self":[{"href":"\/carrascoiformiguera2026\/wp-json\/wp\/v2\/posts\/222","targetHints":{"allow":["GET"]}}],"collection":[{"href":"\/carrascoiformiguera2026\/wp-json\/wp\/v2\/posts"}],"about":[{"href":"\/carrascoiformiguera2026\/wp-json\/wp\/v2\/types\/post"}],"author":[{"embeddable":true,"href":"\/carrascoiformiguera2026\/wp-json\/wp\/v2\/users\/3"}],"replies":[{"embeddable":true,"href":"\/carrascoiformiguera2026\/wp-json\/wp\/v2\/comments?post=222"}],"version-history":[{"count":1,"href":"\/carrascoiformiguera2026\/wp-json\/wp\/v2\/posts\/222\/revisions"}],"predecessor-version":[{"id":228,"href":"\/carrascoiformiguera2026\/wp-json\/wp\/v2\/posts\/222\/revisions\/228"}],"wp:attachment":[{"href":"\/carrascoiformiguera2026\/wp-json\/wp\/v2\/media?parent=222"}],"wp:term":[{"taxonomy":"category","embeddable":true,"href":"\/carrascoiformiguera2026\/wp-json\/wp\/v2\/categories?post=222"},{"taxonomy":"post_tag","embeddable":true,"href":"\/carrascoiformiguera2026\/wp-json\/wp\/v2\/tags?post=222"}],"curies":[{"name":"wp","href":"https:\/\/api.w.org\/{rel}","templated":true}]}}