{"id":56,"date":"2025-12-03T11:25:09","date_gmt":"2025-12-03T09:25:09","guid":{"rendered":"\/carrascoiformiguera2026\/?p=56"},"modified":"2025-12-03T11:30:35","modified_gmt":"2025-12-03T09:30:35","slug":"treball-sobre-miralls","status":"publish","type":"post","link":"\/carrascoiformiguera2026\/treball-sobre-miralls\/","title":{"rendered":"Treball sobre miralls"},"content":{"rendered":"\n<p class=\"wp-block-paragraph\">En aquesta sessi\u00f3, vam fer una activitat molt curiosa i creativa. La Laia va portar miralls per a tothom i fulls de llibreta (la resta de material, com la pintura, ja era a l\u2019aula).<\/p>\n\n\n\n<p class=\"wp-block-paragraph\">L\u2019activitat consistia a fer un autoretrat sobre una l\u00e0mina transparent enganxada al mirall, utilitzant pinzells i pintura. <\/p>\n\n\n\n<figure class=\"wp-block-image size-full\"><img loading=\"lazy\" decoding=\"async\" width=\"370\" height=\"499\" src=\"\/carrascoiformiguera2026\/wp-content\/uploads\/2025\/12\/image-1.png\" alt=\"\" class=\"wp-image-58\" srcset=\"\/carrascoiformiguera2026\/wp-content\/uploads\/2025\/12\/image-1.png 370w, \/carrascoiformiguera2026\/wp-content\/uploads\/2025\/12\/image-1-222x300.png 222w\" sizes=\"auto, (max-width: 370px) 100vw, 370px\" \/><\/figure>\n\n\n\n<figure class=\"wp-block-image size-full\"><img loading=\"lazy\" decoding=\"async\" width=\"374\" height=\"504\" src=\"\/carrascoiformiguera2026\/wp-content\/uploads\/2025\/12\/image-2.png\" alt=\"\" class=\"wp-image-59\" srcset=\"\/carrascoiformiguera2026\/wp-content\/uploads\/2025\/12\/image-2.png 374w, \/carrascoiformiguera2026\/wp-content\/uploads\/2025\/12\/image-2-223x300.png 223w\" sizes=\"auto, (max-width: 374px) 100vw, 374px\" \/><\/figure>\n\n\n\n<p class=\"wp-block-paragraph\">Despr\u00e9s, desenganx\u00e0vem la l\u00e0mina i la pression\u00e0vem contra el paper perqu\u00e8 la pintura s\u2019hi transfer\u00eds. Finalment, la separ\u00e0vem, i aix\u00ed quedava impresa la nostra imatge.<\/p>\n\n\n\n<p class=\"wp-block-paragraph\">Despr\u00e9s de pintar la l\u00e0mina, es desenganxa, es pressiona amb el paper de llibreta perqu\u00e8 la pintura s&#8217;adhereixi i finalment es separen.<\/p>\n\n\n\n<figure class=\"wp-block-gallery has-nested-images columns-default is-cropped wp-block-gallery-1 is-layout-flex wp-block-gallery-is-layout-flex\">\n<figure class=\"wp-block-image size-large\"><img loading=\"lazy\" decoding=\"async\" width=\"726\" height=\"1024\" data-id=\"63\" src=\"\/carrascoiformiguera2026\/wp-content\/uploads\/2025\/12\/WhatsApp-Image-2025-10-16-at-13.43.29-1-726x1024.jpeg\" alt=\"\" class=\"wp-image-63\" srcset=\"\/carrascoiformiguera2026\/wp-content\/uploads\/2025\/12\/WhatsApp-Image-2025-10-16-at-13.43.29-1-726x1024.jpeg 726w, \/carrascoiformiguera2026\/wp-content\/uploads\/2025\/12\/WhatsApp-Image-2025-10-16-at-13.43.29-1-213x300.jpeg 213w, \/carrascoiformiguera2026\/wp-content\/uploads\/2025\/12\/WhatsApp-Image-2025-10-16-at-13.43.29-1-768x1083.jpeg 768w, \/carrascoiformiguera2026\/wp-content\/uploads\/2025\/12\/WhatsApp-Image-2025-10-16-at-13.43.29-1-1090x1536.jpeg 1090w, \/carrascoiformiguera2026\/wp-content\/uploads\/2025\/12\/WhatsApp-Image-2025-10-16-at-13.43.29-1.jpeg 1135w\" sizes=\"auto, (max-width: 726px) 100vw, 726px\" \/><\/figure>\n\n\n\n<figure class=\"wp-block-image size-large\"><img loading=\"lazy\" decoding=\"async\" width=\"768\" height=\"1024\" data-id=\"65\" src=\"\/carrascoiformiguera2026\/wp-content\/uploads\/2025\/12\/image00001-768x1024.jpeg\" alt=\"\" class=\"wp-image-65\" srcset=\"\/carrascoiformiguera2026\/wp-content\/uploads\/2025\/12\/image00001-768x1024.jpeg 768w, \/carrascoiformiguera2026\/wp-content\/uploads\/2025\/12\/image00001-225x300.jpeg 225w, \/carrascoiformiguera2026\/wp-content\/uploads\/2025\/12\/image00001-1152x1536.jpeg 1152w, \/carrascoiformiguera2026\/wp-content\/uploads\/2025\/12\/image00001-1536x2048.jpeg 1536w, \/carrascoiformiguera2026\/wp-content\/uploads\/2025\/12\/image00001-scaled.jpeg 1920w\" sizes=\"auto, (max-width: 767px) 89vw, (max-width: 1000px) 54vw, (max-width: 1071px) 543px, 580px\" \/><\/figure>\n<\/figure>\n\n\n\n<p class=\"wp-block-paragraph\">Un cop acabada la part principal, la Laia ens va donar m\u00e9s llibertat per experimentar: pod\u00edem fer servir pintures de colors, diferents tipus de paper o, fins i tot, dibuixar el que volgu\u00e9ssim.<\/p>\n\n\n\n<p class=\"wp-block-paragraph\">Com a detall extra, tamb\u00e9 ens va portar uns miralls retallats amb qu\u00e8 pod\u00edem provar una t\u00e8cnica molt curiosa: si es ratlla la part posterior del mirall amb una agulla, el reflex del davant tamb\u00e9 es trenca i s\u2019hi formen siluetes molt interessants.<\/p>\n\n\n\n<p class=\"wp-block-paragraph\">Al final de la sessi\u00f3 vam parlar de maneres de transformar l&#8217;aula. Vam omplir la pissarra amb diferents idees, veurem quines propostes podem explorar.<\/p>\n\n\n\n<figure class=\"wp-block-image size-large\"><img loading=\"lazy\" decoding=\"async\" width=\"908\" height=\"1024\" src=\"\/carrascoiformiguera2026\/wp-content\/uploads\/2025\/12\/WhatsApp-Image-2025-10-16-at-13.43.31-1-908x1024.jpeg\" alt=\"\" class=\"wp-image-62\" srcset=\"\/carrascoiformiguera2026\/wp-content\/uploads\/2025\/12\/WhatsApp-Image-2025-10-16-at-13.43.31-1-908x1024.jpeg 908w, \/carrascoiformiguera2026\/wp-content\/uploads\/2025\/12\/WhatsApp-Image-2025-10-16-at-13.43.31-1-266x300.jpeg 266w, \/carrascoiformiguera2026\/wp-content\/uploads\/2025\/12\/WhatsApp-Image-2025-10-16-at-13.43.31-1-768x867.jpeg 768w, \/carrascoiformiguera2026\/wp-content\/uploads\/2025\/12\/WhatsApp-Image-2025-10-16-at-13.43.31-1-1361x1536.jpeg 1361w, \/carrascoiformiguera2026\/wp-content\/uploads\/2025\/12\/WhatsApp-Image-2025-10-16-at-13.43.31-1.jpeg 1418w\" sizes=\"auto, (max-width: 767px) 89vw, (max-width: 1000px) 54vw, (max-width: 1071px) 543px, 580px\" \/><\/figure>\n","protected":false},"excerpt":{"rendered":"<p>En aquesta sessi\u00f3, vam fer una activitat molt curiosa i creativa. La Laia va portar miralls per a tothom i fulls de llibreta (la resta de material, com la pintura, ja era a l\u2019aula). L\u2019activitat consistia a fer un autoretrat sobre una l\u00e0mina transparent enganxada al mirall, utilitzant pinzells i pintura. Despr\u00e9s, desenganx\u00e0vem la l\u00e0mina &hellip; <\/p>\n<p class=\"link-more\"><a href=\"\/carrascoiformiguera2026\/treball-sobre-miralls\/\" class=\"more-link\">Continua llegint <span class=\"screen-reader-text\">\u00abTreball sobre miralls\u00bb<\/span><\/a><\/p>\n","protected":false},"author":3,"featured_media":0,"comment_status":"closed","ping_status":"","sticky":false,"template":"","format":"standard","meta":{"footnotes":""},"categories":[1],"tags":[],"class_list":["post-56","post","type-post","status-publish","format-standard","hentry","category-general"],"_links":{"self":[{"href":"\/carrascoiformiguera2026\/wp-json\/wp\/v2\/posts\/56","targetHints":{"allow":["GET"]}}],"collection":[{"href":"\/carrascoiformiguera2026\/wp-json\/wp\/v2\/posts"}],"about":[{"href":"\/carrascoiformiguera2026\/wp-json\/wp\/v2\/types\/post"}],"author":[{"embeddable":true,"href":"\/carrascoiformiguera2026\/wp-json\/wp\/v2\/users\/3"}],"replies":[{"embeddable":true,"href":"\/carrascoiformiguera2026\/wp-json\/wp\/v2\/comments?post=56"}],"version-history":[{"count":3,"href":"\/carrascoiformiguera2026\/wp-json\/wp\/v2\/posts\/56\/revisions"}],"predecessor-version":[{"id":66,"href":"\/carrascoiformiguera2026\/wp-json\/wp\/v2\/posts\/56\/revisions\/66"}],"wp:attachment":[{"href":"\/carrascoiformiguera2026\/wp-json\/wp\/v2\/media?parent=56"}],"wp:term":[{"taxonomy":"category","embeddable":true,"href":"\/carrascoiformiguera2026\/wp-json\/wp\/v2\/categories?post=56"},{"taxonomy":"post_tag","embeddable":true,"href":"\/carrascoiformiguera2026\/wp-json\/wp\/v2\/tags?post=56"}],"curies":[{"name":"wp","href":"https:\/\/api.w.org\/{rel}","templated":true}]}}