{"id":52,"date":"2026-01-29T21:28:50","date_gmt":"2026-01-29T19:28:50","guid":{"rendered":"\/conselldecent2026\/?p=52"},"modified":"2026-01-29T21:28:50","modified_gmt":"2026-01-29T19:28:50","slug":"primera-presa-de-contacte-amb-la-teresa-w","status":"publish","type":"post","link":"\/conselldecent2026\/primera-presa-de-contacte-amb-la-teresa-w\/","title":{"rendered":"Primera presa de contacte amb la Teresa W."},"content":{"rendered":"\n<p class=\"wp-block-paragraph\">Hola a tothom!<\/p>\n\n\n\n<p class=\"wp-block-paragraph\">Som el grup de 4t d\u2019ESO i com ja sabeu, escrivim des del Consell de Cent, al barri del Poble-Sec. Aquest curs ens hem endinsat en una aventura nova per a nosaltres: el projecte EN RESiD\u00c8NCiA.<\/p>\n\n\n\n<p class=\"wp-block-paragraph\">A l&#8217;inici de curs, ten\u00edem moltes preguntes sobre qu\u00e8 far\u00edem exactament en la mat\u00e8ria d&#8217;Expressi\u00f3 Pl\u00e0stica, per\u00f2 ara ja fa uns mesos que hem pogut posar cara i veu a qui ens est\u00e0 acompanyant en aquest projecte art\u00edstic: l&#8217;artista de performance Teresa W. Aquells primers dies, el nostre profe, Borja Llopis, no ens explicava gaire cosa, per\u00f2 entre activitat de pensar i activitat d&#8217;embrutar-se les mans, sempre ens recordava el gran projecte que an\u00e0vem a dur a terme.<\/p>\n\n\n\n<p class=\"wp-block-paragraph\">I llavors va arribar el dia, la Teresa, l&#8217;artista que ens anava a acompanyar durant aquest curs en aquest projecte, se&#8217;ns va presentar a classe i va trencar amb la rutina del nostre profe des del minut u. Ens va parlar sobre la seva feina, explicant-nos que \u00e9s el que fa, ens va ensenyar alguns v\u00eddeos dels seus treballs i vam descobrir que utilitza la veu i el cos per fer \u00abperformance\u00bb. Al principi no coneix\u00edem massa qu\u00e8 era all\u00f2 que ens explicava, per\u00f2 ara ja sabem que \u00e9s una manera d&#8217;expressi\u00f3 art\u00edstica on es fa servir el cos i les accions per expressar-se, i explicar coses en el moment present. Aix\u00ed que en aquell moment, ens vam quedar for\u00e7a sorpresos. Alguns de nosaltres no vam saber que dir, per\u00f2 d&#8217;altres no vam parar de fer preguntes. \u00c9s art? \u00c9s vida? Sembla que aqu\u00ed tot s&#8217;hi val!<\/p>\n\n\n\n<p class=\"wp-block-paragraph\">Ara, ja ho hem descobert, hem anat veient a poc a poc i amb diferents exercicis, amb qu\u00e8 es fa \u00abperformance\u00bb i pr\u00e0cticament, ha estat jugar entre nosaltres. Per\u00f2 tamb\u00e9 hem fet feina! Hem parlat del conflicte, hem entrevistat un familiar, hem visitat el MNAC&#8230;<\/p>\n\n\n\n<p class=\"wp-block-paragraph\">Aix\u00ed que, ara que ja portem uns mesos us volem explicar qu\u00e8 \u00e9s el que hem fet fins ara i cap a on anem, de manera que a la pr\u00f2xima entrada del blog us explicarem m\u00e9s activitats, m\u00e9s sobre nosaltres i m\u00e9s sobre performance. De moment, ja sabem que tots els dimarts hi ha sensacions noves amb les trobades a l&#8217;aula amb la Teresa W.<\/p>\n\n\n\n<p class=\"wp-block-paragraph\"><\/p>\n","protected":false},"excerpt":{"rendered":"<p>Hola a tothom! Som el grup de 4t d\u2019ESO i com ja sabeu, escrivim des del Consell de Cent, al barri del Poble-Sec. Aquest curs ens hem endinsat en una aventura nova per a nosaltres: el projecte EN RESiD\u00c8NCiA. A l&#8217;inici de curs, ten\u00edem moltes preguntes sobre qu\u00e8 far\u00edem exactament en la mat\u00e8ria d&#8217;Expressi\u00f3 Pl\u00e0stica, &hellip; <\/p>\n<p class=\"link-more\"><a href=\"\/conselldecent2026\/primera-presa-de-contacte-amb-la-teresa-w\/\" class=\"more-link\">Continua llegint <span class=\"screen-reader-text\">\u00abPrimera presa de contacte amb la Teresa W.\u00bb<\/span><\/a><\/p>\n","protected":false},"author":6,"featured_media":0,"comment_status":"closed","ping_status":"","sticky":false,"template":"","format":"standard","meta":{"footnotes":""},"categories":[1],"tags":[],"class_list":["post-52","post","type-post","status-publish","format-standard","hentry","category-general"],"_links":{"self":[{"href":"\/conselldecent2026\/wp-json\/wp\/v2\/posts\/52","targetHints":{"allow":["GET"]}}],"collection":[{"href":"\/conselldecent2026\/wp-json\/wp\/v2\/posts"}],"about":[{"href":"\/conselldecent2026\/wp-json\/wp\/v2\/types\/post"}],"author":[{"embeddable":true,"href":"\/conselldecent2026\/wp-json\/wp\/v2\/users\/6"}],"replies":[{"embeddable":true,"href":"\/conselldecent2026\/wp-json\/wp\/v2\/comments?post=52"}],"version-history":[{"count":1,"href":"\/conselldecent2026\/wp-json\/wp\/v2\/posts\/52\/revisions"}],"predecessor-version":[{"id":53,"href":"\/conselldecent2026\/wp-json\/wp\/v2\/posts\/52\/revisions\/53"}],"wp:attachment":[{"href":"\/conselldecent2026\/wp-json\/wp\/v2\/media?parent=52"}],"wp:term":[{"taxonomy":"category","embeddable":true,"href":"\/conselldecent2026\/wp-json\/wp\/v2\/categories?post=52"},{"taxonomy":"post_tag","embeddable":true,"href":"\/conselldecent2026\/wp-json\/wp\/v2\/tags?post=52"}],"curies":[{"name":"wp","href":"https:\/\/api.w.org\/{rel}","templated":true}]}}