{"id":54,"date":"2026-02-03T09:25:34","date_gmt":"2026-02-03T07:25:34","guid":{"rendered":"\/conselldecent2026\/?p=54"},"modified":"2026-02-03T09:25:34","modified_gmt":"2026-02-03T07:25:34","slug":"1a-visita-al-mnac-sons-i-onomatopeies","status":"publish","type":"post","link":"\/conselldecent2026\/1a-visita-al-mnac-sons-i-onomatopeies\/","title":{"rendered":"1a visita al MNAC, sons i onomatopeies."},"content":{"rendered":"\n<p class=\"wp-block-paragraph\">El passat dimarts 4 de novembre, vam canviar l&#8217;aula per un escenari molt m\u00e9s imponent: el MNAC (Museu Nacional d&#8217;Art de Catalunya). Acompanyats pel nostre professor Borja, la directora Ver\u00f2nica i l\u2019artista Teresa W, vam pujar moltes escales fins a arribar al museu. Un cop all\u00e0, vam seure a terra a sota d&#8217;una gran c\u00fapula que hi ha en una de les sales museu, al costat d&#8217;una pintura molt gran de Mir\u00f3. Aquell dia no hi vam anar nom\u00e9s a mirar quadres en silenci; hi vam anar a fer soroll.<\/p>\n\n\n\n<figure class=\"wp-block-image size-large\"><img loading=\"lazy\" decoding=\"async\" width=\"768\" height=\"1024\" src=\"\/conselldecent2026\/wp-content\/uploads\/2026\/02\/Copia-de-IMG20251104125532-768x1024.jpg\" alt=\"\" class=\"wp-image-56\" srcset=\"\/conselldecent2026\/wp-content\/uploads\/2026\/02\/Copia-de-IMG20251104125532-768x1024.jpg 768w, \/conselldecent2026\/wp-content\/uploads\/2026\/02\/Copia-de-IMG20251104125532-225x300.jpg 225w, \/conselldecent2026\/wp-content\/uploads\/2026\/02\/Copia-de-IMG20251104125532-1152x1536.jpg 1152w, \/conselldecent2026\/wp-content\/uploads\/2026\/02\/Copia-de-IMG20251104125532-1536x2048.jpg 1536w, \/conselldecent2026\/wp-content\/uploads\/2026\/02\/Copia-de-IMG20251104125532-scaled.jpg 1920w\" sizes=\"auto, (max-width: 767px) 89vw, (max-width: 1000px) 54vw, (max-width: 1071px) 543px, 580px\" \/><\/figure>\n\n\n\n<p class=\"wp-block-paragraph\">L&#8217;activitat que ens va proposar la Teresa va ser completament nova per a nosaltres. La din\u00e0mica consistia a pensar en un conflicte que hagu\u00e9ssim tingut durant la setmana, per\u00f2 en lloc d&#8217;explicar-lo amb paraules, hav\u00edem de transformar-lo en una onomatopeia. Us imagineu com sona un mal dia?<\/p>\n\n\n\n<figure class=\"wp-block-image size-large\"><img loading=\"lazy\" decoding=\"async\" width=\"1024\" height=\"768\" src=\"\/conselldecent2026\/wp-content\/uploads\/2026\/02\/Copia-de-IMG20251104134909-1024x768.jpg\" alt=\"\" class=\"wp-image-57\" srcset=\"\/conselldecent2026\/wp-content\/uploads\/2026\/02\/Copia-de-IMG20251104134909-1024x768.jpg 1024w, \/conselldecent2026\/wp-content\/uploads\/2026\/02\/Copia-de-IMG20251104134909-300x225.jpg 300w, \/conselldecent2026\/wp-content\/uploads\/2026\/02\/Copia-de-IMG20251104134909-768x576.jpg 768w, \/conselldecent2026\/wp-content\/uploads\/2026\/02\/Copia-de-IMG20251104134909-1536x1152.jpg 1536w, \/conselldecent2026\/wp-content\/uploads\/2026\/02\/Copia-de-IMG20251104134909-2048x1536.jpg 2048w\" sizes=\"auto, (max-width: 767px) 89vw, (max-width: 1000px) 54vw, (max-width: 1071px) 543px, 580px\" \/><\/figure>\n\n\n\n<p class=\"wp-block-paragraph\">Ens vam dividir en grups de 3, 4 o 5 persones per compartir aquests sons. Al principi feia una mica de vergonya, per\u00f2 de seguida es va convertir en una experi\u00e8ncia molt divertida. El moment clau va ser quan la Teresa va treure la gravadora. Vam haver de cridar i deixar anar aquests sons al mig del museu, creant el que alguns companys de classe, han descrit com un \u00abcollage sonor\u00bb o una mena de can\u00e7\u00f3 estranya feta dels nostres propis sentiments.<\/p>\n\n\n\n<figure class=\"wp-block-image size-large\"><img loading=\"lazy\" decoding=\"async\" width=\"1024\" height=\"768\" src=\"\/conselldecent2026\/wp-content\/uploads\/2026\/02\/Copia-de-IMG20251104134917-1024x768.jpg\" alt=\"\" class=\"wp-image-58\" srcset=\"\/conselldecent2026\/wp-content\/uploads\/2026\/02\/Copia-de-IMG20251104134917-1024x768.jpg 1024w, \/conselldecent2026\/wp-content\/uploads\/2026\/02\/Copia-de-IMG20251104134917-300x225.jpg 300w, \/conselldecent2026\/wp-content\/uploads\/2026\/02\/Copia-de-IMG20251104134917-768x576.jpg 768w, \/conselldecent2026\/wp-content\/uploads\/2026\/02\/Copia-de-IMG20251104134917-1536x1152.jpg 1536w, \/conselldecent2026\/wp-content\/uploads\/2026\/02\/Copia-de-IMG20251104134917-2048x1536.jpg 2048w\" sizes=\"auto, (max-width: 767px) 89vw, (max-width: 1000px) 54vw, (max-width: 1071px) 543px, 580px\" \/><\/figure>\n\n\n\n<p class=\"wp-block-paragraph\">Va ser una sensaci\u00f3 curiosa: una barreja entre sentir-se estrany per estar cridant en un museu i, alhora, molt graci\u00f3s.<\/p>\n\n\n\n<p class=\"wp-block-paragraph\">La m\u00e0gia va continuar a l&#8217;institut a la setmana seg\u00fcent, quan la Teresa ens va portar l&#8217;edici\u00f3 final d&#8217;aquesta \u00abcan\u00e7\u00f3\u00bb que hav\u00edem estat fent col\u00b7lectivament en el museu. Escoltar el nostre \u00abarxiu sonor\u00bb un cop ja editat, va donar sentit a tot el que hav\u00edem fet. Ens va agradar molt la manera de treballar per grups i la manera diferent d&#8217;expressar els problemes!<\/p>\n\n\n\n<p class=\"wp-block-paragraph\">Va ser una gran primera sortida: interactiva, creativa i, sobretot, diferent. Ho podeu veure a les fotos que ens va fer el profe. Fins a la pr\u00f2xima!<\/p>\n\n\n\n<p class=\"wp-block-paragraph\"><\/p>\n","protected":false},"excerpt":{"rendered":"<p>El passat dimarts 4 de novembre, vam canviar l&#8217;aula per un escenari molt m\u00e9s imponent: el MNAC (Museu Nacional d&#8217;Art de Catalunya). Acompanyats pel nostre professor Borja, la directora Ver\u00f2nica i l\u2019artista Teresa W, vam pujar moltes escales fins a arribar al museu. Un cop all\u00e0, vam seure a terra a sota d&#8217;una gran c\u00fapula &hellip; <\/p>\n<p class=\"link-more\"><a href=\"\/conselldecent2026\/1a-visita-al-mnac-sons-i-onomatopeies\/\" class=\"more-link\">Continua llegint <span class=\"screen-reader-text\">\u00ab1a visita al MNAC, sons i onomatopeies.\u00bb<\/span><\/a><\/p>\n","protected":false},"author":6,"featured_media":55,"comment_status":"closed","ping_status":"","sticky":false,"template":"","format":"standard","meta":{"footnotes":""},"categories":[1],"tags":[],"class_list":["post-54","post","type-post","status-publish","format-standard","has-post-thumbnail","hentry","category-general"],"_links":{"self":[{"href":"\/conselldecent2026\/wp-json\/wp\/v2\/posts\/54","targetHints":{"allow":["GET"]}}],"collection":[{"href":"\/conselldecent2026\/wp-json\/wp\/v2\/posts"}],"about":[{"href":"\/conselldecent2026\/wp-json\/wp\/v2\/types\/post"}],"author":[{"embeddable":true,"href":"\/conselldecent2026\/wp-json\/wp\/v2\/users\/6"}],"replies":[{"embeddable":true,"href":"\/conselldecent2026\/wp-json\/wp\/v2\/comments?post=54"}],"version-history":[{"count":1,"href":"\/conselldecent2026\/wp-json\/wp\/v2\/posts\/54\/revisions"}],"predecessor-version":[{"id":59,"href":"\/conselldecent2026\/wp-json\/wp\/v2\/posts\/54\/revisions\/59"}],"wp:featuredmedia":[{"embeddable":true,"href":"\/conselldecent2026\/wp-json\/wp\/v2\/media\/55"}],"wp:attachment":[{"href":"\/conselldecent2026\/wp-json\/wp\/v2\/media?parent=54"}],"wp:term":[{"taxonomy":"category","embeddable":true,"href":"\/conselldecent2026\/wp-json\/wp\/v2\/categories?post=54"},{"taxonomy":"post_tag","embeddable":true,"href":"\/conselldecent2026\/wp-json\/wp\/v2\/tags?post=54"}],"curies":[{"name":"wp","href":"https:\/\/api.w.org\/{rel}","templated":true}]}}