{"id":61,"date":"2026-04-07T07:27:00","date_gmt":"2026-04-07T05:27:00","guid":{"rendered":"\/conselldecent2026\/?p=61"},"modified":"2026-04-07T08:24:30","modified_gmt":"2026-04-07T06:24:30","slug":"pinzellades-de-guerra-i-debats-sota-la-cupula-tornem-al-mnac","status":"publish","type":"post","link":"\/conselldecent2026\/pinzellades-de-guerra-i-debats-sota-la-cupula-tornem-al-mnac\/","title":{"rendered":"Pinzellades de guerra i debats sota la c\u00fapula: Tornem al MNAC"},"content":{"rendered":"\n<p class=\"wp-block-paragraph\" style=\"font-size:16px\">El passat 18 de novembre, el grup de 4t de l\u2019ESO vam enfilar un cop m\u00e9s cap a Montju\u00efc per realitzar la nostra segona visita al <strong>MNAC (Museu Nacional d\u2019Art de Catalunya)<\/strong>. Com sempre, ens acompanyaven el Borja, la Ver\u00f2nica i l\u2019artista Teresa W., preparats per una jornada on l\u2019art es barrejava amb la hist\u00f2ria i la reflexi\u00f3 social.<\/p>\n\n\n\n<figure class=\"wp-block-image size-large\"><img loading=\"lazy\" decoding=\"async\" width=\"1024\" height=\"768\" src=\"\/conselldecent2026\/wp-content\/uploads\/2026\/04\/1000333993-1024x768.jpg\" alt=\"\" class=\"wp-image-62\" srcset=\"\/conselldecent2026\/wp-content\/uploads\/2026\/04\/1000333993-1024x768.jpg 1024w, \/conselldecent2026\/wp-content\/uploads\/2026\/04\/1000333993-300x225.jpg 300w, \/conselldecent2026\/wp-content\/uploads\/2026\/04\/1000333993-768x576.jpg 768w, \/conselldecent2026\/wp-content\/uploads\/2026\/04\/1000333993-1536x1152.jpg 1536w, \/conselldecent2026\/wp-content\/uploads\/2026\/04\/1000333993-2048x1536.jpg 2048w\" sizes=\"auto, (max-width: 767px) 89vw, (max-width: 1000px) 54vw, (max-width: 1071px) 543px, 580px\" \/><\/figure>\n\n\n\n<p class=\"wp-block-paragraph\" style=\"font-size:16px\">Vam comen\u00e7ar la sessi\u00f3 trobant-nos en el nostre lloc de reuni\u00f3 habitual: sota la gran c\u00fapula del museu. All\u00e0, asseguts en rotllana, la Teresa ens va llan\u00e7ar una pregunta directa que va obrir un debat intens: <strong>\u00c9s la viol\u00e8ncia correcta en algun cas?<\/strong> Aquesta breu \u00abdiscussi\u00f3\u00bb ens va servir per escalfar motors i entrar en context abans de visitar les sales dedicades a l\u2019art de l\u2019\u00e8poca de la Guerra Civil espanyola. <\/p>\n\n\n\n<figure class=\"wp-block-image size-large\"><img loading=\"lazy\" decoding=\"async\" width=\"1024\" height=\"768\" src=\"\/conselldecent2026\/wp-content\/uploads\/2026\/04\/1000333998-1024x768.jpg\" alt=\"\" class=\"wp-image-63\" srcset=\"\/conselldecent2026\/wp-content\/uploads\/2026\/04\/1000333998-1024x768.jpg 1024w, \/conselldecent2026\/wp-content\/uploads\/2026\/04\/1000333998-300x225.jpg 300w, \/conselldecent2026\/wp-content\/uploads\/2026\/04\/1000333998-768x576.jpg 768w, \/conselldecent2026\/wp-content\/uploads\/2026\/04\/1000333998-1536x1152.jpg 1536w, \/conselldecent2026\/wp-content\/uploads\/2026\/04\/1000333998-2048x1536.jpg 2048w\" sizes=\"auto, (max-width: 767px) 89vw, (max-width: 1000px) 54vw, (max-width: 1071px) 543px, 580px\" \/><\/figure>\n\n\n\n<p class=\"wp-block-paragraph\" style=\"font-size:16px\">Despr\u00e8s d&#8217;aquest debat necessari sota la c\u00fapula, vam rec\u00f3rrer les sales, i ens va cridar molt l\u2019atenci\u00f3 el canvi d\u2019atmosfera. Les obres d\u2019aquell per\u00edode de la guerra civil estan marcades per colors foscos i tons que transmeten la tristesa i la duresa del conflicte. A part dels quadres, vam seure al davant d&#8217;una sala plena de marcs per analitzar diversos <strong>p\u00f2sters de propaganda pol\u00edtica<\/strong> de la Guerra Civil.<\/p>\n\n\n\n<figure class=\"wp-block-image size-large\"><img loading=\"lazy\" decoding=\"async\" width=\"1024\" height=\"768\" src=\"\/conselldecent2026\/wp-content\/uploads\/2026\/04\/1000334000-1024x768.jpg\" alt=\"\" class=\"wp-image-64\" srcset=\"\/conselldecent2026\/wp-content\/uploads\/2026\/04\/1000334000-1024x768.jpg 1024w, \/conselldecent2026\/wp-content\/uploads\/2026\/04\/1000334000-300x225.jpg 300w, \/conselldecent2026\/wp-content\/uploads\/2026\/04\/1000334000-768x576.jpg 768w, \/conselldecent2026\/wp-content\/uploads\/2026\/04\/1000334000-1536x1152.jpg 1536w, \/conselldecent2026\/wp-content\/uploads\/2026\/04\/1000334000-2048x1536.jpg 2048w\" sizes=\"auto, (max-width: 767px) 89vw, (max-width: 1000px) 54vw, (max-width: 1071px) 543px, 580px\" \/><\/figure>\n\n\n\n<p class=\"wp-block-paragraph\" style=\"font-size:16px\">Per grups, van estar seleccionant aquells cartells que m\u00e9s els impactaven per intentar entendre qu\u00e8 ens volien transmetre aquells p\u00f2sters tan grans que teniem al davant. L\u2019art com a testimoni de la viol\u00e8ncia d&#8217;aquell moment tan dif\u00edcil per a Catalunya.<\/p>\n\n\n\n<figure class=\"wp-block-image size-large\"><img loading=\"lazy\" decoding=\"async\" width=\"1024\" height=\"768\" src=\"\/conselldecent2026\/wp-content\/uploads\/2026\/04\/1000334003-1024x768.jpg\" alt=\"\" class=\"wp-image-65\" srcset=\"\/conselldecent2026\/wp-content\/uploads\/2026\/04\/1000334003-1024x768.jpg 1024w, \/conselldecent2026\/wp-content\/uploads\/2026\/04\/1000334003-300x225.jpg 300w, \/conselldecent2026\/wp-content\/uploads\/2026\/04\/1000334003-768x576.jpg 768w, \/conselldecent2026\/wp-content\/uploads\/2026\/04\/1000334003-1536x1152.jpg 1536w, \/conselldecent2026\/wp-content\/uploads\/2026\/04\/1000334003-2048x1536.jpg 2048w\" sizes=\"auto, (max-width: 767px) 89vw, (max-width: 1000px) 54vw, (max-width: 1071px) 543px, 580px\" \/><\/figure>\n\n\n\n<figure class=\"wp-block-image size-large\"><img loading=\"lazy\" decoding=\"async\" width=\"1024\" height=\"768\" src=\"\/conselldecent2026\/wp-content\/uploads\/2026\/04\/1000334018-1-1024x768.jpg\" alt=\"\" class=\"wp-image-67\" srcset=\"\/conselldecent2026\/wp-content\/uploads\/2026\/04\/1000334018-1-1024x768.jpg 1024w, \/conselldecent2026\/wp-content\/uploads\/2026\/04\/1000334018-1-300x225.jpg 300w, \/conselldecent2026\/wp-content\/uploads\/2026\/04\/1000334018-1-768x576.jpg 768w, \/conselldecent2026\/wp-content\/uploads\/2026\/04\/1000334018-1-1536x1152.jpg 1536w, \/conselldecent2026\/wp-content\/uploads\/2026\/04\/1000334018-1-2048x1536.jpg 2048w\" sizes=\"auto, (max-width: 767px) 89vw, (max-width: 1000px) 54vw, (max-width: 1071px) 543px, 580px\" \/><\/figure>\n\n\n\n<p class=\"wp-block-paragraph\" style=\"font-size:16px\">Per acabar, l&#8217;\u00faltima activitat va ser m\u00e9s pr\u00e0ctica i molt creativa. Dividits en parelles o grups de tres, vam haver de triar un <strong>tipus de viol\u00e8ncia<\/strong> concret (f\u00edsica, psicol\u00f2gica, b\u00e8l\u00b7lica&#8230;). Vam cercar <strong>tres obres<\/strong> o quadres dins del museu que representessin aquell concepte i amb l&#8217;ajuda dels companys vam pensar un <strong>t\u00edtol creatiu<\/strong> per a la nostra petita \u00abexposici\u00f3\u00bb de la selecci\u00f3 realitzada en aquella estona.<\/p>\n\n\n\n<figure class=\"wp-block-image size-large\"><img loading=\"lazy\" decoding=\"async\" width=\"1024\" height=\"768\" src=\"\/conselldecent2026\/wp-content\/uploads\/2026\/04\/1000334039-1024x768.jpg\" alt=\"\" class=\"wp-image-68\" srcset=\"\/conselldecent2026\/wp-content\/uploads\/2026\/04\/1000334039-1024x768.jpg 1024w, \/conselldecent2026\/wp-content\/uploads\/2026\/04\/1000334039-300x225.jpg 300w, \/conselldecent2026\/wp-content\/uploads\/2026\/04\/1000334039-768x576.jpg 768w, \/conselldecent2026\/wp-content\/uploads\/2026\/04\/1000334039-1536x1152.jpg 1536w, \/conselldecent2026\/wp-content\/uploads\/2026\/04\/1000334039-2048x1536.jpg 2048w\" sizes=\"auto, (max-width: 767px) 89vw, (max-width: 1000px) 54vw, (max-width: 1071px) 543px, 580px\" \/><\/figure>\n\n\n\n<figure class=\"wp-block-image size-large\"><img loading=\"lazy\" decoding=\"async\" width=\"1024\" height=\"768\" src=\"\/conselldecent2026\/wp-content\/uploads\/2026\/04\/1000334037-1024x768.jpg\" alt=\"\" class=\"wp-image-69\" srcset=\"\/conselldecent2026\/wp-content\/uploads\/2026\/04\/1000334037-1024x768.jpg 1024w, \/conselldecent2026\/wp-content\/uploads\/2026\/04\/1000334037-300x225.jpg 300w, \/conselldecent2026\/wp-content\/uploads\/2026\/04\/1000334037-768x576.jpg 768w, \/conselldecent2026\/wp-content\/uploads\/2026\/04\/1000334037-1536x1152.jpg 1536w, \/conselldecent2026\/wp-content\/uploads\/2026\/04\/1000334037-2048x1536.jpg 2048w\" sizes=\"auto, (max-width: 767px) 89vw, (max-width: 1000px) 54vw, (max-width: 1071px) 543px, 580px\" \/><\/figure>\n\n\n\n<p class=\"wp-block-paragraph\" style=\"font-size:16px\">Ens va resultar una de les activitats m\u00e9s divertides perqu\u00e8 vam poder expressar les nostres idees directament sobre les parets del museu, compartint les nostres idees amb la resta de la classe. A m\u00e9s, alguns vam aprofitar per connectar aquests temes hist\u00f2rics amb conflictes propis o personals, unint el passat amb el nostre present.<\/p>\n\n\n\n<p class=\"wp-block-paragraph\" style=\"font-size:16px\">Evidentment vam marxar del museu amb la sensaci\u00f3 d&#8217;haver apr\u00e8s a mirar els quadres d&#8217;una manera diferent: no nom\u00e9s com a objectes bonics, sin\u00f3 com a crits d&#8217;ajuda o de protesta!<\/p>\n\n\n\n<p class=\"wp-block-paragraph\"><\/p>\n","protected":false},"excerpt":{"rendered":"<p>El passat 18 de novembre, el grup de 4t de l\u2019ESO vam enfilar un cop m\u00e9s cap a Montju\u00efc per realitzar la nostra segona visita al MNAC (Museu Nacional d\u2019Art de Catalunya). Com sempre, ens acompanyaven el Borja, la Ver\u00f2nica i l\u2019artista Teresa W., preparats per una jornada on l\u2019art es barrejava amb la hist\u00f2ria &hellip; <\/p>\n<p class=\"link-more\"><a href=\"\/conselldecent2026\/pinzellades-de-guerra-i-debats-sota-la-cupula-tornem-al-mnac\/\" class=\"more-link\">Continua llegint <span class=\"screen-reader-text\">\u00abPinzellades de guerra i debats sota la c\u00fapula: Tornem al MNAC\u00bb<\/span><\/a><\/p>\n","protected":false},"author":6,"featured_media":0,"comment_status":"closed","ping_status":"","sticky":false,"template":"","format":"standard","meta":{"footnotes":""},"categories":[1],"tags":[],"class_list":["post-61","post","type-post","status-publish","format-standard","hentry","category-general"],"_links":{"self":[{"href":"\/conselldecent2026\/wp-json\/wp\/v2\/posts\/61","targetHints":{"allow":["GET"]}}],"collection":[{"href":"\/conselldecent2026\/wp-json\/wp\/v2\/posts"}],"about":[{"href":"\/conselldecent2026\/wp-json\/wp\/v2\/types\/post"}],"author":[{"embeddable":true,"href":"\/conselldecent2026\/wp-json\/wp\/v2\/users\/6"}],"replies":[{"embeddable":true,"href":"\/conselldecent2026\/wp-json\/wp\/v2\/comments?post=61"}],"version-history":[{"count":1,"href":"\/conselldecent2026\/wp-json\/wp\/v2\/posts\/61\/revisions"}],"predecessor-version":[{"id":70,"href":"\/conselldecent2026\/wp-json\/wp\/v2\/posts\/61\/revisions\/70"}],"wp:attachment":[{"href":"\/conselldecent2026\/wp-json\/wp\/v2\/media?parent=61"}],"wp:term":[{"taxonomy":"category","embeddable":true,"href":"\/conselldecent2026\/wp-json\/wp\/v2\/categories?post=61"},{"taxonomy":"post_tag","embeddable":true,"href":"\/conselldecent2026\/wp-json\/wp\/v2\/tags?post=61"}],"curies":[{"name":"wp","href":"https:\/\/api.w.org\/{rel}","templated":true}]}}