{"id":71,"date":"2026-04-15T16:41:50","date_gmt":"2026-04-15T14:41:50","guid":{"rendered":"\/conselldecent2026\/?p=71"},"modified":"2026-04-15T16:41:50","modified_gmt":"2026-04-15T14:41:50","slug":"gravem-sons-des-de-la-terrassa-del-mnac","status":"publish","type":"post","link":"\/conselldecent2026\/gravem-sons-des-de-la-terrassa-del-mnac\/","title":{"rendered":"Gravem sons des de la terrassa del MNAC"},"content":{"rendered":"\n<p class=\"wp-block-paragraph\">Ja tornem a ser aqu\u00ed!<\/p>\n\n\n\n<p class=\"wp-block-paragraph\">El passat 24 de novembre, el grup de 4t d\u2019ESO d\u2019Art\u00edstic vam tornar al <strong>MNAC (Museu Nacional d\u2019Art de Catalunya)<\/strong> per continuar el nostre proc\u00e9s creatiu amb la <strong>Teresa W.<\/strong> i els nostres profes. All\u00e0 ens va rebre el David Pablo que, en acabar l&#8217;activitat amb les onomatopeies, ens va fer una volta molt interessant pel museu.<\/p>\n\n\n\n<p class=\"wp-block-paragraph\">Vam comen\u00e7ar la jornada reunits en cercle a la <strong>Sala Oval<\/strong>, un espai gegant on vam refrescar el que hav\u00edem treballat a classe. De seguida ens vam dividir en grups per fer el que m\u00e9s ens agrada: crear. L&#8217;objectiu era transformar emocions i conflictes en sons.<\/p>\n\n\n\n<figure class=\"wp-block-image size-large\"><img loading=\"lazy\" decoding=\"async\" width=\"1024\" height=\"768\" src=\"\/conselldecent2026\/wp-content\/uploads\/2026\/04\/Copia-de-Copia-de-IMG20251125125202-1024x768.jpg\" alt=\"\" class=\"wp-image-72\" srcset=\"\/conselldecent2026\/wp-content\/uploads\/2026\/04\/Copia-de-Copia-de-IMG20251125125202-1024x768.jpg 1024w, \/conselldecent2026\/wp-content\/uploads\/2026\/04\/Copia-de-Copia-de-IMG20251125125202-300x225.jpg 300w, \/conselldecent2026\/wp-content\/uploads\/2026\/04\/Copia-de-Copia-de-IMG20251125125202-768x576.jpg 768w, \/conselldecent2026\/wp-content\/uploads\/2026\/04\/Copia-de-Copia-de-IMG20251125125202-1536x1152.jpg 1536w, \/conselldecent2026\/wp-content\/uploads\/2026\/04\/Copia-de-Copia-de-IMG20251125125202-2048x1536.jpg 2048w\" sizes=\"auto, (max-width: 767px) 89vw, (max-width: 1000px) 54vw, (max-width: 1071px) 543px, 580px\" \/><\/figure>\n\n\n\n<p class=\"wp-block-paragraph\">Amb una gravadora professional que la Teresa va portar \u2014d&#8217;aquelles que es fan servir per a m\u00fasica o p\u00f2dcasts\u2014, vam comen\u00e7ar a enregistrar. Cada grup tenia la seva paraula clau; per exemple, un dels grups va treballar amb l&#8217;onomatopeia <strong>\u00abuff\u00bb<\/strong>. La gr\u00e0cia no era nom\u00e9s repetir el so, sin\u00f3 improvisar: afegir \u00abais\u00bb, \u00abbooms\u00bb, crits, canvis de ritme i intensitat. Els altres dos grups continuaven amb els sons, al mateix temps, amb altres onomatopeies i pronunciant sons per trencar el silenci. La sala es va omplir d&#8217;un caos creatiu que, en realitat, era una composici\u00f3 col\u00b7lectiva. La Teresa s&#8217;ha encarregat d&#8217;editar tots aquests fragments per crear una mena de \u00abcan\u00e7\u00f3\u00bb o arxiu sonor que ens va ensenyar a classe i que ens va deixar a tots sorpresos.<\/p>\n\n\n\n<p class=\"wp-block-paragraph\">Per\u00f2 no tot va ser gravar. Tamb\u00e9 vam tenir temps per explorar racons del museu que no coneix\u00edem. Vam descobrir una <strong>m\u00e0quina d\u2019animaci\u00f3 anal\u00f2gica<\/strong> molt curiosa: gires una palanca, mires per un forat i veus com un dibuix cobra vida fent un <em>backflip<\/em>. \u00c9s incre\u00efble com es pot fer animaci\u00f3 sense necessitat de m\u00f2bils ni aplicacions!<\/p>\n\n\n\n<figure class=\"wp-block-image size-large\"><img loading=\"lazy\" decoding=\"async\" width=\"1024\" height=\"768\" src=\"\/conselldecent2026\/wp-content\/uploads\/2026\/04\/IMG20251125134448-1024x768.jpg\" alt=\"\" class=\"wp-image-73\" srcset=\"\/conselldecent2026\/wp-content\/uploads\/2026\/04\/IMG20251125134448-1024x768.jpg 1024w, \/conselldecent2026\/wp-content\/uploads\/2026\/04\/IMG20251125134448-300x225.jpg 300w, \/conselldecent2026\/wp-content\/uploads\/2026\/04\/IMG20251125134448-768x576.jpg 768w, \/conselldecent2026\/wp-content\/uploads\/2026\/04\/IMG20251125134448-1536x1152.jpg 1536w, \/conselldecent2026\/wp-content\/uploads\/2026\/04\/IMG20251125134448-2048x1536.jpg 2048w\" sizes=\"auto, (max-width: 767px) 89vw, (max-width: 1000px) 54vw, (max-width: 1071px) 543px, 580px\" \/><\/figure>\n\n\n\n<p class=\"wp-block-paragraph\">Per tancar la sortida, vam pujar al <strong>mirador del MNAC<\/strong>. Des d&#8217;all\u00e0 dalt, amb tot Barcelona i Montju\u00efc als nostres peus, \u00e9s impressionant la bona vista que hi ha des d&#8217;all\u00e0 dalt. Ning\u00fa havia estat abans en aquella terrassa, i ho vam gaudir molt\u00edssim. El profe, ens va explicar alguna cosa del que v\u00e8iem i a m\u00e9s d&#8217;aprofitar per parlar i relaxar-nos, vam aprofitar per fer-nos fotos de grup per al record.<\/p>\n\n\n\n<figure class=\"wp-block-image size-large\"><img loading=\"lazy\" decoding=\"async\" width=\"1024\" height=\"768\" src=\"\/conselldecent2026\/wp-content\/uploads\/2026\/04\/IMG20251125134824-1024x768.jpg\" alt=\"\" class=\"wp-image-74\" srcset=\"\/conselldecent2026\/wp-content\/uploads\/2026\/04\/IMG20251125134824-1024x768.jpg 1024w, \/conselldecent2026\/wp-content\/uploads\/2026\/04\/IMG20251125134824-300x225.jpg 300w, \/conselldecent2026\/wp-content\/uploads\/2026\/04\/IMG20251125134824-768x576.jpg 768w, \/conselldecent2026\/wp-content\/uploads\/2026\/04\/IMG20251125134824-1536x1152.jpg 1536w, \/conselldecent2026\/wp-content\/uploads\/2026\/04\/IMG20251125134824-2048x1536.jpg 2048w\" sizes=\"auto, (max-width: 767px) 89vw, (max-width: 1000px) 54vw, (max-width: 1071px) 543px, 580px\" \/><\/figure>\n\n\n\n<p class=\"wp-block-paragraph\"><strong>Ja volem tornar-hi!<\/strong><\/p>\n","protected":false},"excerpt":{"rendered":"<p>Ja tornem a ser aqu\u00ed! El passat 24 de novembre, el grup de 4t d\u2019ESO d\u2019Art\u00edstic vam tornar al MNAC (Museu Nacional d\u2019Art de Catalunya) per continuar el nostre proc\u00e9s creatiu amb la Teresa W. i els nostres profes. All\u00e0 ens va rebre el David Pablo que, en acabar l&#8217;activitat amb les onomatopeies, ens va &hellip; <\/p>\n<p class=\"link-more\"><a href=\"\/conselldecent2026\/gravem-sons-des-de-la-terrassa-del-mnac\/\" class=\"more-link\">Continua llegint <span class=\"screen-reader-text\">\u00abGravem sons des de la terrassa del MNAC\u00bb<\/span><\/a><\/p>\n","protected":false},"author":6,"featured_media":0,"comment_status":"closed","ping_status":"","sticky":false,"template":"","format":"standard","meta":{"footnotes":""},"categories":[1],"tags":[],"class_list":["post-71","post","type-post","status-publish","format-standard","hentry","category-general"],"_links":{"self":[{"href":"\/conselldecent2026\/wp-json\/wp\/v2\/posts\/71","targetHints":{"allow":["GET"]}}],"collection":[{"href":"\/conselldecent2026\/wp-json\/wp\/v2\/posts"}],"about":[{"href":"\/conselldecent2026\/wp-json\/wp\/v2\/types\/post"}],"author":[{"embeddable":true,"href":"\/conselldecent2026\/wp-json\/wp\/v2\/users\/6"}],"replies":[{"embeddable":true,"href":"\/conselldecent2026\/wp-json\/wp\/v2\/comments?post=71"}],"version-history":[{"count":1,"href":"\/conselldecent2026\/wp-json\/wp\/v2\/posts\/71\/revisions"}],"predecessor-version":[{"id":75,"href":"\/conselldecent2026\/wp-json\/wp\/v2\/posts\/71\/revisions\/75"}],"wp:attachment":[{"href":"\/conselldecent2026\/wp-json\/wp\/v2\/media?parent=71"}],"wp:term":[{"taxonomy":"category","embeddable":true,"href":"\/conselldecent2026\/wp-json\/wp\/v2\/categories?post=71"},{"taxonomy":"post_tag","embeddable":true,"href":"\/conselldecent2026\/wp-json\/wp\/v2\/tags?post=71"}],"curies":[{"name":"wp","href":"https:\/\/api.w.org\/{rel}","templated":true}]}}