{"id":77,"date":"2026-05-19T01:27:10","date_gmt":"2026-05-18T23:27:10","guid":{"rendered":"\/conselldecent2026\/?p=77"},"modified":"2026-05-19T01:27:10","modified_gmt":"2026-05-18T23:27:10","slug":"de-juan-no-sabemos-nada","status":"publish","type":"post","link":"\/conselldecent2026\/de-juan-no-sabemos-nada\/","title":{"rendered":"\u00abde juan no sabemos nada\u00bb"},"content":{"rendered":"\n<p class=\"wp-block-paragraph\"><\/p>\n\n\n\n<p class=\"wp-block-paragraph\">Ja tenim el projecte acabat i presentat! El passat dimecres 13 de maig vam presentar al MNAC la nostra pe\u00e7a sonora, ben aviat us farem un post de com va anar la presentaci\u00f3, avui us presentem el text presenta la pe\u00e7a sonora \u00abexposada\u00bb al MNAC:<\/p>\n\n\n\n<figure class=\"wp-block-image size-large\"><img loading=\"lazy\" decoding=\"async\" width=\"1024\" height=\"768\" src=\"\/conselldecent2026\/wp-content\/uploads\/2026\/05\/1000403161-1024x768.jpg\" alt=\"\" class=\"wp-image-78\" srcset=\"\/conselldecent2026\/wp-content\/uploads\/2026\/05\/1000403161-1024x768.jpg 1024w, \/conselldecent2026\/wp-content\/uploads\/2026\/05\/1000403161-300x225.jpg 300w, \/conselldecent2026\/wp-content\/uploads\/2026\/05\/1000403161-768x576.jpg 768w, \/conselldecent2026\/wp-content\/uploads\/2026\/05\/1000403161-1536x1152.jpg 1536w, \/conselldecent2026\/wp-content\/uploads\/2026\/05\/1000403161-2048x1536.jpg 2048w\" sizes=\"auto, (max-width: 767px) 89vw, (max-width: 1000px) 54vw, (max-width: 1071px) 543px, 580px\" \/><\/figure>\n\n\n\n<p class=\"wp-block-paragraph\">teresa w \u30fb \u00e9s fada i artista. La seva pr\u00e0ctica s\u2019articula entre la m\u00fasica ex-perimental i la performance, amb un inter\u00e8s per investigar el que \u00e9s inaudible.<\/p>\n\n\n\n<p class=\"wp-block-paragraph\">Aquesta pe\u00e7a, cocreada amb alumnat de 4t d\u2019ESO de l\u2019IES Consell de Cent durant el curs 2025\/2026, es configura com una instal\u00b7laci\u00f3 sonora immersiva. Lluny de plantejar-se com una obra tancada, es reivindica com un esborrany, un work in progress experimental, un cos en construcci\u00f3 que respira i es transforma. Aquesta condici\u00f3 processual no \u00e9s access\u00f2ria, sin\u00f3 estructural: la pe\u00e7a es desplega com un organisme viu, amb m\u00faltiples temps i veus.<\/p>\n\n\n\n<p class=\"wp-block-paragraph\">El projecte parteix d\u2019un arxiu de cartes familiars de l\u2019artista vinculades a la Guerra Civil espanyola, un material \u00edntim que es posa en di\u00e0leg amb els relats familiars recollits per l\u2019alumnat, que comparteixen experi\u00e8ncies i mem\u00f2ries de conflictes en diversos contextos culturals. Aix\u00ed, la noci\u00f3 de conflicte s\u2019expandeix m\u00e9s enll\u00e0 de la seva definici\u00f3 hist\u00f2rica concreta per esdevenir una experi\u00e8ncia transversal: guerres, processos d\u2019independ\u00e8ncia, migracions for\u00e7ades i altres formes de viol\u00e8ncia i despla\u00e7ament que esdevenen mat\u00e8ria sonora i narrativa. El t\u00edtol comen\u00e7a en \u00e0rab-d\u00e0rija, un gest a l\u2019idioma matern m\u00e9s extens de la classe en representaci\u00f3 de les lleng\u00fces maternes del grup; segueix en castell\u00e0, llengua de les cartes del besavi de l\u2019artista durant l\u2019\u00e8poca de repressi\u00f3, i muta al catal\u00e0, en un gest de restauraci\u00f3 i de just\u00edcia ling\u00fc\u00edstica.<\/p>\n\n\n\n<p class=\"wp-block-paragraph\">La col\u00b7lecci\u00f3 del MNAC guarda un gran corpus d\u2019obres de la Guerra Civil i la post-guerra, obres que, si fossin sons, serien crits, estr\u00e8pits i silencis esfere\u00efdors. Des de la ficci\u00f3 especulativa, aquestes pres\u00e8ncies s\u2019han entrella\u00e7at amb les veus dels joves que invoquen, amb els seus relats, tant els passats familiars com els seus desitjos i anhels de futur. Les veus es teixeixen aix\u00ed com en un ordit que travessa el temps i l\u2019espai, i posen en relaci\u00f3 generacions, experi\u00e8ncies i imaginaris.<\/p>\n\n\n\n<p class=\"wp-block-paragraph\">En aquest teixit polif\u00f2nic, les fronteres entre subjectes, temps i relats es dilueixen, i emergeix una narraci\u00f3 coral: una hist\u00f2ria col\u00b7lectiva, fragmentada, multiplicada. La composici\u00f3 s\u2019articula com un cant en resposta als morts, un gest d\u2019escolta i d\u2019homenatge que esdev\u00e9 un dispositiu d\u2019activaci\u00f3 de mem\u00f2ria, que connecta mortes i vives a trav\u00e9s dels cossos presents. En aquest acte de transmissi\u00f3, la veu es converteix en espai de perviv\u00e8ncia, un espai que dona vida als qui no hi s\u00f3n.<\/p>\n\n\n\n<p class=\"wp-block-paragraph\">En sintonia amb aquesta mirada, l\u2019ampliaci\u00f3 del Nou MNAC, prevista per a l\u2019any 2029, apunta a refor\u00e7ar el rol del Museu com a instituci\u00f3 narradora: un espai de m\u00faltiples veus i m\u00faltiples mirades, constru\u00eft en complicitat amb el seu territori de proximitat, amb els artistes i amb les comunitats educatives. Aquesta pe\u00e7a s\u2019inscriu en aquest horitz\u00f3, no nom\u00e9s com a obra, sin\u00f3 com a pr\u00e0ctica relacional que activa el Museu com a espai viu, permeable i compartit.<\/p>\n\n\n\n<p class=\"wp-block-paragraph\">Aix\u00ed, la instal\u00b7laci\u00f3 no nom\u00e9s es pot escoltar, sin\u00f3 que ens convoca a formar-ne part: a habitar aquest cor expandit, a deixar-nos travessar per les seves reverberacions i, potser, a esdevenir tamb\u00e9 canal d\u2019aquesta mem\u00f2ria compartida.<\/p>\n\n\n\n<p class=\"wp-block-paragraph\">*A continuaci\u00f3, la traducci\u00f3 del t\u00edtol en la resta d\u2019idiomes que habiten l\u2019aula:<\/p>\n\n\n\n<p class=\"wp-block-paragraph\">mba\u2019eve ndoroikua\u00e1i juan rehegua<\/p>\n\n\n\n<p class=\"wp-block-paragraph\">\/\/ \u0986\u09ae\u09b0\u09be \u099c\u09c1\u09af\u09bc\u09be\u09a8 \u09b8\u09ae\u09cd\u09aa\u09b0\u09cd\u0995\u09c7 \u0995\u09bf\u099b\u09c1\u0987 \u099c\u09be\u09a8\u09bf \u09a8\u09be\u0964<\/p>\n\n\n\n<p class=\"wp-block-paragraph\">\/\/ \u043c\u0438 \u043d\u0456\u0447\u043e\u0433\u043e \u043d\u0435 \u0437\u043d\u0430\u0454\u043c\u043e \u043f\u0440\u043e \u0445\u0443\u0430\u043d\u0430<\/p>\n\n\n\n<p class=\"wp-block-paragraph\">\/\/ \u0939\u092e\u0947\u0902 \u091c\u0941\u0906\u0928 \u0915\u0947 \u092c\u093e\u0930\u0947 \u092e\u0947\u0902 \u0915\u0941\u091b \u0928\u0939\u0940\u0902 \u092a\u0924\u093e\u0964<\/p>\n\n\n\n<p class=\"wp-block-paragraph\">\/\/ \u0a38\u0a3e\u0a28\u0a42\u0a70 \u0a1c\u0a41\u0a06\u0a28 \u0a2c\u0a3e\u0a30\u0a47 \u0a15\u0a41\u0a1d \u0a28\u0a39\u0a40\u0a02 \u0a2a\u0a24\u0a3e\u0964<\/p>\n\n\n\n<p class=\"wp-block-paragraph\">\/\/ wala kaming alam tungkol kay juan<\/p>\n\n\n\n<p class=\"wp-block-paragraph\">\/\/ juanmantaqa manam imatapas<\/p>\n\n\n\n<p class=\"wp-block-paragraph\">\/\/ yachanchikchu<\/p>\n\n\n\n<p class=\"wp-block-paragraph\">\/\/ we don\u2019t know anything about juan<\/p>\n\n\n\n<p class=\"wp-block-paragraph\">Alumnat:<\/p>\n\n\n\n<p class=\"wp-block-paragraph\">Aya Ahayat, Rayan Akkouh, Katia \u00c1lvarez, Angel Angel, Yeva Dakrova, Maruan El Mail, Mohamed Hajra, Tahosun Hasmat, Mahim Hussain, Balpreet Kaur, Otman Lissaneddine, Maria Mahmood, Erik Mor\u00f3s, Elias Raji, Jannah Rasos, Camila Requena, Manpreet Sallan, Brahim Sarah, Pepe Sena, Alessandra Tama\u00f1o i Ismael Torres.<\/p>\n\n\n\n<p class=\"wp-block-paragraph\">Docents:<\/p>\n\n\n\n<p class=\"wp-block-paragraph\">Borja Llopis i Ver\u00f2nica Varas.<\/p>\n\n\n\n<p class=\"wp-block-paragraph\">Ajudant de producci\u00f3:<\/p>\n\n\n\n<p class=\"wp-block-paragraph\">Martina Petric Morrison.<\/p>\n\n\n\n<p class=\"wp-block-paragraph\">Mix, mescla i multicanal:<\/p>\n\n\n\n<p class=\"wp-block-paragraph\">Sebastian Garc\u00eda Ferro.<\/p>\n\n\n\n<p class=\"wp-block-paragraph\">Realitzat en el marc de la 17a edici\u00f3 d\u2019Artistes EN RESiD\u00c8NCiA als instituts de Barcelona, un programa de l\u2019Institut de Cultura de Barcelona i del Consorci d\u2019Educaci\u00f3 de Barcelona, ideat en cooperaci\u00f3 amb l\u2019Associaci\u00f3 A Bao A Qu.<\/p>\n\n\n\n<p class=\"wp-block-paragraph\">La resid\u00e8ncia ha estat comissariada pel Museu Nacional d\u2019Art de Catalunya i Experimentem amb l\u2019ART (EART).<\/p>\n\n\n\n<figure class=\"wp-block-image size-large\"><img loading=\"lazy\" decoding=\"async\" width=\"1024\" height=\"768\" src=\"\/conselldecent2026\/wp-content\/uploads\/2026\/05\/1000403165-1024x768.jpg\" alt=\"\" class=\"wp-image-79\" srcset=\"\/conselldecent2026\/wp-content\/uploads\/2026\/05\/1000403165-1024x768.jpg 1024w, \/conselldecent2026\/wp-content\/uploads\/2026\/05\/1000403165-300x225.jpg 300w, \/conselldecent2026\/wp-content\/uploads\/2026\/05\/1000403165-768x576.jpg 768w, \/conselldecent2026\/wp-content\/uploads\/2026\/05\/1000403165-1536x1152.jpg 1536w, \/conselldecent2026\/wp-content\/uploads\/2026\/05\/1000403165-2048x1536.jpg 2048w\" sizes=\"auto, (max-width: 767px) 89vw, (max-width: 1000px) 54vw, (max-width: 1071px) 543px, 580px\" \/><\/figure>\n\n\n\n<p class=\"wp-block-paragraph\">Ens va encantar poder gaudir d&#8217;un mat\u00ed al MNAC amb la Teresa i la pres\u00e8ncia dels nostres companys de 4t de l&#8217;ESO, presentant-los la pe\u00e7a sonora que hem estat editant durant les darreres setmanes.<\/p>\n\n\n\n<p class=\"wp-block-paragraph\"><\/p>\n","protected":false},"excerpt":{"rendered":"<p>Ja tenim el projecte acabat i presentat! El passat dimecres 13 de maig vam presentar al MNAC la nostra pe\u00e7a sonora, ben aviat us farem un post de com va anar la presentaci\u00f3, avui us presentem el text presenta la pe\u00e7a sonora \u00abexposada\u00bb al MNAC: teresa w \u30fb \u00e9s fada i artista. La seva pr\u00e0ctica &hellip; <\/p>\n<p class=\"link-more\"><a href=\"\/conselldecent2026\/de-juan-no-sabemos-nada\/\" class=\"more-link\">Continua llegint <span class=\"screen-reader-text\">\u00ab\u00abde juan no sabemos nada\u00bb\u00bb<\/span><\/a><\/p>\n","protected":false},"author":6,"featured_media":0,"comment_status":"closed","ping_status":"","sticky":false,"template":"","format":"standard","meta":{"footnotes":""},"categories":[1],"tags":[],"class_list":["post-77","post","type-post","status-publish","format-standard","hentry","category-general"],"_links":{"self":[{"href":"\/conselldecent2026\/wp-json\/wp\/v2\/posts\/77","targetHints":{"allow":["GET"]}}],"collection":[{"href":"\/conselldecent2026\/wp-json\/wp\/v2\/posts"}],"about":[{"href":"\/conselldecent2026\/wp-json\/wp\/v2\/types\/post"}],"author":[{"embeddable":true,"href":"\/conselldecent2026\/wp-json\/wp\/v2\/users\/6"}],"replies":[{"embeddable":true,"href":"\/conselldecent2026\/wp-json\/wp\/v2\/comments?post=77"}],"version-history":[{"count":1,"href":"\/conselldecent2026\/wp-json\/wp\/v2\/posts\/77\/revisions"}],"predecessor-version":[{"id":80,"href":"\/conselldecent2026\/wp-json\/wp\/v2\/posts\/77\/revisions\/80"}],"wp:attachment":[{"href":"\/conselldecent2026\/wp-json\/wp\/v2\/media?parent=77"}],"wp:term":[{"taxonomy":"category","embeddable":true,"href":"\/conselldecent2026\/wp-json\/wp\/v2\/categories?post=77"},{"taxonomy":"post_tag","embeddable":true,"href":"\/conselldecent2026\/wp-json\/wp\/v2\/tags?post=77"}],"curies":[{"name":"wp","href":"https:\/\/api.w.org\/{rel}","templated":true}]}}