{"id":83,"date":"2026-05-28T23:23:45","date_gmt":"2026-05-28T21:23:45","guid":{"rendered":"\/conselldecent2026\/?p=83"},"modified":"2026-05-28T23:26:36","modified_gmt":"2026-05-28T21:26:36","slug":"el-nostre-arxiu-sonor-la-memoria-feta-art-us-presentem-de-juan-no-sabemos-nada","status":"publish","type":"post","link":"\/conselldecent2026\/el-nostre-arxiu-sonor-la-memoria-feta-art-us-presentem-de-juan-no-sabemos-nada\/","title":{"rendered":"El nostre arxiu sonor. La mem\u00f2ria feta art: Us presentem \u00abde Juan no sabemos nada\u00bb."},"content":{"rendered":"\n<h1 class=\"wp-block-heading\"><\/h1>\n\n\n\n\n\n<figure class=\"wp-block-audio\"><audio controls src=\"\/conselldecent2026\/wp-content\/uploads\/2026\/05\/mixdown_peca_enresidencia_26.mp3\"><\/audio><\/figure>\n\n\n\n<p class=\"wp-block-paragraph\">Despr\u00e9s de mesos de recerca, de debats intensos sobre els conflictes del passat a les sales del MNAC i d&#8217;aprendre a mirar el m\u00f3n a trav\u00e9s del so, per fi tenim ja creada la nostra pe\u00e7a art\u00edstica. Tots nosaltres, juntament amb l&#8217;artista <strong>Teresa W.<\/strong>, tenim l&#8217;orgull de presentar el fruit de tot el nostre treball: l&#8217;arxiu sonor <strong>\u00abde Juan no sabemos nada\u00bb<\/strong>.<\/p>\n\n\n\n<p class=\"wp-block-paragraph\">El t\u00edtol d&#8217;aquest projecte neix d&#8217;una frase real extreta d&#8217;unes cartes familiars de l&#8217;\u00e8poca de la Guerra Civil Espanyola, de la Teresa W.. En un dels textos es comentava, amb la tristesa i la incertesa d&#8217;aquells anys, que no se sabia res d&#8217;un familiar que havia marxat al front de guerra: <em>\u00abde Juan no sabemos nada\u00bb<\/em>.<\/p>\n\n\n\n<p class=\"wp-block-paragraph\">Aquesta frase tan potent ens va fer reflexionar i ens va convidar a mirar cap a l&#8217;interior de les nostres pr\u00f2pies llars. Vam parlar amb els nostres pares, mares i avis, i vam rescatar les nostres pr\u00f2pies hist\u00f2ries familiars. Tot i que molts de nosaltres tenim or\u00edgens i passats molt diversos, ens vam adonar d\u2019una realitat compartida: en gaireb\u00e9 totes les nostres fam\u00edlies hi ha un record lluny\u00e0, una cicatriu on una guerra, un exili o un conflicte va interrompre bruscament el cam\u00ed dels nostres avantpassats.<\/p>\n\n\n\n<p class=\"wp-block-paragraph\">A partir d&#8217;aquelles frases que m\u00e9s ens van impactar de les hist\u00f2ries que ens van explicar a casa, vam comen\u00e7ar el proc\u00e9s de creaci\u00f3. No es tractava nom\u00e9s de llegir text; l&#8217;objectiu era <strong>transformar aquestes paraules en sons<\/strong>. Hem experimentat amb la veu, el ritme i el soroll per evocar aquells records llunyans i transmetre l&#8217;emoci\u00f3 d&#8217;un passat que encara ressona en nosaltres.<\/p>\n\n\n\n<p class=\"wp-block-paragraph\">El proc\u00e9s t\u00e8cnic ha estat un aut\u00e8ntic repte d&#8217;aprenentatge al llarg de tot el curs:<\/p>\n\n\n\n<ul class=\"wp-block-list\">\n<li><strong>La gravaci\u00f3:<\/strong> Vam enregistrar totes les nostres veus i composicions sonores a l&#8217;institut amb l&#8217;ajuda i guia constant de la Teresa W.<\/li>\n\n\n\n<li><strong>L&#8217;edici\u00f3:<\/strong> Per donar forma definitiva a l&#8217;arxiu, hem apr\u00e8s a utilitzar <strong>Ableton<\/strong>, un programari d&#8217;edici\u00f3 musical professional que ens ha perm\u00e8s barrejar capes, textures i atmosferes.<\/li>\n<\/ul>\n\n\n\n<figure class=\"wp-block-image size-large\"><img loading=\"lazy\" decoding=\"async\" width=\"1024\" height=\"768\" src=\"\/conselldecent2026\/wp-content\/uploads\/2026\/05\/1000403171-1024x768.jpg\" alt=\"\" class=\"wp-image-88\" srcset=\"\/conselldecent2026\/wp-content\/uploads\/2026\/05\/1000403171-1024x768.jpg 1024w, \/conselldecent2026\/wp-content\/uploads\/2026\/05\/1000403171-300x225.jpg 300w, \/conselldecent2026\/wp-content\/uploads\/2026\/05\/1000403171-768x576.jpg 768w, \/conselldecent2026\/wp-content\/uploads\/2026\/05\/1000403171-1536x1152.jpg 1536w, \/conselldecent2026\/wp-content\/uploads\/2026\/05\/1000403171-2048x1536.jpg 2048w\" sizes=\"auto, (max-width: 767px) 89vw, (max-width: 1000px) 54vw, (max-width: 1071px) 543px, 580px\" \/><\/figure>\n\n\n\n<h3 class=\"wp-block-heading\" style=\"font-size:16px\">Aquest viatge musical i art\u00edstic no hauria estat possible sense el suport de persones clau que ens han acompanyat a l&#8217;estudi. Volem donar un agra\u00efment molt especial al nostre professor de m\u00fasica, el <strong>Salvador Aras<\/strong>, per guiar-nos en la part compositiva, i a la productora <strong>Martina Petric<\/strong>, que ens ha ajudat a fer que aquest \u00abcollage\u00bb de mem\u00f2ries sonores amb una qualitat incre\u00efble.<\/h3>\n\n\n\n<p class=\"wp-block-paragraph\" style=\"font-size:16px\">\u00abde Juan no sabemos nada\u00bb \u00e9s la nostra manera de dir que, encara que de vegades es perdi el rastre de la hist\u00f2ria, la mem\u00f2ria de les nostres fam\u00edlies segueix viva a trav\u00e9s de l&#8217;art.<\/p>\n\n\n\n<p class=\"wp-block-paragraph\" style=\"font-size:16px\">Us convidem a posar-vos els auriculars, tancar els ulls i escoltar el nostre arxiu sonor. Benvinguts al nostre viatge.<\/p>\n\n\n\n<p class=\"wp-block-paragraph\"><\/p>\n","protected":false},"excerpt":{"rendered":"<p>Despr\u00e9s de mesos de recerca, de debats intensos sobre els conflictes del passat a les sales del MNAC i d&#8217;aprendre a mirar el m\u00f3n a trav\u00e9s del so, per fi tenim ja creada la nostra pe\u00e7a art\u00edstica. Tots nosaltres, juntament amb l&#8217;artista Teresa W., tenim l&#8217;orgull de presentar el fruit de tot el nostre treball: &hellip; <\/p>\n<p class=\"link-more\"><a href=\"\/conselldecent2026\/el-nostre-arxiu-sonor-la-memoria-feta-art-us-presentem-de-juan-no-sabemos-nada\/\" class=\"more-link\">Continua llegint <span class=\"screen-reader-text\">\u00abEl nostre arxiu sonor. La mem\u00f2ria feta art: Us presentem \u00abde Juan no sabemos nada\u00bb.\u00bb<\/span><\/a><\/p>\n","protected":false},"author":6,"featured_media":0,"comment_status":"closed","ping_status":"","sticky":false,"template":"","format":"standard","meta":{"footnotes":""},"categories":[1],"tags":[],"class_list":["post-83","post","type-post","status-publish","format-standard","hentry","category-general"],"_links":{"self":[{"href":"\/conselldecent2026\/wp-json\/wp\/v2\/posts\/83","targetHints":{"allow":["GET"]}}],"collection":[{"href":"\/conselldecent2026\/wp-json\/wp\/v2\/posts"}],"about":[{"href":"\/conselldecent2026\/wp-json\/wp\/v2\/types\/post"}],"author":[{"embeddable":true,"href":"\/conselldecent2026\/wp-json\/wp\/v2\/users\/6"}],"replies":[{"embeddable":true,"href":"\/conselldecent2026\/wp-json\/wp\/v2\/comments?post=83"}],"version-history":[{"count":2,"href":"\/conselldecent2026\/wp-json\/wp\/v2\/posts\/83\/revisions"}],"predecessor-version":[{"id":89,"href":"\/conselldecent2026\/wp-json\/wp\/v2\/posts\/83\/revisions\/89"}],"wp:attachment":[{"href":"\/conselldecent2026\/wp-json\/wp\/v2\/media?parent=83"}],"wp:term":[{"taxonomy":"category","embeddable":true,"href":"\/conselldecent2026\/wp-json\/wp\/v2\/categories?post=83"},{"taxonomy":"post_tag","embeddable":true,"href":"\/conselldecent2026\/wp-json\/wp\/v2\/tags?post=83"}],"curies":[{"name":"wp","href":"https:\/\/api.w.org\/{rel}","templated":true}]}}