{"id":90,"date":"2026-06-10T19:31:50","date_gmt":"2026-06-10T17:31:50","guid":{"rendered":"\/conselldecent2026\/?p=90"},"modified":"2026-06-10T19:31:50","modified_gmt":"2026-06-10T17:31:50","slug":"les-arrels-de-larxiu-sonor-de-la-memoria-familiar-a-la-comunitat-artistica","status":"publish","type":"post","link":"\/conselldecent2026\/les-arrels-de-larxiu-sonor-de-la-memoria-familiar-a-la-comunitat-artistica\/","title":{"rendered":"Les arrels de l&#8217;arxiu sonor: De la Mem\u00f2ria Familiar a la Comunitat Art\u00edstica"},"content":{"rendered":"\n<figure class=\"wp-block-image size-large\"><img loading=\"lazy\" decoding=\"async\" width=\"1024\" height=\"768\" src=\"\/conselldecent2026\/wp-content\/uploads\/2026\/06\/IMG20260113135030-1024x768.jpg\" alt=\"\" class=\"wp-image-94\" srcset=\"\/conselldecent2026\/wp-content\/uploads\/2026\/06\/IMG20260113135030-1024x768.jpg 1024w, \/conselldecent2026\/wp-content\/uploads\/2026\/06\/IMG20260113135030-300x225.jpg 300w, \/conselldecent2026\/wp-content\/uploads\/2026\/06\/IMG20260113135030-768x576.jpg 768w, \/conselldecent2026\/wp-content\/uploads\/2026\/06\/IMG20260113135030-1536x1152.jpg 1536w, \/conselldecent2026\/wp-content\/uploads\/2026\/06\/IMG20260113135030.jpg 2048w\" sizes=\"auto, (max-width: 767px) 89vw, (max-width: 1000px) 54vw, (max-width: 1071px) 543px, 580px\" \/><\/figure>\n\n\n\n<p class=\"wp-block-paragraph\">En l&#8217;entrada anterior vam tenir el plaer de presentar l&#8217;arxiu sonor del projecte, una composici\u00f3 constru\u00efda a partir d&#8217;un recull emotiu de veus, pauses i testimonis que neixen d&#8217;una selecci\u00f3 de frases, extretes dels textos elaborats despr\u00e9s d&#8217;entrevistar les nostres fam\u00edlies. Aquest arxiu, resultat d&#8217;un proc\u00e9s de recerca humana i de mem\u00f2ria hist\u00f2rica familiar, ha estat elaborat tenint les entrevistes familiars com a punt de partida. Entrevistes que com a objectiu principal era, con\u00e8ixer els conflictes socials, pol\u00edtics, econ\u00f2mics o b\u00e8l\u00b7lics que han marcat les traject\u00f2ries vitals dels nostres familiars i que, en molts casos, van conduir als nostres pares a emprendre un proc\u00e9s migratori fins arribar a Catalunya.<\/p>\n\n\n\n<figure class=\"wp-block-image size-large\"><img loading=\"lazy\" decoding=\"async\" width=\"1024\" height=\"768\" src=\"\/conselldecent2026\/wp-content\/uploads\/2026\/06\/IMG20260113141536-1024x768.jpg\" alt=\"\" class=\"wp-image-95\" srcset=\"\/conselldecent2026\/wp-content\/uploads\/2026\/06\/IMG20260113141536-1024x768.jpg 1024w, \/conselldecent2026\/wp-content\/uploads\/2026\/06\/IMG20260113141536-300x225.jpg 300w, \/conselldecent2026\/wp-content\/uploads\/2026\/06\/IMG20260113141536-768x576.jpg 768w, \/conselldecent2026\/wp-content\/uploads\/2026\/06\/IMG20260113141536-1536x1152.jpg 1536w, \/conselldecent2026\/wp-content\/uploads\/2026\/06\/IMG20260113141536.jpg 2048w\" sizes=\"auto, (max-width: 767px) 89vw, (max-width: 1000px) 54vw, (max-width: 1071px) 543px, 580px\" \/><\/figure>\n\n\n\n<p class=\"wp-block-paragraph\"><br>Darrere de cadascuna de les frases que formen part de l&#8217;arxiu sonor hi ha hist\u00f2ries de superaci\u00f3, sacrifici i esperan\u00e7a. A continuaci\u00f3 presentem tres resums d&#8217;aquestes entrevistes familiars, de les vint hist\u00f2ries que hem recollit a classe. (Hem canviat els nostres noms per noms ficticis, per\u00f2 l&#8217;origen i la hist\u00f2ria \u00e9s totalment real):<br><br><strong>Bilal \u2013 Marroc \u2013 Les conseq\u00fc\u00e8ncies de la guerra i la pobresa<\/strong><br><br>En Bilal recull la hist\u00f2ria del seu pare i del seu avi al Marroc. Segons explica, el seu avi va haver de participar en la guerra al costat de les forces del general Franco, fet que el va obligar a deixar enrere la seva fam\u00edlia durant un llarg per\u00edode. Mentre ell era al front, la seva \u00e0via es va quedar sola amb els fills, sense possibilitat de treballar. El pare d&#8217;en Bilal, que era el germ\u00e0 gran, va abandonar els estudis per poder treballar i ajudar econ\u00f2micament la fam\u00edlia. Despr\u00e9s de la guerra, l&#8217;avi va morir a causa d&#8217;una malaltia. La fam\u00edlia va haver d&#8217;afrontar moltes dificultats econ\u00f2miques, per\u00f2, tal com destaca en Bilal, mai no es van rendir.<br><br><strong>Jenifer \u2013 Filipines \u2013 La migraci\u00f3 per buscar un futur millor<\/strong><br><br>La hist\u00f2ria de Jenifer est\u00e0 marcada per les dificultats econ\u00f2miques que la seva mare va viure a les Filipines. Procedent d&#8217;una fam\u00edlia nombrosa, va cr\u00e9ixer en un context de precarietat. El seu marit va emigrar primer a Barcelona per trobar oportunitats laborals, mentre ella es quedava al seu pa\u00eds cuidant les seves filles. Amb el temps, la situaci\u00f3 econ\u00f2mica va empitjorar i va decidir emigrar tamb\u00e9 a Catalunya. Aquesta decisi\u00f3 va comportar un gran sacrifici emocional, ja que va haver de viure separada de les seves filles durant gaireb\u00e9 un any i mig. Finalment, la fam\u00edlia es va poder reunir a Barcelona, on van aconseguir una major estabilitat i unes millors condicions de vida.<br><br><strong>Oxana \u2013 Ucra\u00efna \u2013 Fugir de la guerra<\/strong><br><br>L&#8217;Oxana explica l&#8217;impacte que va tenir l&#8217;inici de la guerra d&#8217;Ucra\u00efna el febrer de 2022 en la seva fam\u00edlia. Despr\u00e9s de l&#8217;esclat del conflicte, la seva mare va decidir marxar amb els seus fills per garantir-ne la seguretat. Primer es van despla\u00e7ar a una zona m\u00e9s tranquil\u00b7la dins del pa\u00eds i posteriorment van valorar diferents opcions per refugiar-se a l&#8217;estranger. Finalment, van arribar a Espanya, on uns familiars els van oferir ajuda. Tot i l&#8217;acollida, el proc\u00e9s va ser molt dif\u00edcil emocionalment: la incertesa, la conviv\u00e8ncia complicada i la llunyania del seu pa\u00eds van generar molt patiment. L&#8217;Oxana recorda aquells moments amb molta intensitat i destaca especialment l&#8217;esfor\u00e7 que la seva mare continua fent cada dia per garantir el benestar de la fam\u00edlia.<br><\/p>\n\n\n\n<figure class=\"wp-block-image size-large\"><img loading=\"lazy\" decoding=\"async\" width=\"1024\" height=\"768\" src=\"\/conselldecent2026\/wp-content\/uploads\/2026\/06\/IMG20260113135944-1024x768.jpg\" alt=\"\" class=\"wp-image-96\" srcset=\"\/conselldecent2026\/wp-content\/uploads\/2026\/06\/IMG20260113135944-1024x768.jpg 1024w, \/conselldecent2026\/wp-content\/uploads\/2026\/06\/IMG20260113135944-300x225.jpg 300w, \/conselldecent2026\/wp-content\/uploads\/2026\/06\/IMG20260113135944-768x576.jpg 768w, \/conselldecent2026\/wp-content\/uploads\/2026\/06\/IMG20260113135944-1536x1152.jpg 1536w, \/conselldecent2026\/wp-content\/uploads\/2026\/06\/IMG20260113135944.jpg 2048w\" sizes=\"auto, (max-width: 767px) 89vw, (max-width: 1000px) 54vw, (max-width: 1071px) 543px, 580px\" \/><\/figure>\n\n\n\n<p class=\"wp-block-paragraph\">Aquestes tres hist\u00f2ries s\u00f3n nom\u00e9s una mostra de les moltes experi\u00e8ncies que conviuen dins les aules del nostre institut. Despr\u00e9s de realitzar les entrevistes familiars durant les vacances a la tornada a l&#8217;institut, vam participar en una activitat al pati en qu\u00e8 es vam explicar m\u00fatuament les nostres hist\u00f2ries familiars. Aquest espai de trobada va permetre compartir experi\u00e8ncies, escoltar realitats diverses i comprendre millor els processos migratoris i els conflictes que han marcat la vida de moltes de les nostres fam\u00edlies.<\/p>\n\n\n\n<figure class=\"wp-block-image size-large\"><img loading=\"lazy\" decoding=\"async\" width=\"1024\" height=\"768\" src=\"\/conselldecent2026\/wp-content\/uploads\/2026\/06\/IMG20260113141550-1024x768.jpg\" alt=\"\" class=\"wp-image-97\" srcset=\"\/conselldecent2026\/wp-content\/uploads\/2026\/06\/IMG20260113141550-1024x768.jpg 1024w, \/conselldecent2026\/wp-content\/uploads\/2026\/06\/IMG20260113141550-300x225.jpg 300w, \/conselldecent2026\/wp-content\/uploads\/2026\/06\/IMG20260113141550-768x576.jpg 768w, \/conselldecent2026\/wp-content\/uploads\/2026\/06\/IMG20260113141550-1536x1152.jpg 1536w, \/conselldecent2026\/wp-content\/uploads\/2026\/06\/IMG20260113141550.jpg 2048w\" sizes=\"auto, (max-width: 767px) 89vw, (max-width: 1000px) 54vw, (max-width: 1071px) 543px, 580px\" \/><\/figure>\n\n\n\n<p class=\"wp-block-paragraph\">Volem recordar i destacar que el nostre arxiu sonor parteix precisament d&#8217;aquestes frases tan potents extretes d&#8217;aquestes hist\u00f2ries de vida. Cada tall de veu, cada paraula gravada \u00e9s un fragment real de la mem\u00f2ria d&#8217;aquestes fam\u00edlies, convertint el dolor passat en un llegat sonor compartit que ens recorda a tots el valor de la pau i de la conviv\u00e8ncia al nostre centre.<\/p>\n","protected":false},"excerpt":{"rendered":"<p>En l&#8217;entrada anterior vam tenir el plaer de presentar l&#8217;arxiu sonor del projecte, una composici\u00f3 constru\u00efda a partir d&#8217;un recull emotiu de veus, pauses i testimonis que neixen d&#8217;una selecci\u00f3 de frases, extretes dels textos elaborats despr\u00e9s d&#8217;entrevistar les nostres fam\u00edlies. Aquest arxiu, resultat d&#8217;un proc\u00e9s de recerca humana i de mem\u00f2ria hist\u00f2rica familiar, ha &hellip; <\/p>\n<p class=\"link-more\"><a href=\"\/conselldecent2026\/les-arrels-de-larxiu-sonor-de-la-memoria-familiar-a-la-comunitat-artistica\/\" class=\"more-link\">Continua llegint <span class=\"screen-reader-text\">\u00abLes arrels de l&#8217;arxiu sonor: De la Mem\u00f2ria Familiar a la Comunitat Art\u00edstica\u00bb<\/span><\/a><\/p>\n","protected":false},"author":6,"featured_media":0,"comment_status":"closed","ping_status":"","sticky":false,"template":"","format":"standard","meta":{"footnotes":""},"categories":[1],"tags":[],"class_list":["post-90","post","type-post","status-publish","format-standard","hentry","category-general"],"_links":{"self":[{"href":"\/conselldecent2026\/wp-json\/wp\/v2\/posts\/90","targetHints":{"allow":["GET"]}}],"collection":[{"href":"\/conselldecent2026\/wp-json\/wp\/v2\/posts"}],"about":[{"href":"\/conselldecent2026\/wp-json\/wp\/v2\/types\/post"}],"author":[{"embeddable":true,"href":"\/conselldecent2026\/wp-json\/wp\/v2\/users\/6"}],"replies":[{"embeddable":true,"href":"\/conselldecent2026\/wp-json\/wp\/v2\/comments?post=90"}],"version-history":[{"count":3,"href":"\/conselldecent2026\/wp-json\/wp\/v2\/posts\/90\/revisions"}],"predecessor-version":[{"id":98,"href":"\/conselldecent2026\/wp-json\/wp\/v2\/posts\/90\/revisions\/98"}],"wp:attachment":[{"href":"\/conselldecent2026\/wp-json\/wp\/v2\/media?parent=90"}],"wp:term":[{"taxonomy":"category","embeddable":true,"href":"\/conselldecent2026\/wp-json\/wp\/v2\/categories?post=90"},{"taxonomy":"post_tag","embeddable":true,"href":"\/conselldecent2026\/wp-json\/wp\/v2\/tags?post=90"}],"curies":[{"name":"wp","href":"https:\/\/api.w.org\/{rel}","templated":true}]}}