{"id":461,"date":"2024-01-18T15:56:05","date_gmt":"2024-01-18T13:56:05","guid":{"rendered":"https:\/\/blocsenresidencia.bcn.cat\/doctorpuigvert2024\/?p=461"},"modified":"2024-01-18T15:56:05","modified_gmt":"2024-01-18T13:56:05","slug":"brodats-sufragistes-segona-part","status":"publish","type":"post","link":"https:\/\/blocsenresidencia.bcn.cat\/doctorpuigvert2024\/brodats-sufragistes-segona-part\/","title":{"rendered":"Brodats sufragistes (segona part)"},"content":{"rendered":"\n<figure class=\"wp-block-image size-large\"><img loading=\"lazy\" decoding=\"async\" width=\"768\" height=\"1024\" src=\"https:\/\/blocsenresidencia.bcn.cat\/doctorpuigvert2024\/wp-content\/uploads\/2024\/01\/1701692148687-1-768x1024.jpg\" alt=\"\" class=\"wp-image-467\" srcset=\"https:\/\/blocsenresidencia.bcn.cat\/doctorpuigvert2024\/wp-content\/uploads\/2024\/01\/1701692148687-1-768x1024.jpg 768w, https:\/\/blocsenresidencia.bcn.cat\/doctorpuigvert2024\/wp-content\/uploads\/2024\/01\/1701692148687-1-225x300.jpg 225w, https:\/\/blocsenresidencia.bcn.cat\/doctorpuigvert2024\/wp-content\/uploads\/2024\/01\/1701692148687-1-1152x1536.jpg 1152w, https:\/\/blocsenresidencia.bcn.cat\/doctorpuigvert2024\/wp-content\/uploads\/2024\/01\/1701692148687-1-1536x2048.jpg 1536w, https:\/\/blocsenresidencia.bcn.cat\/doctorpuigvert2024\/wp-content\/uploads\/2024\/01\/1701692148687-1-scaled.jpg 1920w\" sizes=\"auto, (max-width: 767px) 89vw, (max-width: 1000px) 54vw, (max-width: 1071px) 543px, 580px\" \/><\/figure>\n\n\n\n<p class=\"wp-block-paragraph\">Entre desembre i gener, l&#8217;alumnat ha estat acabant la producci\u00f3 dels brodats, seleccionant el lloc del barri (la zona situada entre la Parr\u00f2quia de Sant Andreu de Palomar, Pla\u00e7a Orfila, Pla\u00e7a Comer\u00e7 i C\/ Gran de Sant Andreu) i concretant les preguntes de les entrevistes que es realitzaran a les persones que es trobin durant la intervenci\u00f3 a l&#8217;espai p\u00fablic. <\/p>\n\n\n\n<figure class=\"wp-block-image size-large\"><img loading=\"lazy\" decoding=\"async\" width=\"768\" height=\"1024\" src=\"https:\/\/blocsenresidencia.bcn.cat\/doctorpuigvert2024\/wp-content\/uploads\/2024\/01\/20231212_134033-768x1024.jpg\" alt=\"\" class=\"wp-image-468\" srcset=\"https:\/\/blocsenresidencia.bcn.cat\/doctorpuigvert2024\/wp-content\/uploads\/2024\/01\/20231212_134033-768x1024.jpg 768w, https:\/\/blocsenresidencia.bcn.cat\/doctorpuigvert2024\/wp-content\/uploads\/2024\/01\/20231212_134033-225x300.jpg 225w, https:\/\/blocsenresidencia.bcn.cat\/doctorpuigvert2024\/wp-content\/uploads\/2024\/01\/20231212_134033-1152x1536.jpg 1152w, https:\/\/blocsenresidencia.bcn.cat\/doctorpuigvert2024\/wp-content\/uploads\/2024\/01\/20231212_134033-1536x2048.jpg 1536w, https:\/\/blocsenresidencia.bcn.cat\/doctorpuigvert2024\/wp-content\/uploads\/2024\/01\/20231212_134033-scaled.jpg 1920w\" sizes=\"auto, (max-width: 767px) 89vw, (max-width: 1000px) 54vw, (max-width: 1071px) 543px, 580px\" \/><\/figure>\n\n\n\n<p class=\"wp-block-paragraph\">Amb la Valentina i la Ida, s&#8217;ha estat reflexionant sobre aspectes a tenir en compte en el moment de fer l&#8217;entrevista:<\/p>\n\n\n\n<p class=\"wp-block-paragraph\">-Presentaci\u00f3 inicial (saludar cordialment, mencionar el prop\u00f2sit de l&#8217;entrevista, explicar breument el format i l&#8217;estructura de l&#8217;entrevista, clarificar els temes que es debatran&#8230;).<\/p>\n\n\n\n<p class=\"wp-block-paragraph\">-Autoritzaci\u00f3 per la gravaci\u00f3, documentaci\u00f3 d&#8217;\u00e0udio, visual, fotogr\u00e0fica. Explicar com s&#8217;utilitzaran els registres.<\/p>\n\n\n\n<p class=\"wp-block-paragraph\">-Actitud amable, acollidora. Generar un ambient relaxat i sense judici.<\/p>\n\n\n\n<p class=\"wp-block-paragraph\">Per grups, l&#8217;alumnat ha assajat l&#8217;acci\u00f3 d&#8217;entrevistar en el context de l&#8217;institut, preguntant i conversant amb docents, alumnes i altres persones que treballen al centre educatiu, abans de dur a terme l&#8217;acci\u00f3 al barri.<\/p>\n","protected":false},"excerpt":{"rendered":"<p>Entre desembre i gener, l&#8217;alumnat ha estat acabant la producci\u00f3 dels brodats, seleccionant el lloc del barri (la zona situada entre la Parr\u00f2quia de Sant Andreu de Palomar, Pla\u00e7a Orfila, Pla\u00e7a Comer\u00e7 i C\/ Gran de Sant Andreu) i concretant les preguntes de les entrevistes que es realitzaran a les persones que es trobin durant &hellip; <\/p>\n<p class=\"link-more\"><a href=\"https:\/\/blocsenresidencia.bcn.cat\/doctorpuigvert2024\/brodats-sufragistes-segona-part\/\" class=\"more-link\">Continua llegint <span class=\"screen-reader-text\">\u00abBrodats sufragistes (segona part)\u00bb<\/span><\/a><\/p>\n","protected":false},"author":8,"featured_media":0,"comment_status":"open","ping_status":"open","sticky":false,"template":"","format":"standard","meta":{"footnotes":""},"categories":[1],"tags":[],"class_list":["post-461","post","type-post","status-publish","format-standard","hentry","category-general"],"_links":{"self":[{"href":"https:\/\/blocsenresidencia.bcn.cat\/doctorpuigvert2024\/wp-json\/wp\/v2\/posts\/461","targetHints":{"allow":["GET"]}}],"collection":[{"href":"https:\/\/blocsenresidencia.bcn.cat\/doctorpuigvert2024\/wp-json\/wp\/v2\/posts"}],"about":[{"href":"https:\/\/blocsenresidencia.bcn.cat\/doctorpuigvert2024\/wp-json\/wp\/v2\/types\/post"}],"author":[{"embeddable":true,"href":"https:\/\/blocsenresidencia.bcn.cat\/doctorpuigvert2024\/wp-json\/wp\/v2\/users\/8"}],"replies":[{"embeddable":true,"href":"https:\/\/blocsenresidencia.bcn.cat\/doctorpuigvert2024\/wp-json\/wp\/v2\/comments?post=461"}],"version-history":[{"count":7,"href":"https:\/\/blocsenresidencia.bcn.cat\/doctorpuigvert2024\/wp-json\/wp\/v2\/posts\/461\/revisions"}],"predecessor-version":[{"id":473,"href":"https:\/\/blocsenresidencia.bcn.cat\/doctorpuigvert2024\/wp-json\/wp\/v2\/posts\/461\/revisions\/473"}],"wp:attachment":[{"href":"https:\/\/blocsenresidencia.bcn.cat\/doctorpuigvert2024\/wp-json\/wp\/v2\/media?parent=461"}],"wp:term":[{"taxonomy":"category","embeddable":true,"href":"https:\/\/blocsenresidencia.bcn.cat\/doctorpuigvert2024\/wp-json\/wp\/v2\/categories?post=461"},{"taxonomy":"post_tag","embeddable":true,"href":"https:\/\/blocsenresidencia.bcn.cat\/doctorpuigvert2024\/wp-json\/wp\/v2\/tags?post=461"}],"curies":[{"name":"wp","href":"https:\/\/api.w.org\/{rel}","templated":true}]}}