{"id":537,"date":"2024-04-19T13:49:21","date_gmt":"2024-04-19T11:49:21","guid":{"rendered":"https:\/\/blocsenresidencia.bcn.cat\/doctorpuigvert2024\/?p=537"},"modified":"2024-04-19T13:49:21","modified_gmt":"2024-04-19T11:49:21","slug":"accions-descolta-i","status":"publish","type":"post","link":"https:\/\/blocsenresidencia.bcn.cat\/doctorpuigvert2024\/accions-descolta-i\/","title":{"rendered":"Accions d&#8217;escolta I"},"content":{"rendered":"\n<figure class=\"wp-block-image size-large\"><img loading=\"lazy\" decoding=\"async\" width=\"1024\" height=\"768\" src=\"https:\/\/blocsenresidencia.bcn.cat\/doctorpuigvert2024\/wp-content\/uploads\/2024\/04\/IMG_20240306_111654_1-1024x768.jpg\" alt=\"\" class=\"wp-image-538\" srcset=\"https:\/\/blocsenresidencia.bcn.cat\/doctorpuigvert2024\/wp-content\/uploads\/2024\/04\/IMG_20240306_111654_1-1024x768.jpg 1024w, https:\/\/blocsenresidencia.bcn.cat\/doctorpuigvert2024\/wp-content\/uploads\/2024\/04\/IMG_20240306_111654_1-300x225.jpg 300w, https:\/\/blocsenresidencia.bcn.cat\/doctorpuigvert2024\/wp-content\/uploads\/2024\/04\/IMG_20240306_111654_1-768x576.jpg 768w, https:\/\/blocsenresidencia.bcn.cat\/doctorpuigvert2024\/wp-content\/uploads\/2024\/04\/IMG_20240306_111654_1-1536x1152.jpg 1536w, https:\/\/blocsenresidencia.bcn.cat\/doctorpuigvert2024\/wp-content\/uploads\/2024\/04\/IMG_20240306_111654_1-2048x1536.jpg 2048w\" sizes=\"auto, (max-width: 767px) 89vw, (max-width: 1000px) 54vw, (max-width: 1071px) 543px, 580px\" \/><\/figure>\n\n\n\n<p class=\"wp-block-paragraph\">Durant el mes de mar\u00e7, s&#8217;han dut a terme sessions de treball entre dos espais (Institut Doctor Puigvert i Fabra i Coats) per explorar l&#8217;escolta de l&#8217;alumnat mitjan\u00e7ant diverses pr\u00e0ctiques art\u00edstiques (corporals, visuals i sonores).<\/p>\n\n\n\n<p class=\"wp-block-paragraph\">La primera acci\u00f3 es desplega en una de les sales d&#8217;assaig de la Fabra i Coats, posant al centre de l&#8217;activitat el cos per potenciar altres aproximacions f\u00edsiques i relacionals que no passin \u00fanicament per la vista i la paraula. La Valentina i la Ida proposen exercicis de relaxaci\u00f3, despla\u00e7aments, moviments individuals i col\u00b7lectius, amb la intenci\u00f3  d&#8217;afavorir climes de confian\u00e7a i l&#8217;escolta als altres. Per aquesta sessi\u00f3 comptem amb la col\u00b7laboraci\u00f3 de l&#8217;artista resident de la f\u00e0brica de creaci\u00f3 <a href=\"https:\/\/www.barcelona.cat\/fabraicoats\/ca\/residents\/2024\/david-dorado\">David Dorado<\/a>.<\/p>\n\n\n\n<figure class=\"wp-block-image size-large\"><img loading=\"lazy\" decoding=\"async\" width=\"1024\" height=\"768\" src=\"https:\/\/blocsenresidencia.bcn.cat\/doctorpuigvert2024\/wp-content\/uploads\/2024\/04\/IMG_20240306_111852-1024x768.jpg\" alt=\"\" class=\"wp-image-541\" srcset=\"https:\/\/blocsenresidencia.bcn.cat\/doctorpuigvert2024\/wp-content\/uploads\/2024\/04\/IMG_20240306_111852-1024x768.jpg 1024w, https:\/\/blocsenresidencia.bcn.cat\/doctorpuigvert2024\/wp-content\/uploads\/2024\/04\/IMG_20240306_111852-300x225.jpg 300w, https:\/\/blocsenresidencia.bcn.cat\/doctorpuigvert2024\/wp-content\/uploads\/2024\/04\/IMG_20240306_111852-768x576.jpg 768w, https:\/\/blocsenresidencia.bcn.cat\/doctorpuigvert2024\/wp-content\/uploads\/2024\/04\/IMG_20240306_111852-1536x1152.jpg 1536w, https:\/\/blocsenresidencia.bcn.cat\/doctorpuigvert2024\/wp-content\/uploads\/2024\/04\/IMG_20240306_111852-2048x1536.jpg 2048w\" sizes=\"auto, (max-width: 767px) 89vw, (max-width: 1000px) 54vw, (max-width: 1071px) 543px, 580px\" \/><\/figure>\n\n\n\n<figure class=\"wp-block-gallery has-nested-images columns-default is-cropped wp-block-gallery-1 is-layout-flex wp-block-gallery-is-layout-flex\">\n<figure class=\"wp-block-image size-large\"><img loading=\"lazy\" decoding=\"async\" width=\"1024\" height=\"768\" data-id=\"543\" src=\"https:\/\/blocsenresidencia.bcn.cat\/doctorpuigvert2024\/wp-content\/uploads\/2024\/04\/IMG_20240306_115439_1-1024x768.jpg\" alt=\"\" class=\"wp-image-543\" srcset=\"https:\/\/blocsenresidencia.bcn.cat\/doctorpuigvert2024\/wp-content\/uploads\/2024\/04\/IMG_20240306_115439_1-1024x768.jpg 1024w, https:\/\/blocsenresidencia.bcn.cat\/doctorpuigvert2024\/wp-content\/uploads\/2024\/04\/IMG_20240306_115439_1-300x225.jpg 300w, https:\/\/blocsenresidencia.bcn.cat\/doctorpuigvert2024\/wp-content\/uploads\/2024\/04\/IMG_20240306_115439_1-768x576.jpg 768w, https:\/\/blocsenresidencia.bcn.cat\/doctorpuigvert2024\/wp-content\/uploads\/2024\/04\/IMG_20240306_115439_1-1536x1152.jpg 1536w, https:\/\/blocsenresidencia.bcn.cat\/doctorpuigvert2024\/wp-content\/uploads\/2024\/04\/IMG_20240306_115439_1-2048x1536.jpg 2048w\" sizes=\"auto, (max-width: 767px) 89vw, (max-width: 1000px) 54vw, (max-width: 1071px) 543px, 580px\" \/><\/figure>\n\n\n\n<figure class=\"wp-block-image size-large\"><img loading=\"lazy\" decoding=\"async\" width=\"1024\" height=\"768\" data-id=\"542\" src=\"https:\/\/blocsenresidencia.bcn.cat\/doctorpuigvert2024\/wp-content\/uploads\/2024\/04\/IMG_20240306_115448-1024x768.jpg\" alt=\"\" class=\"wp-image-542\" srcset=\"https:\/\/blocsenresidencia.bcn.cat\/doctorpuigvert2024\/wp-content\/uploads\/2024\/04\/IMG_20240306_115448-1024x768.jpg 1024w, https:\/\/blocsenresidencia.bcn.cat\/doctorpuigvert2024\/wp-content\/uploads\/2024\/04\/IMG_20240306_115448-300x225.jpg 300w, https:\/\/blocsenresidencia.bcn.cat\/doctorpuigvert2024\/wp-content\/uploads\/2024\/04\/IMG_20240306_115448-768x576.jpg 768w, https:\/\/blocsenresidencia.bcn.cat\/doctorpuigvert2024\/wp-content\/uploads\/2024\/04\/IMG_20240306_115448-1536x1152.jpg 1536w, https:\/\/blocsenresidencia.bcn.cat\/doctorpuigvert2024\/wp-content\/uploads\/2024\/04\/IMG_20240306_115448-2048x1536.jpg 2048w\" sizes=\"auto, (max-width: 767px) 89vw, (max-width: 1000px) 54vw, (max-width: 1071px) 543px, 580px\" \/><\/figure>\n<\/figure>\n\n\n\n<p class=\"wp-block-paragraph\">La segona acci\u00f3 es realitza a la sala de dansa del centre educatiu, amb l&#8217;objectiu de deixar empremta dels gestos i relacions corporals de l&#8217;alumnat. Per fer-ho, es pensa en alguns moviments que possibilita l&#8217;espai, les posicions de les participants i es posen a disposici\u00f3 diversos elements (paper i guixos), generant espais de conversa des d&#8217;un altre lloc.<\/p>\n\n\n\n<figure class=\"wp-block-image size-large\"><img loading=\"lazy\" decoding=\"async\" width=\"1024\" height=\"768\" src=\"https:\/\/blocsenresidencia.bcn.cat\/doctorpuigvert2024\/wp-content\/uploads\/2024\/04\/1712674955973-1024x768.jpg\" alt=\"\" class=\"wp-image-548\" srcset=\"https:\/\/blocsenresidencia.bcn.cat\/doctorpuigvert2024\/wp-content\/uploads\/2024\/04\/1712674955973-1024x768.jpg 1024w, https:\/\/blocsenresidencia.bcn.cat\/doctorpuigvert2024\/wp-content\/uploads\/2024\/04\/1712674955973-300x225.jpg 300w, https:\/\/blocsenresidencia.bcn.cat\/doctorpuigvert2024\/wp-content\/uploads\/2024\/04\/1712674955973-768x576.jpg 768w, https:\/\/blocsenresidencia.bcn.cat\/doctorpuigvert2024\/wp-content\/uploads\/2024\/04\/1712674955973-1536x1152.jpg 1536w, https:\/\/blocsenresidencia.bcn.cat\/doctorpuigvert2024\/wp-content\/uploads\/2024\/04\/1712674955973-2048x1536.jpg 2048w\" sizes=\"auto, (max-width: 767px) 89vw, (max-width: 1000px) 54vw, (max-width: 1071px) 543px, 580px\" \/><\/figure>\n\n\n\n<figure class=\"wp-block-gallery has-nested-images columns-default is-cropped wp-block-gallery-2 is-layout-flex wp-block-gallery-is-layout-flex\">\n<figure class=\"wp-block-image size-large\"><img loading=\"lazy\" decoding=\"async\" width=\"1024\" height=\"768\" data-id=\"553\" src=\"https:\/\/blocsenresidencia.bcn.cat\/doctorpuigvert2024\/wp-content\/uploads\/2024\/04\/1712674956165-1-1024x768.jpg\" alt=\"\" class=\"wp-image-553\" srcset=\"https:\/\/blocsenresidencia.bcn.cat\/doctorpuigvert2024\/wp-content\/uploads\/2024\/04\/1712674956165-1-1024x768.jpg 1024w, https:\/\/blocsenresidencia.bcn.cat\/doctorpuigvert2024\/wp-content\/uploads\/2024\/04\/1712674956165-1-300x225.jpg 300w, https:\/\/blocsenresidencia.bcn.cat\/doctorpuigvert2024\/wp-content\/uploads\/2024\/04\/1712674956165-1-768x576.jpg 768w, https:\/\/blocsenresidencia.bcn.cat\/doctorpuigvert2024\/wp-content\/uploads\/2024\/04\/1712674956165-1-1536x1152.jpg 1536w, https:\/\/blocsenresidencia.bcn.cat\/doctorpuigvert2024\/wp-content\/uploads\/2024\/04\/1712674956165-1-2048x1536.jpg 2048w\" sizes=\"auto, (max-width: 767px) 89vw, (max-width: 1000px) 54vw, (max-width: 1071px) 543px, 580px\" \/><\/figure>\n\n\n\n<figure class=\"wp-block-image size-large\"><img loading=\"lazy\" decoding=\"async\" width=\"1024\" height=\"768\" data-id=\"554\" src=\"https:\/\/blocsenresidencia.bcn.cat\/doctorpuigvert2024\/wp-content\/uploads\/2024\/04\/1712674955808-1-1024x768.jpg\" alt=\"\" class=\"wp-image-554\" srcset=\"https:\/\/blocsenresidencia.bcn.cat\/doctorpuigvert2024\/wp-content\/uploads\/2024\/04\/1712674955808-1-1024x768.jpg 1024w, https:\/\/blocsenresidencia.bcn.cat\/doctorpuigvert2024\/wp-content\/uploads\/2024\/04\/1712674955808-1-300x225.jpg 300w, https:\/\/blocsenresidencia.bcn.cat\/doctorpuigvert2024\/wp-content\/uploads\/2024\/04\/1712674955808-1-768x576.jpg 768w, https:\/\/blocsenresidencia.bcn.cat\/doctorpuigvert2024\/wp-content\/uploads\/2024\/04\/1712674955808-1-1536x1152.jpg 1536w, https:\/\/blocsenresidencia.bcn.cat\/doctorpuigvert2024\/wp-content\/uploads\/2024\/04\/1712674955808-1-2048x1536.jpg 2048w\" sizes=\"auto, (max-width: 767px) 89vw, (max-width: 1000px) 54vw, (max-width: 1071px) 543px, 580px\" \/><\/figure>\n<\/figure>\n\n\n\n<figure class=\"wp-block-gallery has-nested-images columns-default is-cropped wp-block-gallery-3 is-layout-flex wp-block-gallery-is-layout-flex\">\n<figure class=\"wp-block-image size-large\"><img loading=\"lazy\" decoding=\"async\" width=\"1024\" height=\"768\" data-id=\"551\" src=\"https:\/\/blocsenresidencia.bcn.cat\/doctorpuigvert2024\/wp-content\/uploads\/2024\/04\/1712674956072-1024x768.jpg\" alt=\"\" class=\"wp-image-551\" srcset=\"https:\/\/blocsenresidencia.bcn.cat\/doctorpuigvert2024\/wp-content\/uploads\/2024\/04\/1712674956072-1024x768.jpg 1024w, https:\/\/blocsenresidencia.bcn.cat\/doctorpuigvert2024\/wp-content\/uploads\/2024\/04\/1712674956072-300x225.jpg 300w, https:\/\/blocsenresidencia.bcn.cat\/doctorpuigvert2024\/wp-content\/uploads\/2024\/04\/1712674956072-768x576.jpg 768w, https:\/\/blocsenresidencia.bcn.cat\/doctorpuigvert2024\/wp-content\/uploads\/2024\/04\/1712674956072-1536x1152.jpg 1536w, https:\/\/blocsenresidencia.bcn.cat\/doctorpuigvert2024\/wp-content\/uploads\/2024\/04\/1712674956072-2048x1536.jpg 2048w\" sizes=\"auto, (max-width: 767px) 89vw, (max-width: 1000px) 54vw, (max-width: 1071px) 543px, 580px\" \/><\/figure>\n\n\n\n<figure class=\"wp-block-image size-large\"><img loading=\"lazy\" decoding=\"async\" width=\"1024\" height=\"768\" data-id=\"552\" src=\"https:\/\/blocsenresidencia.bcn.cat\/doctorpuigvert2024\/wp-content\/uploads\/2024\/04\/1712674956049-1024x768.jpg\" alt=\"\" class=\"wp-image-552\" srcset=\"https:\/\/blocsenresidencia.bcn.cat\/doctorpuigvert2024\/wp-content\/uploads\/2024\/04\/1712674956049-1024x768.jpg 1024w, https:\/\/blocsenresidencia.bcn.cat\/doctorpuigvert2024\/wp-content\/uploads\/2024\/04\/1712674956049-300x225.jpg 300w, https:\/\/blocsenresidencia.bcn.cat\/doctorpuigvert2024\/wp-content\/uploads\/2024\/04\/1712674956049-768x576.jpg 768w, https:\/\/blocsenresidencia.bcn.cat\/doctorpuigvert2024\/wp-content\/uploads\/2024\/04\/1712674956049-1536x1152.jpg 1536w, https:\/\/blocsenresidencia.bcn.cat\/doctorpuigvert2024\/wp-content\/uploads\/2024\/04\/1712674956049-2048x1536.jpg 2048w\" sizes=\"auto, (max-width: 767px) 89vw, (max-width: 1000px) 54vw, (max-width: 1071px) 543px, 580px\" \/><\/figure>\n<\/figure>\n","protected":false},"excerpt":{"rendered":"<p>Durant el mes de mar\u00e7, s&#8217;han dut a terme sessions de treball entre dos espais (Institut Doctor Puigvert i Fabra i Coats) per explorar l&#8217;escolta de l&#8217;alumnat mitjan\u00e7ant diverses pr\u00e0ctiques art\u00edstiques (corporals, visuals i sonores). La primera acci\u00f3 es desplega en una de les sales d&#8217;assaig de la Fabra i Coats, posant al centre de &hellip; <\/p>\n<p class=\"link-more\"><a href=\"https:\/\/blocsenresidencia.bcn.cat\/doctorpuigvert2024\/accions-descolta-i\/\" class=\"more-link\">Continua llegint <span class=\"screen-reader-text\">\u00abAccions d&#8217;escolta I\u00bb<\/span><\/a><\/p>\n","protected":false},"author":8,"featured_media":0,"comment_status":"open","ping_status":"open","sticky":false,"template":"","format":"standard","meta":{"footnotes":""},"categories":[1],"tags":[],"class_list":["post-537","post","type-post","status-publish","format-standard","hentry","category-general"],"_links":{"self":[{"href":"https:\/\/blocsenresidencia.bcn.cat\/doctorpuigvert2024\/wp-json\/wp\/v2\/posts\/537","targetHints":{"allow":["GET"]}}],"collection":[{"href":"https:\/\/blocsenresidencia.bcn.cat\/doctorpuigvert2024\/wp-json\/wp\/v2\/posts"}],"about":[{"href":"https:\/\/blocsenresidencia.bcn.cat\/doctorpuigvert2024\/wp-json\/wp\/v2\/types\/post"}],"author":[{"embeddable":true,"href":"https:\/\/blocsenresidencia.bcn.cat\/doctorpuigvert2024\/wp-json\/wp\/v2\/users\/8"}],"replies":[{"embeddable":true,"href":"https:\/\/blocsenresidencia.bcn.cat\/doctorpuigvert2024\/wp-json\/wp\/v2\/comments?post=537"}],"version-history":[{"count":10,"href":"https:\/\/blocsenresidencia.bcn.cat\/doctorpuigvert2024\/wp-json\/wp\/v2\/posts\/537\/revisions"}],"predecessor-version":[{"id":558,"href":"https:\/\/blocsenresidencia.bcn.cat\/doctorpuigvert2024\/wp-json\/wp\/v2\/posts\/537\/revisions\/558"}],"wp:attachment":[{"href":"https:\/\/blocsenresidencia.bcn.cat\/doctorpuigvert2024\/wp-json\/wp\/v2\/media?parent=537"}],"wp:term":[{"taxonomy":"category","embeddable":true,"href":"https:\/\/blocsenresidencia.bcn.cat\/doctorpuigvert2024\/wp-json\/wp\/v2\/categories?post=537"},{"taxonomy":"post_tag","embeddable":true,"href":"https:\/\/blocsenresidencia.bcn.cat\/doctorpuigvert2024\/wp-json\/wp\/v2\/tags?post=537"}],"curies":[{"name":"wp","href":"https:\/\/api.w.org\/{rel}","templated":true}]}}