{"id":379,"date":"2025-01-08T20:55:02","date_gmt":"2025-01-08T18:55:02","guid":{"rendered":"\/doctorpuigvert2025\/?p=379"},"modified":"2025-01-08T20:59:33","modified_gmt":"2025-01-08T18:59:33","slug":"en-residencia-les-primeres-experiencies-al-projecte-denguany","status":"publish","type":"post","link":"\/doctorpuigvert2025\/en-residencia-les-primeres-experiencies-al-projecte-denguany\/","title":{"rendered":"En Resid\u00e8ncia: Les primeres experi\u00e8ncies al projecte d&#8217;enguany"},"content":{"rendered":"   A \u00abEn Resid\u00e8ncia\u00bb estem treballant amb l\u2019artista Marc Badia i comptem amb la mediaci\u00f3 de Mariana Iturralde, representant de EART (Experimentem amb l\u2019Art).<br \/><br \/>   Durant el primer trimestre, ens hem dedicat a con\u00e8ixer-nos millor i a participar en diverses din\u00e0miques per trencar el gel i comen\u00e7ar a imaginar el projecte que desenvoluparem conjuntament. <br \/><br \/>   En aquest proc\u00e9s, hem explorat l\u2019obra de l\u2019artista en resid\u00e8ncia i hem visitat la seva exposici\u00f3 actual a la galeria L21 d\u2019Hospitalet, a m\u00e9s d\u2019endinsar-nos en el treball d\u2019altres artistes de les galeries Sielo i Ana Mas.<br \/><br \/>   Els alumnes de 1r d\u2019ESO, a trav\u00e9s del contacte amb l\u2019art contemporani, han pogut reflexionar sobre la producci\u00f3 art\u00edstica actual i el funcionament del llenguatge propi de l\u2019art contemporani. <br \/><br \/>   Prenent com a refer\u00e8ncia les obres i idees descobertes, han iniciat el seu propi proc\u00e9s creatiu mitjan\u00e7ant una llibreta d\u2019apunts art\u00edstica, on experimenten amb diversos materials i exploren noves formes d\u2019expressi\u00f3.<br \/>","protected":false},"excerpt":{"rendered":"<p>A \u00abEn Resid\u00e8ncia\u00bb estem treballant amb l\u2019artista Marc Badia i comptem amb la mediaci\u00f3 de Mariana Iturralde, representant de EART (Experimentem amb l\u2019Art). Durant el primer trimestre, ens hem dedicat a con\u00e8ixer-nos millor i a participar en diverses din\u00e0miques per trencar el gel i comen\u00e7ar a imaginar el projecte que desenvoluparem conjuntament. En aquest proc\u00e9s, &hellip; <\/p>\n<p class=\"link-more\"><a href=\"\/doctorpuigvert2025\/en-residencia-les-primeres-experiencies-al-projecte-denguany\/\" class=\"more-link\">Continua llegint <span class=\"screen-reader-text\">\u00abEn Resid\u00e8ncia: Les primeres experi\u00e8ncies al projecte d&#8217;enguany\u00bb<\/span><\/a><\/p>\n","protected":false},"author":14,"featured_media":387,"comment_status":"open","ping_status":"open","sticky":false,"template":"","format":"standard","meta":{"footnotes":""},"categories":[1],"tags":[],"class_list":["post-379","post","type-post","status-publish","format-standard","has-post-thumbnail","hentry","category-general"],"_links":{"self":[{"href":"\/doctorpuigvert2025\/wp-json\/wp\/v2\/posts\/379","targetHints":{"allow":["GET"]}}],"collection":[{"href":"\/doctorpuigvert2025\/wp-json\/wp\/v2\/posts"}],"about":[{"href":"\/doctorpuigvert2025\/wp-json\/wp\/v2\/types\/post"}],"author":[{"embeddable":true,"href":"\/doctorpuigvert2025\/wp-json\/wp\/v2\/users\/14"}],"replies":[{"embeddable":true,"href":"\/doctorpuigvert2025\/wp-json\/wp\/v2\/comments?post=379"}],"version-history":[{"count":2,"href":"\/doctorpuigvert2025\/wp-json\/wp\/v2\/posts\/379\/revisions"}],"predecessor-version":[{"id":386,"href":"\/doctorpuigvert2025\/wp-json\/wp\/v2\/posts\/379\/revisions\/386"}],"wp:featuredmedia":[{"embeddable":true,"href":"\/doctorpuigvert2025\/wp-json\/wp\/v2\/media\/387"}],"wp:attachment":[{"href":"\/doctorpuigvert2025\/wp-json\/wp\/v2\/media?parent=379"}],"wp:term":[{"taxonomy":"category","embeddable":true,"href":"\/doctorpuigvert2025\/wp-json\/wp\/v2\/categories?post=379"},{"taxonomy":"post_tag","embeddable":true,"href":"\/doctorpuigvert2025\/wp-json\/wp\/v2\/tags?post=379"}],"curies":[{"name":"wp","href":"https:\/\/api.w.org\/{rel}","templated":true}]}}