{"id":388,"date":"2025-01-31T17:11:03","date_gmt":"2025-01-31T15:11:03","guid":{"rendered":"\/doctorpuigvert2025\/?p=388"},"modified":"2025-01-31T17:11:03","modified_gmt":"2025-01-31T15:11:03","slug":"quines-son-les-aportacions-de-les-residencies-als-instituts","status":"publish","type":"post","link":"\/doctorpuigvert2025\/quines-son-les-aportacions-de-les-residencies-als-instituts\/","title":{"rendered":"Quines s\u00f3n les aportacions de les resid\u00e8ncies als instituts?"},"content":{"rendered":"\n<p class=\"wp-block-paragraph\">L\u2019entrada del Programa Creadors en Resid\u00e8ncia als instituts obre portes a educar en la riquesa de diverses situacions.:<br><br>La possibilitat de parlar de l\u2019art i la cultura en di\u00e0leg directe amb els seus creadors. All\u00f2 \u00e9s quelcom important perqu\u00e8 apropa l\u2019experi\u00e8ncia de l\u2019art a l\u2019aula i la cultura, com a pr\u00e0ctica real, als imaginaris del joves. El programa genera ponts entre les persones i la cultura, promovent no nom\u00e9s la inclusi\u00f3; sino la possibilitat de viure les arts i la cultura en primera persona i en l\u2019equitat cultural. <\/p>\n\n\n\n<p class=\"wp-block-paragraph\"><br>La possibilitat d\u2019irradiar pr\u00e0ctiques creatives dels joves dels Instituts, amb els creadors\/creadores del nostre temps. Les pr\u00e0ctiques, fruit de la conversa creativa, \u00e9s una llavor que germina al cors dels joves per a obrir futurs camins cap a la creativitat humana, l\u2019esperan\u00e7a, la pau i la just\u00edcia social. <\/p>\n\n\n\n<p class=\"wp-block-paragraph\"><br>La possibilitat d\u2019agrupar les experi\u00e8ncies de les arts als centres, escoles i instituts de Barcelona; aix\u00ed, doncs, construir pensament, comunitat i pr\u00e0ctiques entre artistes, educadors i mediadors culturals. I, per a construir les pr\u00e0ctiques, resulten imprescindibles: les aportacions, el consens i la mirada centrada en els aprenentatges culturals dels joves. <\/p>\n\n\n\n<p class=\"wp-block-paragraph\">Em vaig emocionar, a l\u2019inici d\u2019aquest cicle de \u201cCreadors en Resid\u00e8ncia\u201d (2024-2025), escoltant les experi\u00e8ncies de joves (d&#8217;incl\u00fas m\u00e9s d\u2019una d\u00e8cada) que relaten com el projecte els hi va marcar; fins i tot, va arribar a despertar talents.  <br><br>Prof. Maria Paczkowski<br><\/p>\n","protected":false},"excerpt":{"rendered":"<p>L\u2019entrada del Programa Creadors en Resid\u00e8ncia als instituts obre portes a educar en la riquesa de diverses situacions.: La possibilitat de parlar de l\u2019art i la cultura en di\u00e0leg directe amb els seus creadors. All\u00f2 \u00e9s quelcom important perqu\u00e8 apropa l\u2019experi\u00e8ncia de l\u2019art a l\u2019aula i la cultura, com a pr\u00e0ctica real, als imaginaris del &hellip; <\/p>\n<p class=\"link-more\"><a href=\"\/doctorpuigvert2025\/quines-son-les-aportacions-de-les-residencies-als-instituts\/\" class=\"more-link\">Continua llegint <span class=\"screen-reader-text\">\u00abQuines s\u00f3n les aportacions de les resid\u00e8ncies als instituts?\u00bb<\/span><\/a><\/p>\n","protected":false},"author":14,"featured_media":383,"comment_status":"open","ping_status":"open","sticky":false,"template":"","format":"standard","meta":{"footnotes":""},"categories":[1],"tags":[],"class_list":["post-388","post","type-post","status-publish","format-standard","has-post-thumbnail","hentry","category-general"],"_links":{"self":[{"href":"\/doctorpuigvert2025\/wp-json\/wp\/v2\/posts\/388","targetHints":{"allow":["GET"]}}],"collection":[{"href":"\/doctorpuigvert2025\/wp-json\/wp\/v2\/posts"}],"about":[{"href":"\/doctorpuigvert2025\/wp-json\/wp\/v2\/types\/post"}],"author":[{"embeddable":true,"href":"\/doctorpuigvert2025\/wp-json\/wp\/v2\/users\/14"}],"replies":[{"embeddable":true,"href":"\/doctorpuigvert2025\/wp-json\/wp\/v2\/comments?post=388"}],"version-history":[{"count":3,"href":"\/doctorpuigvert2025\/wp-json\/wp\/v2\/posts\/388\/revisions"}],"predecessor-version":[{"id":393,"href":"\/doctorpuigvert2025\/wp-json\/wp\/v2\/posts\/388\/revisions\/393"}],"wp:featuredmedia":[{"embeddable":true,"href":"\/doctorpuigvert2025\/wp-json\/wp\/v2\/media\/383"}],"wp:attachment":[{"href":"\/doctorpuigvert2025\/wp-json\/wp\/v2\/media?parent=388"}],"wp:term":[{"taxonomy":"category","embeddable":true,"href":"\/doctorpuigvert2025\/wp-json\/wp\/v2\/categories?post=388"},{"taxonomy":"post_tag","embeddable":true,"href":"\/doctorpuigvert2025\/wp-json\/wp\/v2\/tags?post=388"}],"curies":[{"name":"wp","href":"https:\/\/api.w.org\/{rel}","templated":true}]}}