{"id":395,"date":"2025-01-31T19:57:00","date_gmt":"2025-01-31T17:57:00","guid":{"rendered":"\/doctorpuigvert2025\/?p=395"},"modified":"2025-01-31T19:57:00","modified_gmt":"2025-01-31T17:57:00","slug":"creadors-en-residencia-la-formacio-dels-formadors","status":"publish","type":"post","link":"\/doctorpuigvert2025\/creadors-en-residencia-la-formacio-dels-formadors\/","title":{"rendered":"Creadors en Resid\u00e8ncia: la formaci\u00f3 dels formadors."},"content":{"rendered":"\n<p class=\"wp-block-paragraph\">Enguany el programa \u201cEn resid\u00e8ncia\u201d va dedicar dues q\u00fcestions rellevants en la formaci\u00f3 del professorat\/mediadors.<br><br>Per una banda, formaci\u00f3 i posada en marxa de \u201cCreadors en resid\u00e8ncia (2024-2025) en en el context de MANIFESTA (2024), a la Biennal d\u2019art n\u00f2mada europea. On es van poder seguir les diferents experi\u00e8ncies realitzades al llarg dels \u00faltims anys de les resid\u00e8ncies. Va ser quelcom interessant, perqu\u00e8 vam ser-hi pensant en les arts, immensos a la biennal de les arts contempor\u00e0nies. <br><br>Per una altra banda, dues sessions amb la coordinaci\u00f3 de la prof. Aida S\u00e1nchez de Serdio (UOC), qui ens va parlar de l\u2019educaci\u00f3 de les arts contempor\u00e0nies amb mirada cr\u00edtica, comprom\u00eds amb la cultura i en la praxis dels joves. Aix\u00ed tamb\u00e9 ens va posar en context, diferents projectes del m\u00f3n que tenen el comprom\u00eds amb l\u2019educaci\u00f3 art\u00edstica dels joves.     <br><br>Finalment, la formaci\u00f3 va resultar un moment de d\u2019aprenentatge, de compartir parers i de gaudir entre el professorat dels diferents centres educatius que hi participem. <br><br>Amb el comprom\u00eds d\u2019implementar sabers dintre de l\u2019aula i d\u2019expandir-ho als projectes que tenim amb l\u2019alumnat de cada centre. <br><br>Prof. Maria Paczkowski<br><\/p>\n\n\n\n<p class=\"wp-block-paragraph\"><\/p>\n\n\n\n<p class=\"wp-block-paragraph\"><\/p>\n\n\n\n<figure class=\"wp-block-gallery has-nested-images columns-default is-cropped wp-block-gallery-1 is-layout-flex wp-block-gallery-is-layout-flex\">\n<figure class=\"wp-block-image size-large\"><img loading=\"lazy\" decoding=\"async\" width=\"768\" height=\"1024\" data-id=\"416\" src=\"\/doctorpuigvert2025\/wp-content\/uploads\/2025\/01\/IMG_3591-3-768x1024.jpeg\" alt=\"\" class=\"wp-image-416\" srcset=\"\/doctorpuigvert2025\/wp-content\/uploads\/2025\/01\/IMG_3591-3-768x1024.jpeg 768w, \/doctorpuigvert2025\/wp-content\/uploads\/2025\/01\/IMG_3591-3-225x300.jpeg 225w, \/doctorpuigvert2025\/wp-content\/uploads\/2025\/01\/IMG_3591-3-1152x1536.jpeg 1152w, \/doctorpuigvert2025\/wp-content\/uploads\/2025\/01\/IMG_3591-3-1536x2048.jpeg 1536w, \/doctorpuigvert2025\/wp-content\/uploads\/2025\/01\/IMG_3591-3-scaled.jpeg 1920w\" sizes=\"auto, (max-width: 767px) 89vw, (max-width: 1000px) 54vw, (max-width: 1071px) 543px, 580px\" \/><\/figure>\n\n\n\n<figure class=\"wp-block-image size-large\"><img loading=\"lazy\" decoding=\"async\" width=\"768\" height=\"1024\" data-id=\"415\" src=\"\/doctorpuigvert2025\/wp-content\/uploads\/2025\/01\/IMG_3541-768x1024.jpeg\" alt=\"\" class=\"wp-image-415\" srcset=\"\/doctorpuigvert2025\/wp-content\/uploads\/2025\/01\/IMG_3541-768x1024.jpeg 768w, \/doctorpuigvert2025\/wp-content\/uploads\/2025\/01\/IMG_3541-225x300.jpeg 225w, \/doctorpuigvert2025\/wp-content\/uploads\/2025\/01\/IMG_3541-1152x1536.jpeg 1152w, \/doctorpuigvert2025\/wp-content\/uploads\/2025\/01\/IMG_3541-1536x2048.jpeg 1536w, \/doctorpuigvert2025\/wp-content\/uploads\/2025\/01\/IMG_3541-scaled.jpeg 1920w\" sizes=\"auto, (max-width: 767px) 89vw, (max-width: 1000px) 54vw, (max-width: 1071px) 543px, 580px\" \/><\/figure>\n\n\n\n<figure class=\"wp-block-image size-large\"><img loading=\"lazy\" decoding=\"async\" width=\"768\" height=\"1024\" data-id=\"417\" src=\"\/doctorpuigvert2025\/wp-content\/uploads\/2025\/01\/IMG_3592-2-768x1024.jpeg\" alt=\"\" class=\"wp-image-417\" srcset=\"\/doctorpuigvert2025\/wp-content\/uploads\/2025\/01\/IMG_3592-2-768x1024.jpeg 768w, \/doctorpuigvert2025\/wp-content\/uploads\/2025\/01\/IMG_3592-2-225x300.jpeg 225w, \/doctorpuigvert2025\/wp-content\/uploads\/2025\/01\/IMG_3592-2-1152x1536.jpeg 1152w, \/doctorpuigvert2025\/wp-content\/uploads\/2025\/01\/IMG_3592-2-1536x2048.jpeg 1536w, \/doctorpuigvert2025\/wp-content\/uploads\/2025\/01\/IMG_3592-2-scaled.jpeg 1920w\" sizes=\"auto, (max-width: 767px) 89vw, (max-width: 1000px) 54vw, (max-width: 1071px) 543px, 580px\" \/><\/figure>\n<\/figure>\n\n\n\n<p class=\"wp-block-paragraph\">Manifesta (2024). Biennal N\u00f2mada d&#8217;Art europeu. <\/p>\n\n\n\n<figure class=\"wp-block-image size-large\"><img loading=\"lazy\" decoding=\"async\" width=\"768\" height=\"1024\" src=\"\/doctorpuigvert2025\/wp-content\/uploads\/2025\/01\/IMG_3535-768x1024.jpeg\" alt=\"\" class=\"wp-image-419\" srcset=\"\/doctorpuigvert2025\/wp-content\/uploads\/2025\/01\/IMG_3535-768x1024.jpeg 768w, \/doctorpuigvert2025\/wp-content\/uploads\/2025\/01\/IMG_3535-225x300.jpeg 225w, \/doctorpuigvert2025\/wp-content\/uploads\/2025\/01\/IMG_3535-1152x1536.jpeg 1152w, \/doctorpuigvert2025\/wp-content\/uploads\/2025\/01\/IMG_3535-1536x2048.jpeg 1536w, \/doctorpuigvert2025\/wp-content\/uploads\/2025\/01\/IMG_3535-scaled.jpeg 1920w\" sizes=\"auto, (max-width: 767px) 89vw, (max-width: 1000px) 54vw, (max-width: 1071px) 543px, 580px\" \/><\/figure>\n\n\n\n<figure class=\"wp-block-image size-large\"><img loading=\"lazy\" decoding=\"async\" width=\"768\" height=\"1024\" src=\"\/doctorpuigvert2025\/wp-content\/uploads\/2025\/01\/IMG_3665-768x1024.jpeg\" alt=\"\" class=\"wp-image-408\" srcset=\"\/doctorpuigvert2025\/wp-content\/uploads\/2025\/01\/IMG_3665-768x1024.jpeg 768w, \/doctorpuigvert2025\/wp-content\/uploads\/2025\/01\/IMG_3665-225x300.jpeg 225w, \/doctorpuigvert2025\/wp-content\/uploads\/2025\/01\/IMG_3665-1152x1536.jpeg 1152w, \/doctorpuigvert2025\/wp-content\/uploads\/2025\/01\/IMG_3665-1536x2048.jpeg 1536w, \/doctorpuigvert2025\/wp-content\/uploads\/2025\/01\/IMG_3665-scaled.jpeg 1920w\" sizes=\"auto, (max-width: 767px) 89vw, (max-width: 1000px) 54vw, (max-width: 1071px) 543px, 580px\" \/><\/figure>\n","protected":false},"excerpt":{"rendered":"<p>Enguany el programa \u201cEn resid\u00e8ncia\u201d va dedicar dues q\u00fcestions rellevants en la formaci\u00f3 del professorat\/mediadors. Per una banda, formaci\u00f3 i posada en marxa de \u201cCreadors en resid\u00e8ncia (2024-2025) en en el context de MANIFESTA (2024), a la Biennal d\u2019art n\u00f2mada europea. On es van poder seguir les diferents experi\u00e8ncies realitzades al llarg dels \u00faltims anys &hellip; <\/p>\n<p class=\"link-more\"><a href=\"\/doctorpuigvert2025\/creadors-en-residencia-la-formacio-dels-formadors\/\" class=\"more-link\">Continua llegint <span class=\"screen-reader-text\">\u00abCreadors en Resid\u00e8ncia: la formaci\u00f3 dels formadors.\u00bb<\/span><\/a><\/p>\n","protected":false},"author":14,"featured_media":0,"comment_status":"open","ping_status":"open","sticky":false,"template":"","format":"standard","meta":{"footnotes":""},"categories":[1],"tags":[],"class_list":["post-395","post","type-post","status-publish","format-standard","hentry","category-general"],"_links":{"self":[{"href":"\/doctorpuigvert2025\/wp-json\/wp\/v2\/posts\/395","targetHints":{"allow":["GET"]}}],"collection":[{"href":"\/doctorpuigvert2025\/wp-json\/wp\/v2\/posts"}],"about":[{"href":"\/doctorpuigvert2025\/wp-json\/wp\/v2\/types\/post"}],"author":[{"embeddable":true,"href":"\/doctorpuigvert2025\/wp-json\/wp\/v2\/users\/14"}],"replies":[{"embeddable":true,"href":"\/doctorpuigvert2025\/wp-json\/wp\/v2\/comments?post=395"}],"version-history":[{"count":4,"href":"\/doctorpuigvert2025\/wp-json\/wp\/v2\/posts\/395\/revisions"}],"predecessor-version":[{"id":421,"href":"\/doctorpuigvert2025\/wp-json\/wp\/v2\/posts\/395\/revisions\/421"}],"wp:attachment":[{"href":"\/doctorpuigvert2025\/wp-json\/wp\/v2\/media?parent=395"}],"wp:term":[{"taxonomy":"category","embeddable":true,"href":"\/doctorpuigvert2025\/wp-json\/wp\/v2\/categories?post=395"},{"taxonomy":"post_tag","embeddable":true,"href":"\/doctorpuigvert2025\/wp-json\/wp\/v2\/tags?post=395"}],"curies":[{"name":"wp","href":"https:\/\/api.w.org\/{rel}","templated":true}]}}