{"id":423,"date":"2025-02-13T11:56:08","date_gmt":"2025-02-13T09:56:08","guid":{"rendered":"\/doctorpuigvert2025\/?p=423"},"modified":"2025-02-13T11:56:08","modified_gmt":"2025-02-13T09:56:08","slug":"els-alumnes-del-cer-preparen-lexposicio-davant-del-claustre","status":"publish","type":"post","link":"\/doctorpuigvert2025\/els-alumnes-del-cer-preparen-lexposicio-davant-del-claustre\/","title":{"rendered":"Els alumnes del CER preparen l&#8217;exposici\u00f3 davant del Claustre"},"content":{"rendered":"\n<p class=\"wp-block-paragraph\">Aquest mes de febrer, amb els alumnes de CER de l&#8217;Institut Doctor Puigvert, estem immersos en la preparaci\u00f3 de la presentaci\u00f3 del projecte davant del claustre del centre.<\/p>\n\n\n\n<p class=\"wp-block-paragraph\">Per preparar aquesta presentaci\u00f3, hem visitat l\u2019espai on tindr\u00e0 lloc, hem fet un rep\u00e0s de tot el que hem viscut i, a partir d\u2019aix\u00f2, hem comen\u00e7at a treballar en grups. Actualment, cada grup s\u2019encarrega d\u2019explicar una part del projecte de manera visual i sint\u00e8tica mitjan\u00e7ant un Canva, que est\u00e0 en proc\u00e9s d&#8217;elaboraci\u00f3. A m\u00e9s, tenen la intenci\u00f3 d\u2019incorporar-hi objectes, escultures i dibuixos que han format part d\u2019aquest proc\u00e9s creatiu.<\/p>\n\n\n\n<p class=\"wp-block-paragraph\">Tot i els nervis, els alumnes estan il\u00b7lusionats de poder compartir i explicar al claustre la seva experi\u00e8ncia al llarg de les sessions, de la m\u00e0 del pintor Marc Badia i amb l\u2019acompanyament de la mediadora Mariana Iturralde.<\/p>\n\n\n\n<p class=\"wp-block-paragraph\">Esperem que la presentaci\u00f3 del dia 26 d\u2019aquest mes sigui tot un \u00e8xit, i per aix\u00f2 l\u2019estem preparant amb entusiasme i dedicaci\u00f3.<\/p>\n\n\n\n<p class=\"wp-block-paragraph\"><\/p>\n","protected":false},"excerpt":{"rendered":"<p>Aquest mes de febrer, amb els alumnes de CER de l&#8217;Institut Doctor Puigvert, estem immersos en la preparaci\u00f3 de la presentaci\u00f3 del projecte davant del claustre del centre. Per preparar aquesta presentaci\u00f3, hem visitat l\u2019espai on tindr\u00e0 lloc, hem fet un rep\u00e0s de tot el que hem viscut i, a partir d\u2019aix\u00f2, hem comen\u00e7at a &hellip; <\/p>\n<p class=\"link-more\"><a href=\"\/doctorpuigvert2025\/els-alumnes-del-cer-preparen-lexposicio-davant-del-claustre\/\" class=\"more-link\">Continua llegint <span class=\"screen-reader-text\">\u00abEls alumnes del CER preparen l&#8217;exposici\u00f3 davant del Claustre\u00bb<\/span><\/a><\/p>\n","protected":false},"author":15,"featured_media":0,"comment_status":"open","ping_status":"open","sticky":false,"template":"","format":"standard","meta":{"footnotes":""},"categories":[1],"tags":[],"class_list":["post-423","post","type-post","status-publish","format-standard","hentry","category-general"],"_links":{"self":[{"href":"\/doctorpuigvert2025\/wp-json\/wp\/v2\/posts\/423","targetHints":{"allow":["GET"]}}],"collection":[{"href":"\/doctorpuigvert2025\/wp-json\/wp\/v2\/posts"}],"about":[{"href":"\/doctorpuigvert2025\/wp-json\/wp\/v2\/types\/post"}],"author":[{"embeddable":true,"href":"\/doctorpuigvert2025\/wp-json\/wp\/v2\/users\/15"}],"replies":[{"embeddable":true,"href":"\/doctorpuigvert2025\/wp-json\/wp\/v2\/comments?post=423"}],"version-history":[{"count":1,"href":"\/doctorpuigvert2025\/wp-json\/wp\/v2\/posts\/423\/revisions"}],"predecessor-version":[{"id":424,"href":"\/doctorpuigvert2025\/wp-json\/wp\/v2\/posts\/423\/revisions\/424"}],"wp:attachment":[{"href":"\/doctorpuigvert2025\/wp-json\/wp\/v2\/media?parent=423"}],"wp:term":[{"taxonomy":"category","embeddable":true,"href":"\/doctorpuigvert2025\/wp-json\/wp\/v2\/categories?post=423"},{"taxonomy":"post_tag","embeddable":true,"href":"\/doctorpuigvert2025\/wp-json\/wp\/v2\/tags?post=423"}],"curies":[{"name":"wp","href":"https:\/\/api.w.org\/{rel}","templated":true}]}}