{"id":425,"date":"2025-05-28T12:13:08","date_gmt":"2025-05-28T10:13:08","guid":{"rendered":"\/doctorpuigvert2025\/?p=425"},"modified":"2025-05-28T12:13:08","modified_gmt":"2025-05-28T10:13:08","slug":"presentacio-del-projecte","status":"publish","type":"post","link":"\/doctorpuigvert2025\/presentacio-del-projecte\/","title":{"rendered":"PRESENTACI\u00d3 DEL PROJECTE"},"content":{"rendered":"\n<p class=\"has-text-align-left wp-block-paragraph\">El passat dijous 15 de maig, els alumnes del programa En Resid\u00e8ncia de l\u2019Institut Doctor Puigvert van presentar les peces finals del seu projecte. L\u2019acte va tenir lloc a l\u2019antiga Fabra i Coats, dins del festival F\u2019ART, conjuntament amb altres centres escolars.<\/p>\n\n\n\n<p class=\"has-text-align-left wp-block-paragraph\"><br>Despr\u00e9s d\u2019un any treballant amb l\u2019artista pl\u00e0stic Marc Badia, els alumnes van presentar una s\u00e8rie de peces en forma d\u2019escultures, elaborades amb diferents materials i formes. Totes elles parteixen de dibuixos fets pels mateixos alumnes, aplicant conceptes treballats durant les classes, com ara all\u00f2 quotidi\u00e0 i les mutacions. En alguns casos, han triat objectes del seu dia a dia i els han modificat, escollint sovint elements amb un valor sentimental pel seu vincle amb la inf\u00e0ncia. En altres casos, han optat per objectes que els connecten amb el seu present i amb all\u00f2 que els fa vibrar: un m\u00f2bil que els permet comunicar-se amb familiars, el futbol com a element d\u2019uni\u00f3 amb els amics, un \u00e9sser estrany (un \u00e0lien) que, tot i ser-ho, \u00e9s acceptat i estimat, etc.<\/p>\n\n\n\n<p class=\"has-text-align-left wp-block-paragraph\"><br>Entre els resultats d\u2019aquesta presentaci\u00f3, tamb\u00e9 hi va haver dues performances, concepte que tamb\u00e9 s\u2019ha treballat durant el projecte. D\u2019una banda, els alumnes que van treballar el tema del futbol van recrear un futbol\u00ed gegant amb l\u2019ajuda dels seus companys de projecte, donant com a resultat un v\u00eddeo. D\u2019altra banda, el dia de la presentaci\u00f3 es va dur a terme la segona performance, en forma de manifestaci\u00f3, amb la participaci\u00f3 de professors, familiars i tots aquells assistents que s\u2019hi van voler unir.<br><br>El dia de la presentaci\u00f3 l\u2019alumnat es va situar al costat de les seves peces i va estar explicant a tot aquell que s\u2019hi acostava qu\u00e8 els havia portat a dissenyar i coproduir les peces d\u2019aquella manera, amb orgull i molta vergonya alhora. Actualment, al llarg de les \u00faltimes sessions, els alumnes reflexionen sobre el que han apr\u00e8s i treballat, fent aix\u00ed el tancament del projecte d\u2019aquest curs 2024-25.<br><br>Aquest projecte ha estat possible gr\u00e0cies a la cooperaci\u00f3 de diferents institucions que impulsen el programa EN RESID\u00caNCIA i en el dia dia gr\u00e0cies a: Marc Badia, Mariana Iturralde, Maria Packowski i Alexandra Galiana.<br><\/p>\n","protected":false},"excerpt":{"rendered":"<p>El passat dijous 15 de maig, els alumnes del programa En Resid\u00e8ncia de l\u2019Institut Doctor Puigvert van presentar les peces finals del seu projecte. L\u2019acte va tenir lloc a l\u2019antiga Fabra i Coats, dins del festival F\u2019ART, conjuntament amb altres centres escolars. Despr\u00e9s d\u2019un any treballant amb l\u2019artista pl\u00e0stic Marc Badia, els alumnes van presentar &hellip; <\/p>\n<p class=\"link-more\"><a href=\"\/doctorpuigvert2025\/presentacio-del-projecte\/\" class=\"more-link\">Continua llegint <span class=\"screen-reader-text\">\u00abPRESENTACI\u00d3 DEL PROJECTE\u00bb<\/span><\/a><\/p>\n","protected":false},"author":15,"featured_media":428,"comment_status":"open","ping_status":"open","sticky":false,"template":"","format":"standard","meta":{"footnotes":""},"categories":[1],"tags":[],"class_list":["post-425","post","type-post","status-publish","format-standard","has-post-thumbnail","hentry","category-general"],"_links":{"self":[{"href":"\/doctorpuigvert2025\/wp-json\/wp\/v2\/posts\/425","targetHints":{"allow":["GET"]}}],"collection":[{"href":"\/doctorpuigvert2025\/wp-json\/wp\/v2\/posts"}],"about":[{"href":"\/doctorpuigvert2025\/wp-json\/wp\/v2\/types\/post"}],"author":[{"embeddable":true,"href":"\/doctorpuigvert2025\/wp-json\/wp\/v2\/users\/15"}],"replies":[{"embeddable":true,"href":"\/doctorpuigvert2025\/wp-json\/wp\/v2\/comments?post=425"}],"version-history":[{"count":2,"href":"\/doctorpuigvert2025\/wp-json\/wp\/v2\/posts\/425\/revisions"}],"predecessor-version":[{"id":429,"href":"\/doctorpuigvert2025\/wp-json\/wp\/v2\/posts\/425\/revisions\/429"}],"wp:featuredmedia":[{"embeddable":true,"href":"\/doctorpuigvert2025\/wp-json\/wp\/v2\/media\/428"}],"wp:attachment":[{"href":"\/doctorpuigvert2025\/wp-json\/wp\/v2\/media?parent=425"}],"wp:term":[{"taxonomy":"category","embeddable":true,"href":"\/doctorpuigvert2025\/wp-json\/wp\/v2\/categories?post=425"},{"taxonomy":"post_tag","embeddable":true,"href":"\/doctorpuigvert2025\/wp-json\/wp\/v2\/tags?post=425"}],"curies":[{"name":"wp","href":"https:\/\/api.w.org\/{rel}","templated":true}]}}