{"id":107,"date":"2026-03-04T12:05:15","date_gmt":"2026-03-04T10:05:15","guid":{"rendered":"\/doctorpuigvert2026\/?p=107"},"modified":"2026-03-04T12:10:27","modified_gmt":"2026-03-04T10:10:27","slug":"sessio-dobertura-de-creadors-al-puigvert-amb-la-participacio-activa-de-tot-el-claustre-de-professorat","status":"publish","type":"post","link":"\/doctorpuigvert2026\/sessio-dobertura-de-creadors-al-puigvert-amb-la-participacio-activa-de-tot-el-claustre-de-professorat\/","title":{"rendered":"Sessi\u00f3 d&#8217;Obertura de CREADORS al Puigvert, amb la participaci\u00f3 activa de tot el claustre de professorat"},"content":{"rendered":"\n<p class=\"wp-block-paragraph\"><br>La primera sessi\u00f3 d\u2019Obertura del projecte <strong><em>Creadors en Resid\u00e8ncia 2025-2026<\/em><\/strong>, impulsat per l\u2019Institut de Cultura de Barcelona (ICUB) i el Consorci d&#8217;Educaci\u00f3 de Barcelona, ha estat un punt de partida ple d\u2019energia i sentit compartit.<br><br>Enguany ens acompanya l\u2019artista de circ <strong><em>Vivian Friedrich<\/em><\/strong>, que va convertir la <strong>SESSI\u00d3 D&#8217;OBERTURA<\/strong> d&#8217;enguany en una experi\u00e8ncia art\u00edstica viva i participativa. A trav\u00e9s de din\u00e0miques corporals, jocs d\u2019escolta i propostes de moviment, es va generar un espai de confian\u00e7a on l&#8217;alumnat que participa en CREADORS EN RESID\u00c8NCIA i el claustre de professors van treballar plegats, el professorat no nom\u00e9s observava, sin\u00f3 que formava part activa del proc\u00e9s creatiu.<br><br>Un dels grans \u00e8xits de la sessi\u00f3 ha estat, precisament, la implicaci\u00f3 de tot l\u2019equip docent. Totes i tots es van deixar travessar per la proposta art\u00edstica, participant amb curiositat i disponibilitat. Aquest gest \u2014posar el cos, assumir el risc, compartir el proc\u00e9s\u2014 va crear un ambient cultural i art\u00edstic de gaudi col\u00b7lectiu, refor\u00e7ant la cohesi\u00f3 i el sentit de comunitat.<br><br>Com deia el pedagog i director teatral Jacques Lecoq:<em> \u00abEl cos sap coses que la ment encara no ent\u00e9n\u201d <\/em>.Aquesta idea va planar durant tota la sessi\u00f3: el cos com a lloc de descoberta, d\u2019aprenentatge i de creaci\u00f3 compartida.<br><br>L\u2019Obertura ha posat en relleu una convicci\u00f3 fonamental: el dret a gaudir i viure la cultura dins l\u2019espai educatiu. No nom\u00e9s com a contingut curricular, sin\u00f3 com a experi\u00e8ncia vivencial i vital, com a pr\u00e0ctica que transforma les relacions i obre espais de llibertat, expressi\u00f3 i pensament cr\u00edtic. Quan l\u2019art entra a l\u2019escola, no ho fa per decorar-la, sin\u00f3 per activar-la.<br><br>Representa una resid\u00e8ncia amb una base s\u00f2lida: una artista que ent\u00e9n la creaci\u00f3 com a proc\u00e9s compartit, un professorat implicat i una comunitat educativa disposada a fer de la cultura un dret viscut, un espai de trobada i una experi\u00e8ncia de creixement col\u00b7lectiu.<br><\/p>\n","protected":false},"excerpt":{"rendered":"<p>La primera sessi\u00f3 d\u2019Obertura del projecte Creadors en Resid\u00e8ncia 2025-2026, impulsat per l\u2019Institut de Cultura de Barcelona (ICUB) i el Consorci d&#8217;Educaci\u00f3 de Barcelona, ha estat un punt de partida ple d\u2019energia i sentit compartit. Enguany ens acompanya l\u2019artista de circ Vivian Friedrich, que va convertir la SESSI\u00d3 D&#8217;OBERTURA d&#8217;enguany en una experi\u00e8ncia art\u00edstica viva &hellip; <\/p>\n<p class=\"link-more\"><a href=\"\/doctorpuigvert2026\/sessio-dobertura-de-creadors-al-puigvert-amb-la-participacio-activa-de-tot-el-claustre-de-professorat\/\" class=\"more-link\">Continua llegint <span class=\"screen-reader-text\">\u00abSessi\u00f3 d&#8217;Obertura de CREADORS al Puigvert, amb la participaci\u00f3 activa de tot el claustre de professorat\u00bb<\/span><\/a><\/p>\n","protected":false},"author":4,"featured_media":110,"comment_status":"closed","ping_status":"","sticky":false,"template":"","format":"standard","meta":{"footnotes":""},"categories":[1],"tags":[],"class_list":["post-107","post","type-post","status-publish","format-standard","has-post-thumbnail","hentry","category-general"],"_links":{"self":[{"href":"\/doctorpuigvert2026\/wp-json\/wp\/v2\/posts\/107","targetHints":{"allow":["GET"]}}],"collection":[{"href":"\/doctorpuigvert2026\/wp-json\/wp\/v2\/posts"}],"about":[{"href":"\/doctorpuigvert2026\/wp-json\/wp\/v2\/types\/post"}],"author":[{"embeddable":true,"href":"\/doctorpuigvert2026\/wp-json\/wp\/v2\/users\/4"}],"replies":[{"embeddable":true,"href":"\/doctorpuigvert2026\/wp-json\/wp\/v2\/comments?post=107"}],"version-history":[{"count":5,"href":"\/doctorpuigvert2026\/wp-json\/wp\/v2\/posts\/107\/revisions"}],"predecessor-version":[{"id":114,"href":"\/doctorpuigvert2026\/wp-json\/wp\/v2\/posts\/107\/revisions\/114"}],"wp:featuredmedia":[{"embeddable":true,"href":"\/doctorpuigvert2026\/wp-json\/wp\/v2\/media\/110"}],"wp:attachment":[{"href":"\/doctorpuigvert2026\/wp-json\/wp\/v2\/media?parent=107"}],"wp:term":[{"taxonomy":"category","embeddable":true,"href":"\/doctorpuigvert2026\/wp-json\/wp\/v2\/categories?post=107"},{"taxonomy":"post_tag","embeddable":true,"href":"\/doctorpuigvert2026\/wp-json\/wp\/v2\/tags?post=107"}],"curies":[{"name":"wp","href":"https:\/\/api.w.org\/{rel}","templated":true}]}}