{"id":115,"date":"2026-05-13T08:26:36","date_gmt":"2026-05-13T06:26:36","guid":{"rendered":"\/doctorpuigvert2026\/?p=115"},"modified":"2026-05-13T08:26:36","modified_gmt":"2026-05-13T06:26:36","slug":"entre-assajos-presa-de-decisions-i-creacio","status":"publish","type":"post","link":"\/doctorpuigvert2026\/entre-assajos-presa-de-decisions-i-creacio\/","title":{"rendered":"Entre assajos, presa de decisions i creaci\u00f3."},"content":{"rendered":"  Al projecte En Resid\u00e8ncia artistes als instituts, impulsat pel Consorci d\u2019Educaci\u00f3 de Barcelona i l\u2019ICUB, l\u2019aula esdev\u00e9 un espai de creaci\u00f3 viu on els estudiants experimenten, assagen i construeixen llenguatge esc\u00e8nic propi. <br \/><br \/>  Actualment, el grup es troba immers en la pr\u00e0ctica d\u2019exercicis d\u2019arts esc\u00e8niques que donaran forma a la pe\u00e7a final, alhora que inicia el proc\u00e9s de tria de vestuari, entenent-lo com una extensi\u00f3 expressiva del cos i de la pe\u00e7a.<br \/><br \/>  La pe\u00e7a final es presentar\u00e0 durant aquests \u00faltims mesos del curs escolar, culminant un proc\u00e9s intens de recerca, prova i descoberta compartida.<br \/><br \/>  L&#8217;experi\u00e8ncia posa en valor la pres\u00e8ncia de l\u2019artista dins el centre educatiu com a agent transformador, capa\u00e7 d\u2019obrir nous imaginaris i metodologies. Tal com defensa la UNESCO (2026), \u201cl\u2019acc\u00e9s a la cultura i la participaci\u00f3 en la vida cultural s\u00f3n drets fonamentals de tota persona\u201d. Incorporar l\u2019art a l\u2019educaci\u00f3 no \u00e9s nom\u00e9s enriquir el curr\u00edculum, sin\u00f3 garantir aquests drets, fomentant una educaci\u00f3 m\u00e9s cr\u00edtica, sensible i connectada amb el m\u00f3n. <br \/><br \/>   Aquestes imatges, s\u00f3n evid\u00e8ncia del proc\u00e9s que es fa a l&#8217;aula. ","protected":false},"excerpt":{"rendered":"<p>Al projecte En Resid\u00e8ncia artistes als instituts, impulsat pel Consorci d\u2019Educaci\u00f3 de Barcelona i l\u2019ICUB, l\u2019aula esdev\u00e9 un espai de creaci\u00f3 viu on els estudiants experimenten, assagen i construeixen llenguatge esc\u00e8nic propi. Actualment, el grup es troba immers en la pr\u00e0ctica d\u2019exercicis d\u2019arts esc\u00e8niques que donaran forma a la pe\u00e7a final, alhora que inicia el &hellip; <\/p>\n<p class=\"link-more\"><a href=\"\/doctorpuigvert2026\/entre-assajos-presa-de-decisions-i-creacio\/\" class=\"more-link\">Continua llegint <span class=\"screen-reader-text\">\u00abEntre assajos, presa de decisions i creaci\u00f3.\u00bb<\/span><\/a><\/p>\n","protected":false},"author":4,"featured_media":118,"comment_status":"closed","ping_status":"","sticky":false,"template":"","format":"standard","meta":{"footnotes":""},"categories":[1],"tags":[],"class_list":["post-115","post","type-post","status-publish","format-standard","has-post-thumbnail","hentry","category-general"],"_links":{"self":[{"href":"\/doctorpuigvert2026\/wp-json\/wp\/v2\/posts\/115","targetHints":{"allow":["GET"]}}],"collection":[{"href":"\/doctorpuigvert2026\/wp-json\/wp\/v2\/posts"}],"about":[{"href":"\/doctorpuigvert2026\/wp-json\/wp\/v2\/types\/post"}],"author":[{"embeddable":true,"href":"\/doctorpuigvert2026\/wp-json\/wp\/v2\/users\/4"}],"replies":[{"embeddable":true,"href":"\/doctorpuigvert2026\/wp-json\/wp\/v2\/comments?post=115"}],"version-history":[{"count":1,"href":"\/doctorpuigvert2026\/wp-json\/wp\/v2\/posts\/115\/revisions"}],"predecessor-version":[{"id":116,"href":"\/doctorpuigvert2026\/wp-json\/wp\/v2\/posts\/115\/revisions\/116"}],"wp:featuredmedia":[{"embeddable":true,"href":"\/doctorpuigvert2026\/wp-json\/wp\/v2\/media\/118"}],"wp:attachment":[{"href":"\/doctorpuigvert2026\/wp-json\/wp\/v2\/media?parent=115"}],"wp:term":[{"taxonomy":"category","embeddable":true,"href":"\/doctorpuigvert2026\/wp-json\/wp\/v2\/categories?post=115"},{"taxonomy":"post_tag","embeddable":true,"href":"\/doctorpuigvert2026\/wp-json\/wp\/v2\/tags?post=115"}],"curies":[{"name":"wp","href":"https:\/\/api.w.org\/{rel}","templated":true}]}}