{"id":68,"date":"2026-01-14T15:30:02","date_gmt":"2026-01-14T13:30:02","guid":{"rendered":"\/doctorpuigvert2026\/?p=68"},"modified":"2026-01-14T18:27:00","modified_gmt":"2026-01-14T16:27:00","slug":"introduccio-al-vidre","status":"publish","type":"post","link":"\/doctorpuigvert2026\/introduccio-al-vidre\/","title":{"rendered":"Introducci\u00f3 al vidre"},"content":{"rendered":"\n<p class=\"wp-block-paragraph\">L&#8217;alumnat d&#8217;En Resid\u00e8ncia de l&#8217;Institut Dr. Puigvert ja ha comen\u00e7at a explorar el treball amb vidre, el material de refer\u00e8ncia de l&#8217;artista Vivian Friedrich.<\/p>\n\n\n\n<figure class=\"wp-block-gallery has-nested-images columns-default is-cropped wp-block-gallery-1 is-layout-flex wp-block-gallery-is-layout-flex\"><div class=\"wp-block-image\">\n<figure class=\"aligncenter size-large\"><img loading=\"lazy\" decoding=\"async\" width=\"1263\" height=\"711\" data-id=\"89\" src=\"\/doctorpuigvert2026\/wp-content\/uploads\/2026\/01\/WhatsApp-Image-2026-01-08-at-12.19.31-1-edited.jpeg\" alt=\"\" class=\"wp-image-89\" srcset=\"\/doctorpuigvert2026\/wp-content\/uploads\/2026\/01\/WhatsApp-Image-2026-01-08-at-12.19.31-1-edited.jpeg 1263w, \/doctorpuigvert2026\/wp-content\/uploads\/2026\/01\/WhatsApp-Image-2026-01-08-at-12.19.31-1-edited-300x169.jpeg 300w, \/doctorpuigvert2026\/wp-content\/uploads\/2026\/01\/WhatsApp-Image-2026-01-08-at-12.19.31-1-edited-1024x576.jpeg 1024w, \/doctorpuigvert2026\/wp-content\/uploads\/2026\/01\/WhatsApp-Image-2026-01-08-at-12.19.31-1-edited-768x432.jpeg 768w\" sizes=\"auto, (max-width: 767px) 89vw, (max-width: 1000px) 54vw, (max-width: 1071px) 543px, 580px\" \/><\/figure>\n<\/div>\n\n<div class=\"wp-block-image\">\n<figure class=\"aligncenter size-large\"><img loading=\"lazy\" decoding=\"async\" width=\"900\" height=\"506\" data-id=\"88\" src=\"\/doctorpuigvert2026\/wp-content\/uploads\/2026\/01\/WhatsApp-Image-2026-01-08-at-12.19.31-edited-1.jpeg\" alt=\"\" class=\"wp-image-88\" srcset=\"\/doctorpuigvert2026\/wp-content\/uploads\/2026\/01\/WhatsApp-Image-2026-01-08-at-12.19.31-edited-1.jpeg 900w, \/doctorpuigvert2026\/wp-content\/uploads\/2026\/01\/WhatsApp-Image-2026-01-08-at-12.19.31-edited-1-300x169.jpeg 300w, \/doctorpuigvert2026\/wp-content\/uploads\/2026\/01\/WhatsApp-Image-2026-01-08-at-12.19.31-edited-1-768x432.jpeg 768w\" sizes=\"auto, (max-width: 767px) 89vw, (max-width: 1000px) 54vw, (max-width: 1071px) 543px, 580px\" \/><\/figure>\n<\/div><\/figure>\n","protected":false},"excerpt":{"rendered":"<p>L&#8217;alumnat d&#8217;En Resid\u00e8ncia de l&#8217;Institut Dr. Puigvert ja ha comen\u00e7at a explorar el treball amb vidre, el material de refer\u00e8ncia de l&#8217;artista Vivian Friedrich.<\/p>\n","protected":false},"author":5,"featured_media":0,"comment_status":"closed","ping_status":"","sticky":false,"template":"","format":"standard","meta":{"footnotes":""},"categories":[1],"tags":[],"class_list":["post-68","post","type-post","status-publish","format-standard","hentry","category-general"],"_links":{"self":[{"href":"\/doctorpuigvert2026\/wp-json\/wp\/v2\/posts\/68","targetHints":{"allow":["GET"]}}],"collection":[{"href":"\/doctorpuigvert2026\/wp-json\/wp\/v2\/posts"}],"about":[{"href":"\/doctorpuigvert2026\/wp-json\/wp\/v2\/types\/post"}],"author":[{"embeddable":true,"href":"\/doctorpuigvert2026\/wp-json\/wp\/v2\/users\/5"}],"replies":[{"embeddable":true,"href":"\/doctorpuigvert2026\/wp-json\/wp\/v2\/comments?post=68"}],"version-history":[{"count":4,"href":"\/doctorpuigvert2026\/wp-json\/wp\/v2\/posts\/68\/revisions"}],"predecessor-version":[{"id":90,"href":"\/doctorpuigvert2026\/wp-json\/wp\/v2\/posts\/68\/revisions\/90"}],"wp:attachment":[{"href":"\/doctorpuigvert2026\/wp-json\/wp\/v2\/media?parent=68"}],"wp:term":[{"taxonomy":"category","embeddable":true,"href":"\/doctorpuigvert2026\/wp-json\/wp\/v2\/categories?post=68"},{"taxonomy":"post_tag","embeddable":true,"href":"\/doctorpuigvert2026\/wp-json\/wp\/v2\/tags?post=68"}],"curies":[{"name":"wp","href":"https:\/\/api.w.org\/{rel}","templated":true}]}}