{"id":48,"date":"2023-02-21T13:29:25","date_gmt":"2023-02-21T11:29:25","guid":{"rendered":"https:\/\/blocsenresidencia.bcn.cat\/eixample2023\/?p=48"},"modified":"2023-02-21T13:29:25","modified_gmt":"2023-02-21T11:29:25","slug":"una-contaminacio-espectacular","status":"publish","type":"post","link":"https:\/\/blocsenresidencia.bcn.cat\/eixample2023\/2023\/02\/21\/una-contaminacio-espectacular\/","title":{"rendered":"Una contaminaci\u00f3 espectacular!"},"content":{"rendered":"\n<p class=\"wp-block-paragraph\">Una jornada de Contaminaci\u00f3 amb molta il\u00b7lusi\u00f3, alguns nervis, per\u00f2 molt ben gestionada pel propi alumnat. <\/p>\n\n\n\n<p class=\"wp-block-paragraph\">\u00abVam comen\u00e7ar el dia amb molta energia, posant tots els materials a l&#8217;espai \u00c0gora del nostre centre, per poder mostrar la feina feta a l&#8217;alumnat de 5\u00e8 i 6\u00e8 de prim\u00e0ria\u00bb que com b\u00e9 diu tamb\u00e9 l&#8217;\u00c8lia; \u00ab&#8230; les nenes i les nens van parar molta atenci\u00f3 a les nostres explicacions\u00bb i ens va ajudar molt a poder ensenyar tot el que hav\u00edem treballat fins al moment.<\/p>\n\n\n\n<p class=\"wp-block-paragraph\">El primer va ser fer una sessi\u00f3 en la que vam programar tot el que vol\u00edem mostrar. Fer una pluja d&#8217;idees, concretar l&#8217;espai, organitzar les tasques&#8230; tot pensat per poder preparar-ho el millor possible.<\/p>\n\n\n\n<figure class=\"wp-block-image size-large\"><img loading=\"lazy\" decoding=\"async\" width=\"1024\" height=\"768\" src=\"https:\/\/blocsenresidencia.bcn.cat\/eixample2023\/wp-content\/uploads\/2023\/02\/20230126_103933-1024x768.jpg\" alt=\"\" class=\"wp-image-49\" srcset=\"https:\/\/blocsenresidencia.bcn.cat\/eixample2023\/wp-content\/uploads\/2023\/02\/20230126_103933-1024x768.jpg 1024w, https:\/\/blocsenresidencia.bcn.cat\/eixample2023\/wp-content\/uploads\/2023\/02\/20230126_103933-300x225.jpg 300w, https:\/\/blocsenresidencia.bcn.cat\/eixample2023\/wp-content\/uploads\/2023\/02\/20230126_103933-768x576.jpg 768w, https:\/\/blocsenresidencia.bcn.cat\/eixample2023\/wp-content\/uploads\/2023\/02\/20230126_103933-1536x1152.jpg 1536w, https:\/\/blocsenresidencia.bcn.cat\/eixample2023\/wp-content\/uploads\/2023\/02\/20230126_103933-2048x1536.jpg 2048w\" sizes=\"auto, (max-width: 767px) 89vw, (max-width: 1000px) 54vw, (max-width: 1071px) 543px, 580px\" \/><figcaption class=\"wp-element-caption\">Organitzaci\u00f3 de la jornada <\/figcaption><\/figure>\n\n\n\n<p class=\"wp-block-paragraph\">El mateix dia de la Contaminaci\u00f3, va ser molt emocionant, la Yue ens ho explica aix\u00ed; \u00abEn el moment de  la contaminaci\u00f3 jo era la guia i la Tyra m&#8217;acompanyava. Durant la primera ronda jo estava molt nerviosa en pensar que alguna cosa podria anar malament, per\u00f2 no! En acabar vaig pensar que havia sortit excel\u00b7lent.\u00a0 Primer vam acompanyar els de cinqu\u00e8 de prim\u00e0ria en l&#8217;espai de les ulleres virtuals i ens vam repartir les tasques; la Tyra acompanyant les persones per veure si estaven b\u00e9\u00a0 en l&#8217;espai de les ulleres virtuals i jo acompanyant als altres 4 nens a parlar sobre els escrits i les activitats que hav\u00edem fet al llarg del trimestre. Em vaig quedar sense saber qu\u00e8 dir i la Marisa em va ajuda a explicar. <\/p>\n\n\n\n<p class=\"wp-block-paragraph\">Quan vam acabar de fer aix\u00f2, ven r\u00e0pidament vam anar cap a la sala de les histories i els nens i les nenes s\u2019ho va passar molt b\u00e9 i van riure molt perqu\u00e8 les hist\u00f2ries eren s\u00faper divertides i en vam poder llegir unes quantes.<\/p>\n\n\n\n<p class=\"wp-block-paragraph\">Despr\u00e9s, a la sala de l&#8217;\u00e0udio visual, els va agradar molt pel v\u00eddeo en el que sortia un petit  mono i l&#8217;\u00e0nec nadant amb una m\u00fasica i uns sons de fons molt relacionat amb les imatges del v\u00eddeo. Al final vaig perdre el veu per parlar molt.\u00bb<\/p>\n\n\n\n<figure class=\"wp-block-image size-large\"><img loading=\"lazy\" decoding=\"async\" width=\"1024\" height=\"768\" src=\"https:\/\/blocsenresidencia.bcn.cat\/eixample2023\/wp-content\/uploads\/2023\/02\/20230209_093319-1024x768.jpg\" alt=\"\" class=\"wp-image-50\" srcset=\"https:\/\/blocsenresidencia.bcn.cat\/eixample2023\/wp-content\/uploads\/2023\/02\/20230209_093319-1024x768.jpg 1024w, https:\/\/blocsenresidencia.bcn.cat\/eixample2023\/wp-content\/uploads\/2023\/02\/20230209_093319-300x225.jpg 300w, https:\/\/blocsenresidencia.bcn.cat\/eixample2023\/wp-content\/uploads\/2023\/02\/20230209_093319-768x576.jpg 768w, https:\/\/blocsenresidencia.bcn.cat\/eixample2023\/wp-content\/uploads\/2023\/02\/20230209_093319-1536x1152.jpg 1536w, https:\/\/blocsenresidencia.bcn.cat\/eixample2023\/wp-content\/uploads\/2023\/02\/20230209_093319-2048x1536.jpg 2048w\" sizes=\"auto, (max-width: 767px) 89vw, (max-width: 1000px) 54vw, (max-width: 1071px) 543px, 580px\" \/><figcaption class=\"wp-element-caption\">Provant les ulleres virtuals<\/figcaption><\/figure>\n\n\n\n<figure class=\"wp-block-image size-large\"><img loading=\"lazy\" decoding=\"async\" width=\"1024\" height=\"768\" src=\"https:\/\/blocsenresidencia.bcn.cat\/eixample2023\/wp-content\/uploads\/2023\/02\/20230209_093234-1024x768.jpg\" alt=\"\" class=\"wp-image-51\" srcset=\"https:\/\/blocsenresidencia.bcn.cat\/eixample2023\/wp-content\/uploads\/2023\/02\/20230209_093234-1024x768.jpg 1024w, https:\/\/blocsenresidencia.bcn.cat\/eixample2023\/wp-content\/uploads\/2023\/02\/20230209_093234-300x225.jpg 300w, https:\/\/blocsenresidencia.bcn.cat\/eixample2023\/wp-content\/uploads\/2023\/02\/20230209_093234-768x576.jpg 768w, https:\/\/blocsenresidencia.bcn.cat\/eixample2023\/wp-content\/uploads\/2023\/02\/20230209_093234-1536x1152.jpg 1536w, https:\/\/blocsenresidencia.bcn.cat\/eixample2023\/wp-content\/uploads\/2023\/02\/20230209_093234-2048x1536.jpg 2048w\" sizes=\"auto, (max-width: 767px) 89vw, (max-width: 1000px) 54vw, (max-width: 1071px) 543px, 580px\" \/><figcaption class=\"wp-element-caption\">Llegint els relats que hav\u00edem escrit<\/figcaption><\/figure>\n\n\n\n<figure class=\"wp-block-image size-large\"><img loading=\"lazy\" decoding=\"async\" width=\"1024\" height=\"768\" src=\"https:\/\/blocsenresidencia.bcn.cat\/eixample2023\/wp-content\/uploads\/2023\/02\/20230209_093214-1024x768.jpg\" alt=\"\" class=\"wp-image-52\" srcset=\"https:\/\/blocsenresidencia.bcn.cat\/eixample2023\/wp-content\/uploads\/2023\/02\/20230209_093214-1024x768.jpg 1024w, https:\/\/blocsenresidencia.bcn.cat\/eixample2023\/wp-content\/uploads\/2023\/02\/20230209_093214-300x225.jpg 300w, https:\/\/blocsenresidencia.bcn.cat\/eixample2023\/wp-content\/uploads\/2023\/02\/20230209_093214-768x576.jpg 768w, https:\/\/blocsenresidencia.bcn.cat\/eixample2023\/wp-content\/uploads\/2023\/02\/20230209_093214-1536x1152.jpg 1536w, https:\/\/blocsenresidencia.bcn.cat\/eixample2023\/wp-content\/uploads\/2023\/02\/20230209_093214-2048x1536.jpg 2048w\" sizes=\"auto, (max-width: 767px) 89vw, (max-width: 1000px) 54vw, (max-width: 1071px) 543px, 580px\" \/><figcaption class=\"wp-element-caption\">La zona de l&#8217;\u00e0udio visual va ser un \u00e8xit<\/figcaption><\/figure>\n\n\n\n<figure class=\"wp-block-image size-large\"><img loading=\"lazy\" decoding=\"async\" width=\"768\" height=\"1024\" src=\"https:\/\/blocsenresidencia.bcn.cat\/eixample2023\/wp-content\/uploads\/2023\/02\/20230209_093307-768x1024.jpg\" alt=\"\" class=\"wp-image-55\" srcset=\"https:\/\/blocsenresidencia.bcn.cat\/eixample2023\/wp-content\/uploads\/2023\/02\/20230209_093307-768x1024.jpg 768w, https:\/\/blocsenresidencia.bcn.cat\/eixample2023\/wp-content\/uploads\/2023\/02\/20230209_093307-225x300.jpg 225w, https:\/\/blocsenresidencia.bcn.cat\/eixample2023\/wp-content\/uploads\/2023\/02\/20230209_093307-1152x1536.jpg 1152w, https:\/\/blocsenresidencia.bcn.cat\/eixample2023\/wp-content\/uploads\/2023\/02\/20230209_093307-1536x2048.jpg 1536w, https:\/\/blocsenresidencia.bcn.cat\/eixample2023\/wp-content\/uploads\/2023\/02\/20230209_093307-scaled.jpg 1920w\" sizes=\"auto, (max-width: 767px) 89vw, (max-width: 1000px) 54vw, (max-width: 1071px) 543px, 580px\" \/><figcaption class=\"wp-element-caption\">I la maqueta del nostre futur producte final!!!<\/figcaption><\/figure>\n\n\n\n<p class=\"wp-block-paragraph\">No nom\u00e9s va venir l&#8217;alumnat de 5\u00e8 i 6\u00e8 de prim\u00e0ria, tamb\u00e9 el professorat de secund\u00e0ria, prim\u00e0ria i infantil va poder visitar l&#8217;espai i, com no podria ser d&#8217;una altra manera, vam convidar a la resta de companys i companyes de 3r d&#8217;ESO!<\/p>\n","protected":false},"excerpt":{"rendered":"<p>Una jornada de Contaminaci\u00f3 amb molta il\u00b7lusi\u00f3, alguns nervis, per\u00f2 molt ben gestionada pel propi alumnat. \u00abVam comen\u00e7ar el dia amb molta energia, posant tots els materials a l&#8217;espai \u00c0gora del nostre centre, per poder mostrar la feina feta a l&#8217;alumnat de 5\u00e8 i 6\u00e8 de prim\u00e0ria\u00bb que com b\u00e9 diu tamb\u00e9 l&#8217;\u00c8lia; \u00ab&#8230; les &hellip; <\/p>\n<p class=\"link-more\"><a href=\"https:\/\/blocsenresidencia.bcn.cat\/eixample2023\/2023\/02\/21\/una-contaminacio-espectacular\/\" class=\"more-link\">Continua llegint <span class=\"screen-reader-text\">\u00abUna contaminaci\u00f3 espectacular!\u00bb<\/span><\/a><\/p>\n","protected":false},"author":4,"featured_media":0,"comment_status":"open","ping_status":"open","sticky":false,"template":"","format":"standard","meta":{"footnotes":""},"categories":[1],"tags":[],"class_list":["post-48","post","type-post","status-publish","format-standard","hentry","category-general"],"_links":{"self":[{"href":"https:\/\/blocsenresidencia.bcn.cat\/eixample2023\/wp-json\/wp\/v2\/posts\/48","targetHints":{"allow":["GET"]}}],"collection":[{"href":"https:\/\/blocsenresidencia.bcn.cat\/eixample2023\/wp-json\/wp\/v2\/posts"}],"about":[{"href":"https:\/\/blocsenresidencia.bcn.cat\/eixample2023\/wp-json\/wp\/v2\/types\/post"}],"author":[{"embeddable":true,"href":"https:\/\/blocsenresidencia.bcn.cat\/eixample2023\/wp-json\/wp\/v2\/users\/4"}],"replies":[{"embeddable":true,"href":"https:\/\/blocsenresidencia.bcn.cat\/eixample2023\/wp-json\/wp\/v2\/comments?post=48"}],"version-history":[{"count":1,"href":"https:\/\/blocsenresidencia.bcn.cat\/eixample2023\/wp-json\/wp\/v2\/posts\/48\/revisions"}],"predecessor-version":[{"id":56,"href":"https:\/\/blocsenresidencia.bcn.cat\/eixample2023\/wp-json\/wp\/v2\/posts\/48\/revisions\/56"}],"wp:attachment":[{"href":"https:\/\/blocsenresidencia.bcn.cat\/eixample2023\/wp-json\/wp\/v2\/media?parent=48"}],"wp:term":[{"taxonomy":"category","embeddable":true,"href":"https:\/\/blocsenresidencia.bcn.cat\/eixample2023\/wp-json\/wp\/v2\/categories?post=48"},{"taxonomy":"post_tag","embeddable":true,"href":"https:\/\/blocsenresidencia.bcn.cat\/eixample2023\/wp-json\/wp\/v2\/tags?post=48"}],"curies":[{"name":"wp","href":"https:\/\/api.w.org\/{rel}","templated":true}]}}