{"id":374,"date":"2024-10-16T10:52:20","date_gmt":"2024-10-16T08:52:20","guid":{"rendered":"\/eixample2025\/?p=374"},"modified":"2024-12-04T13:08:26","modified_gmt":"2024-12-04T11:08:26","slug":"aterratge-ie-eixample","status":"publish","type":"post","link":"\/eixample2025\/aterratge-ie-eixample\/","title":{"rendered":"Aterratge a l&#8217;IE Eixample"},"content":{"rendered":"\n<p class=\"wp-block-paragraph\"><\/p>\n\n\n\n<p class=\"wp-block-paragraph\">Hem comen\u00e7at En Resid\u00e8ncia amb l&#8217;autor i actor Roc Esquius, i amb el V\u00edctor Mu\u00f1oz de la Sala Becket. El grup de l&#8217;optativa \u00abArtistes en resid\u00e8ncia\u00bb el componen quinze estudiants de tercer, inquiets intel\u00b7lectualment i amb ganes de participar en la creaci\u00f3 d&#8217;una pe\u00e7a teatral al llarg de tot el curs. Els docents que acompanyem el grup som la Marta Arteaga i l&#8217;Eduard Mayn\u00e9s. Les primeres sessions han estat de contacte amb el grup i amb l&#8217;espai i hem comen\u00e7at fent t\u00e8cniques teatrals i d&#8217;escriptura, i de cohesi\u00f3 de grup.<\/p>\n\n\n\n<p class=\"wp-block-paragraph\"><\/p>\n\n\n\n<p class=\"wp-block-paragraph\">Alguns comentaris&#8230;<\/p>\n\n\n\n<p class=\"wp-block-paragraph\"><a>Berta Canelles Dom\u00e8nech<\/a><\/p>\n\n\n\n<p class=\"wp-block-paragraph\">De moment crec que he encertat molt aquesta optativa i que \u00e9s molt interessant. No \u00e9s el que esperava per\u00f2 m&#8217;est\u00e0 agradant bastant. M&#8217;ha agradat molt la din\u00e0mica de poder interpretar les nostres pr\u00f2pies escenes i veure la dels altres grups. \u00c9s molt original!!<\/p>\n\n\n\n<p class=\"wp-block-paragraph\"><\/p>\n\n\n\n<p class=\"wp-block-paragraph\"><a>Valentina Garc\u00eda Del Moral<\/a><\/p>\n\n\n\n<p class=\"wp-block-paragraph\">Quan va arribar el Roc pensava que aniria cap a una altra banda i que no m&#8217;aniria a agradar i me&#8217;n penediria d&#8217;haver escollit aquesta optativa, per\u00f2 des de la 1a activitat em va semblar superdivertida i did\u00e0ctica. A m\u00e9s tenia una idea, i amb l&#8217;activitat que vam fer la vaig poder desenvolupar tal com l&#8217;imaginava. Aquestes dues primeres sessions han sigut molt interessants, tinc moltes ganes de veure cap a on va aquest projecte!<\/p>\n\n\n\n<p class=\"has-large-font-size wp-block-paragraph\"><\/p>\n\n\n\n<p class=\"wp-block-paragraph\"><\/p>\n","protected":false},"excerpt":{"rendered":"<p>Alguns comentaris&#8230;<\/p>\n<p>Valentina Garc\u00eda Del Moral10:34<br \/>\nQuan va arribar el Roc pensava que aniria cap a una altra banda i que no m&#8217;aniria a agradar i me&#8217;n penediria d&#8217;haver escollit aquesta optativa, per\u00f2 des de la 1a activitat em va semblar superdivertida i did\u00e0ctica. A m\u00e9s tenia una idea, i amb l&#8217;activitat que vam fer la vaig poder desenvolupar tal com l&#8217;imaginava. Aquestes dues primeres sessions han sigut molt interessants, tinc moltes ganes de veure cap a on va aquest projecte!<\/p>\n<p>Berta Canelles Dom\u00e8nech10:42<br \/>\nDe moment crec que he encertat molt aquesta optativa i que \u00e9s molt interessant. No \u00e9s el que esperava per\u00f2 m&#8217;est\u00e0 agradant bastant. M&#8217;ha agradat molt la din\u00e0mica de poder interpretar les nostres pr\u00f2pies escenes i veure la dels altres grups. \u00c9s molt original!!<\/p>\n","protected":false},"author":15,"featured_media":378,"comment_status":"open","ping_status":"open","sticky":false,"template":"","format":"standard","meta":{"footnotes":""},"categories":[1],"tags":[],"class_list":["post-374","post","type-post","status-publish","format-standard","has-post-thumbnail","hentry","category-general"],"_links":{"self":[{"href":"\/eixample2025\/wp-json\/wp\/v2\/posts\/374","targetHints":{"allow":["GET"]}}],"collection":[{"href":"\/eixample2025\/wp-json\/wp\/v2\/posts"}],"about":[{"href":"\/eixample2025\/wp-json\/wp\/v2\/types\/post"}],"author":[{"embeddable":true,"href":"\/eixample2025\/wp-json\/wp\/v2\/users\/15"}],"replies":[{"embeddable":true,"href":"\/eixample2025\/wp-json\/wp\/v2\/comments?post=374"}],"version-history":[{"count":10,"href":"\/eixample2025\/wp-json\/wp\/v2\/posts\/374\/revisions"}],"predecessor-version":[{"id":425,"href":"\/eixample2025\/wp-json\/wp\/v2\/posts\/374\/revisions\/425"}],"wp:featuredmedia":[{"embeddable":true,"href":"\/eixample2025\/wp-json\/wp\/v2\/media\/378"}],"wp:attachment":[{"href":"\/eixample2025\/wp-json\/wp\/v2\/media?parent=374"}],"wp:term":[{"taxonomy":"category","embeddable":true,"href":"\/eixample2025\/wp-json\/wp\/v2\/categories?post=374"},{"taxonomy":"post_tag","embeddable":true,"href":"\/eixample2025\/wp-json\/wp\/v2\/tags?post=374"}],"curies":[{"name":"wp","href":"https:\/\/api.w.org\/{rel}","templated":true}]}}