{"id":395,"date":"2024-10-30T12:53:45","date_gmt":"2024-10-30T10:53:45","guid":{"rendered":"\/eixample2025\/?p=395"},"modified":"2024-12-04T12:56:10","modified_gmt":"2024-12-04T10:56:10","slug":"a-la-cuina-de-lautor","status":"publish","type":"post","link":"\/eixample2025\/a-la-cuina-de-lautor\/","title":{"rendered":"A la cuina de l&#8217;autor"},"content":{"rendered":"\n<p class=\"wp-block-paragraph\"><br><br>29\/10\/2024<br>Ahir vam poder entrar a fons en els temes, \u00e8tica, personatges&#8230;, i la t\u00e8cnica de l&#8217;obra (iMe) de la qual hav\u00edem fet una lectura dramatitzada la setmana passada. Quines sensacions vau tenir?<br><img decoding=\"async\" src=\"\/eixample2025\/wp-content\/uploads\/2024\/10\/20241029_093624_resized-1024x524.jpg\" alt=\"\"><br><a>Uma Albert\u00ed Mart\u00ednez<\/a><br>Hem va semblar una obra molt interessant i molt divertida. Hem va agradar molt la xerrada que vam tenir ja que vam poder reflexionar molt sobre les xarxes socials i trobo que es un tema molt importar el qual no sabem tots els perills i crec que la nostra generaci\u00f3 a de tenir mes conscienci\u00e0 sobre els perills de les xarxes socials.<br>Valentina:<br>Han sigut dos sessions molt interesants, en las que vam llegir l&#8217;obra de teatre d&#8217;en roc \u00abIme\u00bb i despr\u00e9s lavam comentar amb ell. Van sortir molts temes i molts punts de vista interesants que ens van fer reflexionar i a donar-nos de que aquesta obra de teatre s&#8217;assebla m\u00e9s i est\u00e0 m\u00e9s aprop nostre del que creiem i pensem.<br><img decoding=\"async\" src=\"\/eixample2025\/wp-content\/uploads\/2024\/10\/20241029_091353-768x1024.jpg\" alt=\"\"><br><a>Ananiyas Vercammen<\/a><br>Ahir\u00a0va\u00a0estar bastant\u00a0tranquil\u00b7la cosa\u00a0que\u00a0em va\u00a0agradar molt. Tamb\u00e9\u00a0al principi per\u00a0connectar-nos\u00a0vam\u00a0fer un joc bastant\u00a0interessant\u00a0i que calia estar\u00a0connectat\u00a0per\u00a0entera-se. Com\u00a0he dit abans va ser una classe\u00a0tranquil\u00b7la\u00a0i al final\u00a0em va\u00a0agradar molt\u00a0perqu\u00e8\u00a0vam\u00a0parlar de temes\u00a0interessant<\/p>\n","protected":false},"excerpt":{"rendered":"<p>29\/10\/2024Ahir vam poder entrar a fons en els temes, \u00e8tica, personatges&#8230;, i la t\u00e8cnica de l&#8217;obra (iMe) de la qual hav\u00edem fet una lectura dramatitzada la setmana passada. Quines sensacions vau tenir?Uma Albert\u00ed Mart\u00ednezHem va semblar una obra molt interessant i molt divertida. Hem va agradar molt la xerrada que vam tenir ja que vam &hellip; <\/p>\n<p class=\"link-more\"><a href=\"\/eixample2025\/a-la-cuina-de-lautor\/\" class=\"more-link\">Continua llegint <span class=\"screen-reader-text\">\u00abA la cuina de l&#8217;autor\u00bb<\/span><\/a><\/p>\n","protected":false},"author":15,"featured_media":0,"comment_status":"open","ping_status":"open","sticky":false,"template":"","format":"standard","meta":{"footnotes":""},"categories":[1],"tags":[],"class_list":["post-395","post","type-post","status-publish","format-standard","hentry","category-general"],"_links":{"self":[{"href":"\/eixample2025\/wp-json\/wp\/v2\/posts\/395","targetHints":{"allow":["GET"]}}],"collection":[{"href":"\/eixample2025\/wp-json\/wp\/v2\/posts"}],"about":[{"href":"\/eixample2025\/wp-json\/wp\/v2\/types\/post"}],"author":[{"embeddable":true,"href":"\/eixample2025\/wp-json\/wp\/v2\/users\/15"}],"replies":[{"embeddable":true,"href":"\/eixample2025\/wp-json\/wp\/v2\/comments?post=395"}],"version-history":[{"count":2,"href":"\/eixample2025\/wp-json\/wp\/v2\/posts\/395\/revisions"}],"predecessor-version":[{"id":420,"href":"\/eixample2025\/wp-json\/wp\/v2\/posts\/395\/revisions\/420"}],"wp:attachment":[{"href":"\/eixample2025\/wp-json\/wp\/v2\/media?parent=395"}],"wp:term":[{"taxonomy":"category","embeddable":true,"href":"\/eixample2025\/wp-json\/wp\/v2\/categories?post=395"},{"taxonomy":"post_tag","embeddable":true,"href":"\/eixample2025\/wp-json\/wp\/v2\/tags?post=395"}],"curies":[{"name":"wp","href":"https:\/\/api.w.org\/{rel}","templated":true}]}}